{"id":124287,"date":"2006-09-29T11:01:28","date_gmt":"2006-09-29T11:01:28","guid":{"rendered":"http:\/\/diariodominicano.ddns.net\/?p=124287"},"modified":"2006-09-29T11:01:28","modified_gmt":"2006-09-29T11:01:28","slug":"ee-uu-aporta-39-6-millones-por-dr-cafta-para-mejoras-en-campos-laboral-y-de-proteccion-ambiental","status":"publish","type":"post","link":"https:\/\/diariodominicano.com\/?p=124287","title":{"rendered":"EE UU aporta $39.6 millones por DR-Cafta para mejoras en campos laboral y de protecci\u00f3n ambiental"},"content":{"rendered":"<p><body><\/p>\n<p align=\"justify\" class=\"titulogrande1\"><strong>EE  UU aporta $39.6 millones por DR-Cafta para mejoras en campos laboral y de  protecci\u00f3n ambiental<\/strong><\/p>\n<p>&#13;<\/p>\n<p align=\"justify\" class=\"text1noticias\"><strong>Washington  &#8211;<\/strong> El Departamento de Estado anunci\u00f3  el jueves \u00a0una ayuda de $39.6 millones  como aporte de Estados Unidos para facilitar las acciones de mejoramiento de  sus socios centroamericanos de libre comercio en los campos laboral y de  protecci\u00f3n ambiental.<br \/>&#13;<br \/>\n  <br \/>&#13;<br \/>\n  Ese  monto complementa iniciativas que est\u00e1n ya en marcha en esas \u00e1reas en El  Salvador, Honduras, Nicaragua, Guatemala, Costa Rica y Rep\u00fablica Dominicana, y  que recibieron $19.84 millones de apoyo estadounidense el a\u00f1o pasado, dijo el  portavoz Sean McCormack.<br \/>&#13;<br \/>\n  <br \/>&#13;<br \/>\n  Las  mejoras asegurar\u00e1n que los beneficios del libre comercio, contenidos en el  tratado conocido como CAFTA-RD, lleguen a \u201cun amplio espectro de esas sociedades\u201d,  afirm\u00f3 en una declaraci\u00f3n escrita.<br \/>&#13;<br \/>\n  <br \/>&#13;<br \/>\n  El  anuncio coincide con las gestiones de la administraci\u00f3n del presidente George  W. Bush en favor de los tratados de libre comercio con Per\u00fa y Colombia, sobre  los cuales algunos miembros del Congreso adelantaban que iban a ser rigurosos  en sus provisiones sobre derechos laborales y protecci\u00f3n ambiental.<br \/>&#13;<br \/>\n  McCormack  dijo que los proyectos a ser financiados con el nuevo aporte son de inter\u00e9s  local y regional y fueron identificados en consulta con los gobiernos involucrados.<br \/>&#13;<br \/>\n  <br \/>&#13;<br \/>\n  Del  total de la ayuda de 2006, 21.1 millones se destinar\u00e1n al \u00e1rea laboral para  programas de fortalecimiento de los ministerios de trabajo para la  profesionalizaci\u00f3n de inspectores laborales, as\u00ed como organizaciones locales  que contribuyan a la eficiencia de la misi\u00f3n de esos ministerios.<br \/>&#13;<br \/>\n  <br \/>&#13;<br \/>\nLa  parte destinada a proyectos ambientales \u2014$18.5 millones\u2014 buscar\u00e1 mejorar la  implementaci\u00f3n de las leyes en ese campo; fortalecer las normas sobre  biodiversidad y conservaci\u00f3n; promover actividades como el turismo ecol\u00f3gico y  agricultura sostenible; mejorar el rendimiento medioambiental del sector  privado y financiar obligaciones espec\u00edficas derivadas del tratado para  promover la participaci\u00f3n p\u00fablica y efectivo cumplimiento de las regulaciones.<\/p>\n<p>&#13;<\/p>\n<h6> 2006-09-29 11:01:28 <\/h6>\n<p><!--\n<link rel=\"stylesheet\" href=\"css\/bootstrap.min.css\">\n\n\n<ul class=\"pagination\">\n\t    \n\t\n\n<li >\n\t<a href='?page_no=30166'>Previous<\/a>\n\t<\/li>\n\n\n       \n    \n\n<li><a href='?page_no=1'>1<\/a><\/li>\n\n\n\n<li><a href='?page_no=2'>2<\/a><\/li>\n\n\n\n<li><a>...<\/a><\/li>\n\n\n\n<li><a href='?page_no=30165'>30165<\/a><\/li>\n\n\n\n<li><a href='?page_no=30166'>30166<\/a><\/li>\n\n\n\n<li class='active'><a>30167<\/a><\/li>\n\n\n\n<li><a href='?page_no=30168'>30168<\/a><\/li>\n\n\n\n<li><a href='?page_no=30169'>30169<\/a><\/li>\n\n\n\n<li><a>...<\/a><\/li>\n\n\n\n<li><a href='?page_no=30472'>30472<\/a><\/li>\n\n\n\n<li><a href='?page_no=30473'>30473<\/a><\/li>\n\n    \n\t\n\n<li >\n\t<a href='?page_no=30168'>Next<\/a>\n\t<\/li>\n\n\n    \n\n<li><a href='?page_no=30473'>Last &rsaquo;&rsaquo;<\/a><\/li>\n\n<\/ul>\n\n\n--><br \/>\n<\/body><\/p>\n","protected":false},"excerpt":{"rendered":"<p>EE UU aporta $39.6 millones por DR-Cafta para mejoras en campos laboral y de protecci\u00f3n ambiental &#13; Washington &#8211; El Departamento de Estado anunci\u00f3 el jueves \u00a0una ayuda de $39.6 millones como aporte de Estados Unidos para facilitar las acciones de mejoramiento de sus socios centroamericanos de libre comercio en los campos laboral y de [&hellip;]<\/p>\n","protected":false},"author":3,"featured_media":0,"comment_status":"open","ping_status":"open","sticky":false,"template":"","format":"standard","meta":{"footnotes":""},"categories":[18],"tags":[],"class_list":["post-124287","post","type-post","status-publish","format-standard","hentry","category-economia"],"_links":{"self":[{"href":"https:\/\/diariodominicano.com\/index.php?rest_route=\/wp\/v2\/posts\/124287","targetHints":{"allow":["GET"]}}],"collection":[{"href":"https:\/\/diariodominicano.com\/index.php?rest_route=\/wp\/v2\/posts"}],"about":[{"href":"https:\/\/diariodominicano.com\/index.php?rest_route=\/wp\/v2\/types\/post"}],"author":[{"embeddable":true,"href":"https:\/\/diariodominicano.com\/index.php?rest_route=\/wp\/v2\/users\/3"}],"replies":[{"embeddable":true,"href":"https:\/\/diariodominicano.com\/index.php?rest_route=%2Fwp%2Fv2%2Fcomments&post=124287"}],"version-history":[{"count":0,"href":"https:\/\/diariodominicano.com\/index.php?rest_route=\/wp\/v2\/posts\/124287\/revisions"}],"wp:attachment":[{"href":"https:\/\/diariodominicano.com\/index.php?rest_route=%2Fwp%2Fv2%2Fmedia&parent=124287"}],"wp:term":[{"taxonomy":"category","embeddable":true,"href":"https:\/\/diariodominicano.com\/index.php?rest_route=%2Fwp%2Fv2%2Fcategories&post=124287"},{"taxonomy":"post_tag","embeddable":true,"href":"https:\/\/diariodominicano.com\/index.php?rest_route=%2Fwp%2Fv2%2Ftags&post=124287"}],"curies":[{"name":"wp","href":"https:\/\/api.w.org\/{rel}","templated":true}]}}