{"id":124284,"date":"2006-09-29T12:24:29","date_gmt":"2006-09-29T12:24:29","guid":{"rendered":"http:\/\/diariodominicano.ddns.net\/?p=124284"},"modified":"2006-09-29T12:24:29","modified_gmt":"2006-09-29T12:24:29","slug":"la-cmt-rebajara-hasta-un-47-las-tarifas-que-se-cobran-entre-si-las-operadoras-moviles","status":"publish","type":"post","link":"https:\/\/diariodominicano.com\/?p=124284","title":{"rendered":"La CMT rebajar\u00e1 hasta un 47% las tarifas que se cobran entre s\u00ed las operadoras m\u00f3viles"},"content":{"rendered":"<p><body><\/p>\n<p class=\"titulogrande1\">La CMT rebajar\u00e1 hasta un  47% las tarifas que se cobran entre s\u00ed las operadoras m\u00f3viles\u00a0\u00a0 <\/p>\n<p>&#13;<\/p>\n<p align=\"justify\"><strong>MADRID.- <\/strong><span class=\"text1noticias\">La Comisi\u00f3n del Mercado de Telecomunicaciones (CMT) ha anunciado que en los  pr\u00f3ximos tres a\u00f1os reducir\u00e1 las tarifas de terminaci\u00f3n entre un 41 y un 47%.  Estas tarifas son las que las operadoras se cobran entre s\u00ed cuando las llamadas  terminan en su red y provienen de otra compa\u00f1\u00eda.<br \/>&#13;<br \/>\n  <br \/>&#13;<br \/>\n  En  un principio la CMT propon\u00eda una bajada de las tarifas de terminaci\u00f3n del 47,7%  para las llamadas a Movistar, de un 48,8% para llamadas a Vodafone y del 54,3%  para las que tienen como destinatario un abonado de Amena aunque ha rectificado  despu\u00e9s de recibir las alegaciones de las tres compa\u00f1\u00edas que consideraban la  rebaja desproporcionada.<br \/>&#13;<br \/>\n  <br \/>&#13;<br \/>\n  La  CMT ha decidido finalmente extender a tres a\u00f1os el plazo de la senda de  convergencia de precios. Ha establecido un intervalo de regulaci\u00f3n comprendido  entre octubre de 2006 y septiembre de 2009. Al final del periodo de regulaci\u00f3n,  el precio medio de terminaci\u00f3n ser\u00e1 el mismo en cada una de las redes de los  tres operadores y quedar\u00e1 fijado en 0,07 \u20ac por minuto, lo que supone una  reducci\u00f3n de los precios de entre el 41% y el 47% al final del periodo, seg\u00fan  ha anunciado en un comunicado.<br \/>&#13;<br \/>\n  <br \/>&#13;<br \/>\nLa  propuesta de la CMT hab\u00eda sido muy bien recibida por los consumidores pues  estas tarifas incrementan l\u00f3gicamente al final las llamadas de los  consumidores. Aunque su efecto sobre la factura final del consumidor depender\u00e1  de en qu\u00e9 medida las compa\u00f1\u00edas trasladen la reducci\u00f3n a sus clientes. Seg\u00fan  Facua, \u00abgracias al importante desfase permitido por la CMT entre los  ingresos y los costes relativos a la interconexi\u00f3n, las tres compa\u00f1\u00edas de  m\u00f3viles ingresan cada a\u00f1o unos 2.500 millones de euros extra\u00bb.<\/span><\/p>\n<p>&#13;<\/p>\n<h6> 2006-09-29 12:24:29 <\/h6>\n<p><!--\n<link rel=\"stylesheet\" href=\"css\/bootstrap.min.css\">\n\n\n<ul class=\"pagination\">\n\t    \n\t\n\n<li >\n\t<a href='?page_no=30163'>Previous<\/a>\n\t<\/li>\n\n\n       \n    \n\n<li><a href='?page_no=1'>1<\/a><\/li>\n\n\n\n<li><a href='?page_no=2'>2<\/a><\/li>\n\n\n\n<li><a>...<\/a><\/li>\n\n\n\n<li><a href='?page_no=30162'>30162<\/a><\/li>\n\n\n\n<li><a href='?page_no=30163'>30163<\/a><\/li>\n\n\n\n<li class='active'><a>30164<\/a><\/li>\n\n\n\n<li><a href='?page_no=30165'>30165<\/a><\/li>\n\n\n\n<li><a href='?page_no=30166'>30166<\/a><\/li>\n\n\n\n<li><a>...<\/a><\/li>\n\n\n\n<li><a href='?page_no=30472'>30472<\/a><\/li>\n\n\n\n<li><a href='?page_no=30473'>30473<\/a><\/li>\n\n    \n\t\n\n<li >\n\t<a href='?page_no=30165'>Next<\/a>\n\t<\/li>\n\n\n    \n\n<li><a href='?page_no=30473'>Last &rsaquo;&rsaquo;<\/a><\/li>\n\n<\/ul>\n\n\n--><br \/>\n<\/body><\/p>\n","protected":false},"excerpt":{"rendered":"<p>La CMT rebajar\u00e1 hasta un 47% las tarifas que se cobran entre s\u00ed las operadoras m\u00f3viles\u00a0\u00a0 &#13; MADRID.- La Comisi\u00f3n del Mercado de Telecomunicaciones (CMT) ha anunciado que en los pr\u00f3ximos tres a\u00f1os reducir\u00e1 las tarifas de terminaci\u00f3n entre un 41 y un 47%. Estas tarifas son las que las operadoras se cobran entre s\u00ed [&hellip;]<\/p>\n","protected":false},"author":3,"featured_media":0,"comment_status":"open","ping_status":"open","sticky":false,"template":"","format":"standard","meta":{"footnotes":""},"categories":[18],"tags":[],"class_list":["post-124284","post","type-post","status-publish","format-standard","hentry","category-economia"],"_links":{"self":[{"href":"https:\/\/diariodominicano.com\/index.php?rest_route=\/wp\/v2\/posts\/124284","targetHints":{"allow":["GET"]}}],"collection":[{"href":"https:\/\/diariodominicano.com\/index.php?rest_route=\/wp\/v2\/posts"}],"about":[{"href":"https:\/\/diariodominicano.com\/index.php?rest_route=\/wp\/v2\/types\/post"}],"author":[{"embeddable":true,"href":"https:\/\/diariodominicano.com\/index.php?rest_route=\/wp\/v2\/users\/3"}],"replies":[{"embeddable":true,"href":"https:\/\/diariodominicano.com\/index.php?rest_route=%2Fwp%2Fv2%2Fcomments&post=124284"}],"version-history":[{"count":0,"href":"https:\/\/diariodominicano.com\/index.php?rest_route=\/wp\/v2\/posts\/124284\/revisions"}],"wp:attachment":[{"href":"https:\/\/diariodominicano.com\/index.php?rest_route=%2Fwp%2Fv2%2Fmedia&parent=124284"}],"wp:term":[{"taxonomy":"category","embeddable":true,"href":"https:\/\/diariodominicano.com\/index.php?rest_route=%2Fwp%2Fv2%2Fcategories&post=124284"},{"taxonomy":"post_tag","embeddable":true,"href":"https:\/\/diariodominicano.com\/index.php?rest_route=%2Fwp%2Fv2%2Ftags&post=124284"}],"curies":[{"name":"wp","href":"https:\/\/api.w.org\/{rel}","templated":true}]}}