{"id":124279,"date":"2006-09-29T12:32:40","date_gmt":"2006-09-29T12:32:40","guid":{"rendered":"http:\/\/diariodominicano.ddns.net\/?p=124279"},"modified":"2006-09-29T12:32:40","modified_gmt":"2006-09-29T12:32:40","slug":"ford-y-abengoa-se-unen-para-potenciar-el-uso-del-bioetanol-como-combustible-para-vehiculos","status":"publish","type":"post","link":"https:\/\/diariodominicano.com\/?p=124279","title":{"rendered":"Ford y Abengoa se unen para potenciar el uso del bioetanol como combustible para veh\u00edculos"},"content":{"rendered":"<p><body><\/p>\n<p class=\"titulogrande1\">Ford y Abengoa se unen para  potenciar el uso del bioetanol como combustible para veh\u00edculos\u00a0\u00a0<\/p>\n<p>&#13;<\/p>\n<p align=\"justify\"><strong>MADRID.- <\/strong><span class=\"text1noticias\">Ford Espa\u00f1a y Abengoa Bioenerg\u00eda anunciaron el jueves la firma de un acuerdo de  colaboraci\u00f3n para desarrollar en nuestro pa\u00eds el mercado de veh\u00edculos que  pueden utilizar el bioetanol como combustible. Adem\u00e1s, la alianza impulsar\u00e1  tambi\u00e9n el desarrollo de las redes de producci\u00f3n y distribuci\u00f3n de este  biocarburante.<br \/>&#13;<br \/>\n  <br \/>&#13;<br \/>\n  Gracias  a la firma del acuerdo, ambas compa\u00f1\u00edas trabajar\u00e1n juntas con el objetivo de  establecer un marco de actuaci\u00f3n para el desarrollo en el mercado tanto del  parque de veh\u00edculos flexibles como del Bioetanol E85. Este producto, fabricado  por Abengoa Bioenerg\u00eda y compuesto en un 85% por bioetanol y en un 15% por  gasolina, es un combustible cuya energ\u00eda es renovable y que representa una  alternativa -m\u00e1s ecol\u00f3gica y menos contaminante- a los combustibles f\u00f3siles  tradicionales.<br \/>&#13;<br \/>\n  <br \/>&#13;<br \/>\n  El  bioetanol es un alcohol producido a partir de ma\u00edz, patatas, trigo, ca\u00f1a de  az\u00facar, e incluso de tallos de ma\u00edz y residuos vegetales. En mezclas con  gasolina, este combustible promueve una mejor combusti\u00f3n, por lo que consigue  reducir considerablemente las emisiones contaminantes que expulsan los  veh\u00edculos por el tubo de escape, como mon\u00f3xido de carbono e hidrocarburos.<br \/>&#13;<br \/>\n  <br \/>&#13;<br \/>\n  <strong>Suecia  o Brasil, ejemplos a seguir<\/strong> <br \/>&#13;<br \/>\n  <br \/>&#13;<br \/>\n  Dentro  del proyecto firmado por Abengoa y Ford se enmarca la creaci\u00f3n de una red de  distribuci\u00f3n del E85, para su abastecimiento en toda Espa\u00f1a tal como sucede ya  en otros pa\u00edses europeos como Suecia. En el pa\u00eds n\u00f3rdico ya existen una gran  cantidad de veh\u00edculos que utilizan activamente el E85 como combustible  habitual, ya que \u00e9ste se encuentra disponible en m\u00e1s de 500 estaciones de  servicio, repartidas por todo su territorio.<br \/>&#13;<br \/>\n  <br \/>&#13;<br \/>\nSin  embargo, uno de los pa\u00edses m\u00e1s envidiados en este \u00e1mbito a nivel mundial es  Brasil, donde el 40% del parque automovil\u00edstico, unos 22 millones de veh\u00edculos,  utilizan el bioetanol para funcionar. En la naci\u00f3n carioca el biocombustible  fue una apuesta personal de su presidente, Lula da Silva, para conseguir  convertirse en una naci\u00f3n energ\u00e9ticamente independiente. De esta manera, Da  Silva ha conseguido convertir a su pa\u00eds en el primer productor y exportador  mundial de etanol, y en un ejemplo a seguir en materia de energ\u00edas renovables.<\/span><\/p>\n<p>&#13;<\/p>\n<h6> 2006-09-29 12:32:40 <\/h6>\n<p><!--\n<link rel=\"stylesheet\" href=\"css\/bootstrap.min.css\">\n\n\n<ul class=\"pagination\">\n\t    \n\t\n\n<li >\n\t<a href='?page_no=30158'>Previous<\/a>\n\t<\/li>\n\n\n       \n    \n\n<li><a href='?page_no=1'>1<\/a><\/li>\n\n\n\n<li><a href='?page_no=2'>2<\/a><\/li>\n\n\n\n<li><a>...<\/a><\/li>\n\n\n\n<li><a href='?page_no=30157'>30157<\/a><\/li>\n\n\n\n<li><a href='?page_no=30158'>30158<\/a><\/li>\n\n\n\n<li class='active'><a>30159<\/a><\/li>\n\n\n\n<li><a href='?page_no=30160'>30160<\/a><\/li>\n\n\n\n<li><a href='?page_no=30161'>30161<\/a><\/li>\n\n\n\n<li><a>...<\/a><\/li>\n\n\n\n<li><a href='?page_no=30472'>30472<\/a><\/li>\n\n\n\n<li><a href='?page_no=30473'>30473<\/a><\/li>\n\n    \n\t\n\n<li >\n\t<a href='?page_no=30160'>Next<\/a>\n\t<\/li>\n\n\n    \n\n<li><a href='?page_no=30473'>Last &rsaquo;&rsaquo;<\/a><\/li>\n\n<\/ul>\n\n\n--><br \/>\n<\/body><\/p>\n","protected":false},"excerpt":{"rendered":"<p>Ford y Abengoa se unen para potenciar el uso del bioetanol como combustible para veh\u00edculos\u00a0\u00a0 &#13; MADRID.- Ford Espa\u00f1a y Abengoa Bioenerg\u00eda anunciaron el jueves la firma de un acuerdo de colaboraci\u00f3n para desarrollar en nuestro pa\u00eds el mercado de veh\u00edculos que pueden utilizar el bioetanol como combustible. Adem\u00e1s, la alianza impulsar\u00e1 tambi\u00e9n el desarrollo [&hellip;]<\/p>\n","protected":false},"author":3,"featured_media":0,"comment_status":"open","ping_status":"open","sticky":false,"template":"","format":"standard","meta":{"footnotes":""},"categories":[18],"tags":[],"class_list":["post-124279","post","type-post","status-publish","format-standard","hentry","category-economia"],"_links":{"self":[{"href":"https:\/\/diariodominicano.com\/index.php?rest_route=\/wp\/v2\/posts\/124279","targetHints":{"allow":["GET"]}}],"collection":[{"href":"https:\/\/diariodominicano.com\/index.php?rest_route=\/wp\/v2\/posts"}],"about":[{"href":"https:\/\/diariodominicano.com\/index.php?rest_route=\/wp\/v2\/types\/post"}],"author":[{"embeddable":true,"href":"https:\/\/diariodominicano.com\/index.php?rest_route=\/wp\/v2\/users\/3"}],"replies":[{"embeddable":true,"href":"https:\/\/diariodominicano.com\/index.php?rest_route=%2Fwp%2Fv2%2Fcomments&post=124279"}],"version-history":[{"count":0,"href":"https:\/\/diariodominicano.com\/index.php?rest_route=\/wp\/v2\/posts\/124279\/revisions"}],"wp:attachment":[{"href":"https:\/\/diariodominicano.com\/index.php?rest_route=%2Fwp%2Fv2%2Fmedia&parent=124279"}],"wp:term":[{"taxonomy":"category","embeddable":true,"href":"https:\/\/diariodominicano.com\/index.php?rest_route=%2Fwp%2Fv2%2Fcategories&post=124279"},{"taxonomy":"post_tag","embeddable":true,"href":"https:\/\/diariodominicano.com\/index.php?rest_route=%2Fwp%2Fv2%2Ftags&post=124279"}],"curies":[{"name":"wp","href":"https:\/\/api.w.org\/{rel}","templated":true}]}}