{"id":124277,"date":"2006-09-30T14:45:55","date_gmt":"2006-09-30T14:45:55","guid":{"rendered":"http:\/\/diariodominicano.ddns.net\/?p=124277"},"modified":"2006-09-30T14:45:55","modified_gmt":"2006-09-30T14:45:55","slug":"el-bid-e-intel-formalizaron-un-acuerdo-para-facilitar-el-acceso-a-los-beneficios-de-las-tecnologias-de-informacion-y-comunicacion-tic-en-america-latina-y-el-caribe","status":"publish","type":"post","link":"https:\/\/diariodominicano.com\/?p=124277","title":{"rendered":"El BID e Intel formalizaron un acuerdo para facilitar el acceso a los beneficios de las tecnolog\u00edas de informaci\u00f3n y comunicaci\u00f3n (TIC) en Am\u00e9rica Latina y el Caribe"},"content":{"rendered":"<p><body><\/p>\n<p class=\"titulogrande1\">El BID e Intel  formalizaron un acuerdo para facilitar el acceso a los beneficios de las tecnolog\u00edas de informaci\u00f3n y comunicaci\u00f3n  (TIC) en Am\u00e9rica Latina y el Caribe<\/p>\n<p>&#13;<\/p>\n<p align=\"justify\"><strong>Washington,  D.C. \u2013 <\/strong><span class=\"text1noticias\">El  Banco Interamericano de Desarrollo (BID) e Intel formalizaron un acuerdo para  facilitar el acceso a los beneficios de las <strong>tecnolog\u00edas de informaci\u00f3n y  comunicaci\u00f3n<\/strong> (TIC) en Am\u00e9rica Latina y el Caribe.<br \/>&#13;<br \/>\n  <br \/>&#13;<br \/>\n  El presidente  del BID, Luis Alberto Moreno, y el vicepresidente de Intel &#8211; Channel Platforms  Group, L. Wilton Agatstein, firmaron el convenio. El evento tuvo lugar en la  sede de la Organizaci\u00f3n  de las Naciones Unidas en NuevaYork, tras la reuni\u00f3n del Comit\u00e9 Directivo de  Global Alliance for ICT and Development (GAID). Asisti\u00f3 a la ceremonia Craig  Barrett, presidente del directorio de Intel y titular de GAID.<br \/>&#13;<br \/>\n  <br \/>&#13;<br \/>\n  Conforme al  acuerdo, las organizaciones contribuir\u00e1n al desarrollo de los pa\u00edses de Am\u00e9rica  Latina y el Caribe mediante soluciones efectivas de TIC y de conectividad  destinadas a apoyar el crecimiento econ\u00f3mico y social de la regi\u00f3n. El acuerdo  se\u00f1ala las siguientes \u00e1reas estrat\u00e9gicas de inter\u00e9s com\u00fan para el BID e Intel,  que constituyen el marco para la realizaci\u00f3n conjunta de proyectos espec\u00edficos:  (a) desarrollo de peque\u00f1as y medianas empresas;\u00a0 (b) educaci\u00f3n; y (c) comunidades  digitales y conexi\u00f3n para la mayor\u00eda. <br \/>&#13;<br \/>\n  <br \/>&#13;<br \/>\n  <strong>El BID<\/strong> es el banco de  desarrollo regional m\u00e1s grande y m\u00e1s antiguo y la principal fuente de  financiamiento multilateral para Am\u00e9rica Latina y el Caribe.\u00a0 Su misi\u00f3n es  ayudar a promover el desarrollo econ\u00f3mico y social, reducir la pobreza y  fortalecer las instituciones democr\u00e1ticas en los pa\u00edses de la regi\u00f3n.\u00a0 <a href=\"http:\/\/www.iadb.org\/\">www.iadb.org<\/a><br \/>&#13;<br \/>\n  <br \/>&#13;<br \/>\n  <strong>Intel<\/strong> es la empresa l\u00edder  mundial en innovaci\u00f3n en procesadores, desarrolla tecnolog\u00edas, productos e iniciativas  para avanzar constantemente en la forma en que las personas trabajan y viven.  Informaci\u00f3n adicional sobre Intel est\u00e1 disponible en <a href=\"http:\/\/www.intel.com\/pressroom\">www.intel.com\/pressroom<\/a>.<\/span><\/p>\n<p>&#13;<\/p>\n<h6> 2006-09-30 14:45:55 <\/h6>\n<p><!--\n<link rel=\"stylesheet\" href=\"css\/bootstrap.min.css\">\n\n\n<ul class=\"pagination\">\n\t    \n\t\n\n<li >\n\t<a href='?page_no=30156'>Previous<\/a>\n\t<\/li>\n\n\n       \n    \n\n<li><a href='?page_no=1'>1<\/a><\/li>\n\n\n\n<li><a href='?page_no=2'>2<\/a><\/li>\n\n\n\n<li><a>...<\/a><\/li>\n\n\n\n<li><a href='?page_no=30155'>30155<\/a><\/li>\n\n\n\n<li><a href='?page_no=30156'>30156<\/a><\/li>\n\n\n\n<li class='active'><a>30157<\/a><\/li>\n\n\n\n<li><a href='?page_no=30158'>30158<\/a><\/li>\n\n\n\n<li><a href='?page_no=30159'>30159<\/a><\/li>\n\n\n\n<li><a>...<\/a><\/li>\n\n\n\n<li><a href='?page_no=30472'>30472<\/a><\/li>\n\n\n\n<li><a href='?page_no=30473'>30473<\/a><\/li>\n\n    \n\t\n\n<li >\n\t<a href='?page_no=30158'>Next<\/a>\n\t<\/li>\n\n\n    \n\n<li><a href='?page_no=30473'>Last &rsaquo;&rsaquo;<\/a><\/li>\n\n<\/ul>\n\n\n--><br \/>\n<\/body><\/p>\n","protected":false},"excerpt":{"rendered":"<p>El BID e Intel formalizaron un acuerdo para facilitar el acceso a los beneficios de las tecnolog\u00edas de informaci\u00f3n y comunicaci\u00f3n (TIC) en Am\u00e9rica Latina y el Caribe &#13; Washington, D.C. \u2013 El Banco Interamericano de Desarrollo (BID) e Intel formalizaron un acuerdo para facilitar el acceso a los beneficios de las tecnolog\u00edas de informaci\u00f3n [&hellip;]<\/p>\n","protected":false},"author":3,"featured_media":0,"comment_status":"open","ping_status":"open","sticky":false,"template":"","format":"standard","meta":{"footnotes":""},"categories":[18],"tags":[],"class_list":["post-124277","post","type-post","status-publish","format-standard","hentry","category-economia"],"_links":{"self":[{"href":"https:\/\/diariodominicano.com\/index.php?rest_route=\/wp\/v2\/posts\/124277","targetHints":{"allow":["GET"]}}],"collection":[{"href":"https:\/\/diariodominicano.com\/index.php?rest_route=\/wp\/v2\/posts"}],"about":[{"href":"https:\/\/diariodominicano.com\/index.php?rest_route=\/wp\/v2\/types\/post"}],"author":[{"embeddable":true,"href":"https:\/\/diariodominicano.com\/index.php?rest_route=\/wp\/v2\/users\/3"}],"replies":[{"embeddable":true,"href":"https:\/\/diariodominicano.com\/index.php?rest_route=%2Fwp%2Fv2%2Fcomments&post=124277"}],"version-history":[{"count":0,"href":"https:\/\/diariodominicano.com\/index.php?rest_route=\/wp\/v2\/posts\/124277\/revisions"}],"wp:attachment":[{"href":"https:\/\/diariodominicano.com\/index.php?rest_route=%2Fwp%2Fv2%2Fmedia&parent=124277"}],"wp:term":[{"taxonomy":"category","embeddable":true,"href":"https:\/\/diariodominicano.com\/index.php?rest_route=%2Fwp%2Fv2%2Fcategories&post=124277"},{"taxonomy":"post_tag","embeddable":true,"href":"https:\/\/diariodominicano.com\/index.php?rest_route=%2Fwp%2Fv2%2Ftags&post=124277"}],"curies":[{"name":"wp","href":"https:\/\/api.w.org\/{rel}","templated":true}]}}