{"id":124275,"date":"2006-09-30T14:49:30","date_gmt":"2006-09-30T14:49:30","guid":{"rendered":"http:\/\/diariodominicano.ddns.net\/?p=124275"},"modified":"2006-09-30T14:49:30","modified_gmt":"2006-09-30T14:49:30","slug":"fortificaran-el-azucar-con-vitamina-a","status":"publish","type":"post","link":"https:\/\/diariodominicano.com\/?p=124275","title":{"rendered":"Fortificar\u00e1n el az\u00facar con vitamina A"},"content":{"rendered":"<p><body><\/p>\n<p class=\"titulogrande1\">Fortificar\u00e1n  el az\u00facar con vitamina A<\/p>\n<p>&#13;<\/p>\n<p align=\"justify\"><strong>SANTO  DOMINGO.-<\/strong><span class=\"text1noticias\">El director ejecutivo del Instituto Azucarero Dominicano inform\u00f3 \u00a0que las autoridades se proponen fortificar el  az\u00facar con vitamina A.\u00a0<br \/>&#13;<br \/>\n  <br \/>&#13;<br \/>\n  Faustino  Jim\u00e9nez manifest\u00f3 que para iniciar ese proceso en una primera etapa, ser\u00e1  construido un centro de premezcla en San Pedro de Macor\u00eds, con una inversi\u00f3n  que supera los 50 millones de pesos, aportados por la fundaci\u00f3n Bill Gates y  una contrapartida del Gobierno dominicano. <br \/>&#13;<br \/>\n  <br \/>&#13;<br \/>\n  Dijo \u00a0que el proyecto de fortificar el az\u00facar  cuenta, adem\u00e1s, con los auspicios de la Organizaci\u00f3n de las Naciones Unidas para la Agricultura (FAO), la Organizaci\u00f3n Mundial  de la Salud y la Organizaci\u00f3n Panamericana  de la salud. <br \/>&#13;<br \/>\n  <br \/>&#13;<br \/>\n  Dijo  que el centro de premezcla se empez\u00f3 a construir en unos terrenos donados por  el CEA, localizados en la autov\u00eda del Este, entre las carreteras Hato Mayor y  Ram\u00f3n Santana, 100   kil\u00f3metros al Este de la Rep\u00fablica Dominicana. <br \/>&#13;<br \/>\n  <br \/>&#13;<br \/>\n  Sostuvo que todos los equipos para el centro est\u00e1n disponibles, ya que ser\u00e1n  comprados en Guatemala. <br \/>&#13;<br \/>\n  <br \/>&#13;<br \/>\n  Jim\u00e9nez explic\u00f3 que la fortificaci\u00f3n del az\u00facar con vitamina A es un proceso  que se desarrollar\u00e1 en varias etapas hasta lograr la totalidad de la producci\u00f3n  nacional. <br \/>&#13;<br \/>\n  <br \/>&#13;<br \/>\n  Dijo que se tiene planeado instalar tres molinos y tres mezcladoras en el Central  Romana, \u00a0 por ser este ingenio el mayor productor de az\u00facar del pa\u00eds y  precis\u00f3 que los ingenios Col\u00f3n, Porvenir, Barahona y Consuelo ser\u00e1n incorporados  en forma paulatina. <br \/>&#13;<br \/>\n  <br \/>&#13;<br \/>\n  Destac\u00f3 la importancia de este proyecto y garantiz\u00f3 que esta fortificaci\u00f3n del  az\u00facar no implicar\u00e1 alzas en los precios del dulce.<\/span><\/p>\n<p>&#13;<\/p>\n<h6> 2006-09-30 14:49:30 <\/h6>\n<p><!--\n<link rel=\"stylesheet\" href=\"css\/bootstrap.min.css\">\n\n\n<ul class=\"pagination\">\n\t    \n\t\n\n<li >\n\t<a href='?page_no=30154'>Previous<\/a>\n\t<\/li>\n\n\n       \n    \n\n<li><a href='?page_no=1'>1<\/a><\/li>\n\n\n\n<li><a href='?page_no=2'>2<\/a><\/li>\n\n\n\n<li><a>...<\/a><\/li>\n\n\n\n<li><a href='?page_no=30153'>30153<\/a><\/li>\n\n\n\n<li><a href='?page_no=30154'>30154<\/a><\/li>\n\n\n\n<li class='active'><a>30155<\/a><\/li>\n\n\n\n<li><a href='?page_no=30156'>30156<\/a><\/li>\n\n\n\n<li><a href='?page_no=30157'>30157<\/a><\/li>\n\n\n\n<li><a>...<\/a><\/li>\n\n\n\n<li><a href='?page_no=30472'>30472<\/a><\/li>\n\n\n\n<li><a href='?page_no=30473'>30473<\/a><\/li>\n\n    \n\t\n\n<li >\n\t<a href='?page_no=30156'>Next<\/a>\n\t<\/li>\n\n\n    \n\n<li><a href='?page_no=30473'>Last &rsaquo;&rsaquo;<\/a><\/li>\n\n<\/ul>\n\n\n--><br \/>\n<\/body><\/p>\n","protected":false},"excerpt":{"rendered":"<p>Fortificar\u00e1n el az\u00facar con vitamina A &#13; SANTO DOMINGO.-El director ejecutivo del Instituto Azucarero Dominicano inform\u00f3 \u00a0que las autoridades se proponen fortificar el az\u00facar con vitamina A.\u00a0&#13; &#13; Faustino Jim\u00e9nez manifest\u00f3 que para iniciar ese proceso en una primera etapa, ser\u00e1 construido un centro de premezcla en San Pedro de Macor\u00eds, con una inversi\u00f3n que [&hellip;]<\/p>\n","protected":false},"author":3,"featured_media":0,"comment_status":"open","ping_status":"open","sticky":false,"template":"","format":"standard","meta":{"footnotes":""},"categories":[18],"tags":[],"class_list":["post-124275","post","type-post","status-publish","format-standard","hentry","category-economia"],"_links":{"self":[{"href":"https:\/\/diariodominicano.com\/index.php?rest_route=\/wp\/v2\/posts\/124275","targetHints":{"allow":["GET"]}}],"collection":[{"href":"https:\/\/diariodominicano.com\/index.php?rest_route=\/wp\/v2\/posts"}],"about":[{"href":"https:\/\/diariodominicano.com\/index.php?rest_route=\/wp\/v2\/types\/post"}],"author":[{"embeddable":true,"href":"https:\/\/diariodominicano.com\/index.php?rest_route=\/wp\/v2\/users\/3"}],"replies":[{"embeddable":true,"href":"https:\/\/diariodominicano.com\/index.php?rest_route=%2Fwp%2Fv2%2Fcomments&post=124275"}],"version-history":[{"count":0,"href":"https:\/\/diariodominicano.com\/index.php?rest_route=\/wp\/v2\/posts\/124275\/revisions"}],"wp:attachment":[{"href":"https:\/\/diariodominicano.com\/index.php?rest_route=%2Fwp%2Fv2%2Fmedia&parent=124275"}],"wp:term":[{"taxonomy":"category","embeddable":true,"href":"https:\/\/diariodominicano.com\/index.php?rest_route=%2Fwp%2Fv2%2Fcategories&post=124275"},{"taxonomy":"post_tag","embeddable":true,"href":"https:\/\/diariodominicano.com\/index.php?rest_route=%2Fwp%2Fv2%2Ftags&post=124275"}],"curies":[{"name":"wp","href":"https:\/\/api.w.org\/{rel}","templated":true}]}}