{"id":124273,"date":"2006-09-30T14:53:30","date_gmt":"2006-09-30T14:53:30","guid":{"rendered":"http:\/\/diariodominicano.ddns.net\/?p=124273"},"modified":"2006-09-30T14:53:30","modified_gmt":"2006-09-30T14:53:30","slug":"presidente-del-bid-destaca-la-importancia-de-las-estadisticas-para-medir-desempeno-del-sector-publico","status":"publish","type":"post","link":"https:\/\/diariodominicano.com\/?p=124273","title":{"rendered":"Presidente del BID destaca la importancia de las estad\u00edsticas para medir desempe\u00f1o del sector p\u00fablico"},"content":{"rendered":"<p><body><\/p>\n<p class=\"titulogrande1\">Presidente del  BID destaca la importancia de las estad\u00edsticas para medir desempe\u00f1o del sector  p\u00fablico<\/p>\n<p>&#13;<\/p>\n<p align=\"justify\"><strong>WASHINGTON.-<\/strong> <span class=\"text1noticias\">El  presidente del Banco Interamericano de Desarrollo, Luis Alberto Moreno, resalt\u00f3  el viernes\u00a0 la importancia de la  estad\u00edstica para medir el desempe\u00f1o de los gobiernos durante la conferencia Utilizando la estad\u00edstica para promover un  desarrollo incluyente: retos para Am\u00e9rica Latina y el Caribe.<br \/>&#13;<br \/>\n  <br \/>&#13;<br \/>\n  La conferencia,  que se llev\u00f3 a cabo en la sede del BID en Washington del 28 al 29 de  septiembre, es auspiciada por el BID y Par\u00eds 21, el consorcio para la  colaboraci\u00f3n en las estad\u00edsticas para el desarrollo en el siglo XXI.\u00a0 El  evento busca identificar los principales retos de la regi\u00f3n para mejorar el uso  de la informaci\u00f3n estad\u00edstica para apoyar un desarrollo incluyente y alcanzar  los Objetivos de Desarrollo del Milenio (ODM)\u00a0 en el 2015.<br \/>&#13;<br \/>\n  <br \/>&#13;<br \/>\n\u201cEl BID ha sido  y seguir\u00e1 siendo una entidad activa en el apoyo al desarrollo estad\u00edstico de la  regi\u00f3n, habiendo canalizado m\u00e1s de US $150 millones para la generaci\u00f3n de  mejores estad\u00edsticas, particularmente en el \u00e1rea social, en 12 pa\u00edses de la  regi\u00f3n\u201d, afirm\u00f3 Moreno al iniciar la conferencia. <br \/>&#13;<br \/>\n<br \/>&#13;<br \/>\nDestac\u00f3 la  relevancia de la estad\u00edstica en el proceso de toma de decisiones  gubernamentales, en asuntos relativos al desarrollo econ\u00f3mico y social y a la  superaci\u00f3n de la pobreza y la equidad.<br \/>&#13;<br \/>\n<br \/>&#13;<br \/>\n\u201cContar con  informaci\u00f3n oportuna, cre\u00edble y relevante es esencial para mejorar el desempe\u00f1o  del sector p\u00fablico y la legitimidad de los gobiernos\u201d, dijo Moreno. \u201cLa  generaci\u00f3n de datos de alta calidad, producidos a tiempo, ampliamente  accesibles y \u00fatiles para la gesti\u00f3n p\u00fablica es una prioridad en la agenda de  los gobiernos y de los institutos de estad\u00edstica de toda la regi\u00f3n\u201d.<br \/>&#13;<br \/>\n<br \/>&#13;<br \/>\nEl presidente  del BID agreg\u00f3 que la estad\u00edsitica como herramienta para medir el impacto de  pol\u00edticas y programas es a\u00fan mayor ahora que se han trazado metas sobre el  cumplimiento de objetivos concretos para el desarrollo en la regi\u00f3n, como es el  caso de los ODM y las metas de Oportunidades para la Mayor\u00eda (OPM), la iniciativa  lanzada por el BID en junio.<br \/>&#13;<br \/>\n<br \/>&#13;<br \/>\nAdem\u00e1s, subray\u00f3  la importancia de trabajar en el contexto de coordinaci\u00f3n en materia  estad\u00edstica representado en la regi\u00f3n por la Conferencia Estad\u00edstica  de las Am\u00e9ricas.<br \/>&#13;<br \/>\n<br \/>&#13;<br \/>\nPar\u00eds 21 fue  fundada en 1999 por la   Organizaci\u00f3n para Cooperaci\u00f3n y Desarrollo Econ\u00f3mico (OECD),  el Banco Mundial, la   Comisi\u00f3n Europea, el Fondo Monetario Internacional (FMI) y  las Naciones Unidas. <\/span><\/p>\n<p>&#13;<\/p>\n<h6> 2006-09-30 14:53:30 <\/h6>\n<p><!--\n<link rel=\"stylesheet\" href=\"css\/bootstrap.min.css\">\n\n\n<ul class=\"pagination\">\n\t    \n\t\n\n<li >\n\t<a href='?page_no=30152'>Previous<\/a>\n\t<\/li>\n\n\n       \n    \n\n<li><a href='?page_no=1'>1<\/a><\/li>\n\n\n\n<li><a href='?page_no=2'>2<\/a><\/li>\n\n\n\n<li><a>...<\/a><\/li>\n\n\n\n<li><a href='?page_no=30151'>30151<\/a><\/li>\n\n\n\n<li><a href='?page_no=30152'>30152<\/a><\/li>\n\n\n\n<li class='active'><a>30153<\/a><\/li>\n\n\n\n<li><a href='?page_no=30154'>30154<\/a><\/li>\n\n\n\n<li><a href='?page_no=30155'>30155<\/a><\/li>\n\n\n\n<li><a>...<\/a><\/li>\n\n\n\n<li><a href='?page_no=30472'>30472<\/a><\/li>\n\n\n\n<li><a href='?page_no=30473'>30473<\/a><\/li>\n\n    \n\t\n\n<li >\n\t<a href='?page_no=30154'>Next<\/a>\n\t<\/li>\n\n\n    \n\n<li><a href='?page_no=30473'>Last &rsaquo;&rsaquo;<\/a><\/li>\n\n<\/ul>\n\n\n--><br \/>\n<\/body><\/p>\n","protected":false},"excerpt":{"rendered":"<p>Presidente del BID destaca la importancia de las estad\u00edsticas para medir desempe\u00f1o del sector p\u00fablico &#13; WASHINGTON.- El presidente del Banco Interamericano de Desarrollo, Luis Alberto Moreno, resalt\u00f3 el viernes\u00a0 la importancia de la estad\u00edstica para medir el desempe\u00f1o de los gobiernos durante la conferencia Utilizando la estad\u00edstica para promover un desarrollo incluyente: retos para [&hellip;]<\/p>\n","protected":false},"author":3,"featured_media":0,"comment_status":"open","ping_status":"open","sticky":false,"template":"","format":"standard","meta":{"footnotes":""},"categories":[18],"tags":[],"class_list":["post-124273","post","type-post","status-publish","format-standard","hentry","category-economia"],"_links":{"self":[{"href":"https:\/\/diariodominicano.com\/index.php?rest_route=\/wp\/v2\/posts\/124273","targetHints":{"allow":["GET"]}}],"collection":[{"href":"https:\/\/diariodominicano.com\/index.php?rest_route=\/wp\/v2\/posts"}],"about":[{"href":"https:\/\/diariodominicano.com\/index.php?rest_route=\/wp\/v2\/types\/post"}],"author":[{"embeddable":true,"href":"https:\/\/diariodominicano.com\/index.php?rest_route=\/wp\/v2\/users\/3"}],"replies":[{"embeddable":true,"href":"https:\/\/diariodominicano.com\/index.php?rest_route=%2Fwp%2Fv2%2Fcomments&post=124273"}],"version-history":[{"count":0,"href":"https:\/\/diariodominicano.com\/index.php?rest_route=\/wp\/v2\/posts\/124273\/revisions"}],"wp:attachment":[{"href":"https:\/\/diariodominicano.com\/index.php?rest_route=%2Fwp%2Fv2%2Fmedia&parent=124273"}],"wp:term":[{"taxonomy":"category","embeddable":true,"href":"https:\/\/diariodominicano.com\/index.php?rest_route=%2Fwp%2Fv2%2Fcategories&post=124273"},{"taxonomy":"post_tag","embeddable":true,"href":"https:\/\/diariodominicano.com\/index.php?rest_route=%2Fwp%2Fv2%2Ftags&post=124273"}],"curies":[{"name":"wp","href":"https:\/\/api.w.org\/{rel}","templated":true}]}}