{"id":124268,"date":"2006-10-02T11:01:38","date_gmt":"2006-10-02T11:01:38","guid":{"rendered":"http:\/\/diariodominicano.ddns.net\/?p=124268"},"modified":"2006-10-02T11:01:38","modified_gmt":"2006-10-02T11:01:38","slug":"autoridades-del-banco-central-pide-a-los-agentes-economicos-no-dejarse-confundir-por-comentarios","status":"publish","type":"post","link":"https:\/\/diariodominicano.com\/?p=124268","title":{"rendered":"Autoridades del Banco Central pide a los agentes econ\u00f3micos no dejarse confundir por comentarios"},"content":{"rendered":"<p><body><\/p>\n<p align=\"justify\" class=\"titulogrande1\">Autoridades  del Banco Central pide a los agentes econ\u00f3micos no dejarse confundir por  comentarios<\/p>\n<p>&#13;<\/p>\n<p align=\"justify\" class=\"text1noticias\"><img loading=\"lazy\" decoding=\"async\" src=\"http:\/\/localhost:8080\/economia\/pictures\/banco central.jpg\" width=\"269\" height=\"211\" hspace=\"4\" align=\"left\" \/>SANTO DOMINGO.- Las autoridades del Banco  Central, han aclarado \u00a0que los  movimientos recientes de la tasa de cambio obedecen a razones coyunturales, \u00a0y exhortaron a los agentes econ\u00f3micos \u201ca no  dejarse confundir por los comentarios, ya que no existen razones fiscales ni  monetarias que generen presiones en el mercado monetario.<br \/>&#13;<br \/>\n  <br \/>&#13;<br \/>\n\u00a0Las  autoridades monetarias \u00a0entienden que los  movimientos en la tasa de cambio no tienen vocaci\u00f3n de permanencia, y atribuyen  los comentarios que se han generado al respecto a personas que pretenden  generar incertidumbre en el mercado \u201cpara lograr un mayor beneficio econ\u00f3mico  fruto de la especulaci\u00f3n\u201d.<br \/>&#13;<br \/>\n<br \/>&#13;<br \/>\n\u00a0El\u00a0 Banco Central precisa que su holgada posici\u00f3n  de reservas internacionales le permite, en caso de ser necesario, enfrentar  cualquier movimiento brusco en el mercado cambiario, para lo cual eval\u00faa  medidas a ser adoptadas en los pr\u00f3ximos d\u00edas.<br \/>&#13;<br \/>\n<br \/>&#13;<br \/>\n\u00a0\u201cDesde  el momento en que la tasa de cambio retome el comportamiento que ha venido  registrando en el a\u00f1o, quienes as\u00ed act\u00faen tendr\u00e1n p\u00e9rdidas\u201d, advierte la  instituci\u00f3n bancaria, en una nota informativa.<br \/>&#13;<br \/>\n<br \/>&#13;<br \/>\n\u00a0En  ese sentido, el BC recuerda que cuando se avecina diciembre se produce un mayor  flujo de divisas por turismo y remesas.<br \/>&#13;<br \/>\n<br \/>&#13;<br \/>\n\u00a0Adem\u00e1s,  anuncia que a partir del presente mes que inicia comenzar\u00e1 a reflejarse  ventajosamente en la econom\u00eda local la rebaja que desde hace varias semanas ha  venido registr\u00e1ndose en los precios internacionales del petr\u00f3leo. <br \/>&#13;<br \/>\n<br \/>&#13;<br \/>\n\u00a0El  Banco Central explica que en una econom\u00eda de mercado es normal que los precios  se ajusten en funci\u00f3n del volumen de transacciones y las expectativas de los  agentes, reiterando que en los actuales momentos el manejo de la liquidez de la  econom\u00eda no induce a la creaci\u00f3n de expectativas negativas en torno a la tasa  de cambio. <br \/>&#13;<br \/>\n<br \/>&#13;<br \/>\n\u00a0El  Banco Central tambi\u00e9n\u00a0 inform\u00f3 que al 26  de septiembre la emisi\u00f3n monetaria fue de RD$13,300 millones por debajo de la  meta indicativa acordada con el Fondo Monetario Internacional (FMI), un monto  inferior al pactado, no obstante haber fortalecido su posici\u00f3n de reservas  internacionales.<br \/>&#13;<br \/>\n<br \/>&#13;<br \/>\n\u00a0Indica  que el adecuado control de la liquidez en la econom\u00eda, unido al aumento en las  reservas internacionales netas, especialmente las disponibles, que ascienden a  cerca de US$1,000.0 millones, han permitido que recientemente la agencia Fitch  Ratings mejorara la calificaci\u00f3n de riesgo del pa\u00eds.<\/p>\n<p>&#13;<\/p>\n<h6> 2006-10-02 11:01:38 <\/h6>\n<p><!--\n<link rel=\"stylesheet\" href=\"css\/bootstrap.min.css\">\n\n\n<ul class=\"pagination\">\n\t    \n\t\n\n<li >\n\t<a href='?page_no=30147'>Previous<\/a>\n\t<\/li>\n\n\n       \n    \n\n<li><a href='?page_no=1'>1<\/a><\/li>\n\n\n\n<li><a href='?page_no=2'>2<\/a><\/li>\n\n\n\n<li><a>...<\/a><\/li>\n\n\n\n<li><a href='?page_no=30146'>30146<\/a><\/li>\n\n\n\n<li><a href='?page_no=30147'>30147<\/a><\/li>\n\n\n\n<li class='active'><a>30148<\/a><\/li>\n\n\n\n<li><a href='?page_no=30149'>30149<\/a><\/li>\n\n\n\n<li><a href='?page_no=30150'>30150<\/a><\/li>\n\n\n\n<li><a>...<\/a><\/li>\n\n\n\n<li><a href='?page_no=30472'>30472<\/a><\/li>\n\n\n\n<li><a href='?page_no=30473'>30473<\/a><\/li>\n\n    \n\t\n\n<li >\n\t<a href='?page_no=30149'>Next<\/a>\n\t<\/li>\n\n\n    \n\n<li><a href='?page_no=30473'>Last &rsaquo;&rsaquo;<\/a><\/li>\n\n<\/ul>\n\n\n--><br \/>\n<\/body><\/p>\n","protected":false},"excerpt":{"rendered":"<p>Autoridades del Banco Central pide a los agentes econ\u00f3micos no dejarse confundir por comentarios &#13; SANTO DOMINGO.- Las autoridades del Banco Central, han aclarado \u00a0que los movimientos recientes de la tasa de cambio obedecen a razones coyunturales, \u00a0y exhortaron a los agentes econ\u00f3micos \u201ca no dejarse confundir por los comentarios, ya que no existen razones [&hellip;]<\/p>\n","protected":false},"author":3,"featured_media":0,"comment_status":"open","ping_status":"open","sticky":false,"template":"","format":"standard","meta":{"footnotes":""},"categories":[18],"tags":[],"class_list":["post-124268","post","type-post","status-publish","format-standard","hentry","category-economia"],"_links":{"self":[{"href":"https:\/\/diariodominicano.com\/index.php?rest_route=\/wp\/v2\/posts\/124268","targetHints":{"allow":["GET"]}}],"collection":[{"href":"https:\/\/diariodominicano.com\/index.php?rest_route=\/wp\/v2\/posts"}],"about":[{"href":"https:\/\/diariodominicano.com\/index.php?rest_route=\/wp\/v2\/types\/post"}],"author":[{"embeddable":true,"href":"https:\/\/diariodominicano.com\/index.php?rest_route=\/wp\/v2\/users\/3"}],"replies":[{"embeddable":true,"href":"https:\/\/diariodominicano.com\/index.php?rest_route=%2Fwp%2Fv2%2Fcomments&post=124268"}],"version-history":[{"count":0,"href":"https:\/\/diariodominicano.com\/index.php?rest_route=\/wp\/v2\/posts\/124268\/revisions"}],"wp:attachment":[{"href":"https:\/\/diariodominicano.com\/index.php?rest_route=%2Fwp%2Fv2%2Fmedia&parent=124268"}],"wp:term":[{"taxonomy":"category","embeddable":true,"href":"https:\/\/diariodominicano.com\/index.php?rest_route=%2Fwp%2Fv2%2Fcategories&post=124268"},{"taxonomy":"post_tag","embeddable":true,"href":"https:\/\/diariodominicano.com\/index.php?rest_route=%2Fwp%2Fv2%2Ftags&post=124268"}],"curies":[{"name":"wp","href":"https:\/\/api.w.org\/{rel}","templated":true}]}}