{"id":124267,"date":"2006-10-02T11:04:41","date_gmt":"2006-10-02T11:04:41","guid":{"rendered":"http:\/\/diariodominicano.ddns.net\/?p=124267"},"modified":"2006-10-02T11:04:41","modified_gmt":"2006-10-02T11:04:41","slug":"franco-acra-tecniseguros-anuncia-expansion-de-sus-negocios-en-el-cibao-designa-un-nuevo-gerente-general-de-la-zona-norte","status":"publish","type":"post","link":"https:\/\/diariodominicano.com\/?p=124267","title":{"rendered":"Franco &amp; Acra Tecniseguros anuncia expansi\u00f3n de sus negocios en el Cibao;  designa un nuevo gerente general de la Zona Norte"},"content":{"rendered":"<p><body><\/p>\n<p align=\"justify\" class=\"titulogrande1\">Franco &amp; Acra Tecniseguros  anuncia expansi\u00f3n de sus negocios en el Cibao;\u00a0  designa un nuevo gerente general de la Zona Norte<\/p>\n<p>&#13;<\/p>\n<p align=\"justify\" class=\"text1noticias\">SANTIAGO.-La firma Franco &amp;  Acra Tecniseguros ratific\u00f3 su prop\u00f3sito de afianzar su liderazgo en el Cibao, y  en esa l\u00ednea de acci\u00f3n, anunci\u00f3 la designaci\u00f3n de su nuevo gerente general para  la Zona Norte,  y la aplicaci\u00f3n de nuevas estrategias y estructuras de servicios a beneficio de  sus clientes en la regi\u00f3n.<\/p>\n<p>&#13;<\/p>\n<p align=\"justify\" class=\"text1noticias\">El anuncio lo hizo el presidente  de Franco &amp; Acra Tecniseguros, Nelson Franco, durante un c\u00f3ctel que la  firma ofreci\u00f3 en esta ciudad con la finalidad de presentar formalmente a Jos\u00e9  Agust\u00edn Cepeda, como su nuevo gerente general de la Zona Norte.<\/p>\n<p>&#13;<\/p>\n<p align=\"justify\" class=\"text1noticias\">Destac\u00f3 que Franco &amp; Acra  Tecniseguros es la firma de corredur\u00eda y consultor\u00eda de seguros m\u00e1s importante  de la Rep\u00fablica   Dominicana con 33 a\u00f1os de experiencia y con una cartera \u00a0de m\u00e1s de 3,000 clientes, 165 empleados y  amplio acceso a los mercados internacionales de seguros a trav\u00e9s de su  corresponsal Marsh, quien a su vez es el Corredor de Seguros con mayor volumen  de operaciones a nivel mundial.<\/p>\n<p>&#13;<\/p>\n<p align=\"justify\" class=\"text1noticias\">En el transcurso de la actividad  se dieron\u00a0 a conocer tambi\u00e9n las nuevas estrategias  y estructura de servicios bajo las cuales est\u00e1 operando la sucursal de esta  firma en Santiago. La actividad se desarroll\u00f3 en el Centro Le\u00f3n de la ciudad de  Santiago, contando con el respaldo de los clientes de la zona, representantes  del sector asegurador, as\u00ed como los principales funcionarios de la empresa.<\/p>\n<p>&#13;<\/p>\n<p align=\"justify\" class=\"text1noticias\">Adem\u00e1s del licenciado Franco,  estuvieron presentes, Raymundo Acra, vicepresidente ejecutivo y Enrique Valdez,  vicepresidente, as\u00ed como otros ejecutivos que laboran en la sucursal y en la  sede principal.<\/p>\n<p>&#13;<\/p>\n<p align=\"justify\" class=\"text1noticias\">Al pronunciar las palabras  centrales del acto el licenciado Nelson Franco destac\u00f3 los principales valores  que caracterizan a la firma,resaltando la experiencia y agilidad como factores  claves del \u00e9xito yreafirmando\u00a0 el  compromiso de esta empresa de convertir la calidad enacci\u00f3n, basado en la  aplicaci\u00f3n de un sistema de gesti\u00f3n de la calidad decategor\u00eda mundial en todos  sus procesos, apoyado en la avanzada plataforma tecnol\u00f3gica puesta a  disposici\u00f3n de todos sus clientes, as\u00ed como una estructura de servicio que  descansa en unidades especializadas de acuerdo a las actividades de sus  clientes.<\/p>\n<p>&#13;<\/p>\n<p align=\"justify\" class=\"text1noticias\">Otro de los puntos importantes  que se dieron a conocer en dicha actividad, la cual se celebra en el marco de  su trig\u00e9simo tercer aniversario, fueron los cambios efectuados en la plataforma  y estructura de servicio bajo la cual opera la oficina de Santiago, incorporando  a Jos\u00e9 Agust\u00edn Cepeda en calidad de gerente general de la Zona Norte.<\/p>\n<p>&#13;<\/p>\n<p align=\"justify\" class=\"text1noticias\">Se destac\u00f3 que Cepeda tiene una  trayectoria de m\u00e1s de 20 a\u00f1os dentro de la empresa y un profundo conocimiento  en materia de seguros a nivel nacional e internacional.<\/p>\n<p>&#13;<\/p>\n<p align=\"justify\" class=\"text1noticias\">Con esta designaci\u00f3n la firma de  corredur\u00eda y consultor\u00eda Franco &amp; Acra Tecniseguros garantiza un servicio  personalizado, eficiente, profesional oportuno a todos sus clientes de la Zona Norte,  fortaleciendo y enriqueciendo sus relaciones con los mismos, indic\u00f3 el  licenciado Acra.<\/p>\n<p>&#13;<\/p>\n<p align=\"justify\" class=\"text1noticias\">Durante su intervenci\u00f3n, el  licenciado Jos\u00e9 Agust\u00edn Cepeda reforz\u00f3 el compromiso que ha asumido en brindar  un servicio con los m\u00e1s altosest\u00e1ndares de calidad, apoyado en un equipo de  trabajo altamente identificado con las necesidades de cada cliente.<\/p>\n<p>&#13;<\/p>\n<p align=\"justify\" class=\"text1noticias\">Al mismo tiempo, Cepeda enfatiz\u00f3  en que sus esfuerzos y dedicaci\u00f3n dar\u00e1n continuidad a las pautas trazadas por  la direcci\u00f3n de la empresa donde el servicio personalizado y especializado  seguir\u00e1 siendo la piedra angular que har\u00e1 la diferencia.<\/p>\n<p>&#13;<\/p>\n<p align=\"justify\" class=\"text1noticias\">\u201cFranco &amp; Acra Tecniseguros  es una gran empresa, que me ha dado la oportunidad de crecer conjuntamente con  ella. Es una empresa de socios con \u00a0una  calidad humana insuperable, \u00edntegros, que me han ense\u00f1ado el valor del \u00a0trabajo, la responsabilidad, la honestidad, el  respeto y la satisfacci\u00f3n del \u00a0deber cumplido\u201d.<\/p>\n<p>&#13;<\/p>\n<p align=\"justify\" class=\"text1noticias\">Indic\u00f3 que \u201ctener la oportunidad  de trabajar en el Cibao, tierra de gente laboriosa, solidaria, profundamente  comprometida con el desarrollo y el bienestar de su regi\u00f3n, es sumamente  gratificante y, adem\u00e1s, me compromete a ser parte de esta maquinaria que tantos  aportes hace a nuestro pa\u00eds\u201d.<\/p>\n<p>&#13;<\/p>\n<p align=\"justify\" class=\"text1noticias\">\u201cDesde hace ya muchos a\u00f1os he  estado trabajando con clientes de esta zona,entre los que se encuentra, el  Grupo Berm\u00fadez, Grupo Le\u00f3n Jimenes, La Cervecer\u00eda Vegana,  S. A., Aquiles Berm\u00fadez C. X. A., Grupo M, entre otros, manteniendo con todos  ellos fruct\u00edferas relaciones de trabajo. Por lo tanto,este compromiso que asumo  es en cierta forma una continuaci\u00f3n, ahora desde aqu\u00ed, del trabajo que ya he  venido realizando\u201d, precis\u00f3.<\/p>\n<p>&#13;<\/p>\n<h6> 2006-10-02 11:04:41 <\/h6>\n<p><!--\n<link rel=\"stylesheet\" href=\"css\/bootstrap.min.css\">\n\n\n<ul class=\"pagination\">\n\t    \n\t\n\n<li >\n\t<a href='?page_no=30146'>Previous<\/a>\n\t<\/li>\n\n\n       \n    \n\n<li><a href='?page_no=1'>1<\/a><\/li>\n\n\n\n<li><a href='?page_no=2'>2<\/a><\/li>\n\n\n\n<li><a>...<\/a><\/li>\n\n\n\n<li><a href='?page_no=30145'>30145<\/a><\/li>\n\n\n\n<li><a href='?page_no=30146'>30146<\/a><\/li>\n\n\n\n<li class='active'><a>30147<\/a><\/li>\n\n\n\n<li><a href='?page_no=30148'>30148<\/a><\/li>\n\n\n\n<li><a href='?page_no=30149'>30149<\/a><\/li>\n\n\n\n<li><a>...<\/a><\/li>\n\n\n\n<li><a href='?page_no=30472'>30472<\/a><\/li>\n\n\n\n<li><a href='?page_no=30473'>30473<\/a><\/li>\n\n    \n\t\n\n<li >\n\t<a href='?page_no=30148'>Next<\/a>\n\t<\/li>\n\n\n    \n\n<li><a href='?page_no=30473'>Last &rsaquo;&rsaquo;<\/a><\/li>\n\n<\/ul>\n\n\n--><br \/>\n<\/body><\/p>\n","protected":false},"excerpt":{"rendered":"<p>Franco &amp; Acra Tecniseguros anuncia expansi\u00f3n de sus negocios en el Cibao;\u00a0 designa un nuevo gerente general de la Zona Norte &#13; SANTIAGO.-La firma Franco &amp; Acra Tecniseguros ratific\u00f3 su prop\u00f3sito de afianzar su liderazgo en el Cibao, y en esa l\u00ednea de acci\u00f3n, anunci\u00f3 la designaci\u00f3n de su nuevo gerente general para la Zona [&hellip;]<\/p>\n","protected":false},"author":3,"featured_media":0,"comment_status":"open","ping_status":"open","sticky":false,"template":"","format":"standard","meta":{"footnotes":""},"categories":[18],"tags":[],"class_list":["post-124267","post","type-post","status-publish","format-standard","hentry","category-economia"],"_links":{"self":[{"href":"https:\/\/diariodominicano.com\/index.php?rest_route=\/wp\/v2\/posts\/124267","targetHints":{"allow":["GET"]}}],"collection":[{"href":"https:\/\/diariodominicano.com\/index.php?rest_route=\/wp\/v2\/posts"}],"about":[{"href":"https:\/\/diariodominicano.com\/index.php?rest_route=\/wp\/v2\/types\/post"}],"author":[{"embeddable":true,"href":"https:\/\/diariodominicano.com\/index.php?rest_route=\/wp\/v2\/users\/3"}],"replies":[{"embeddable":true,"href":"https:\/\/diariodominicano.com\/index.php?rest_route=%2Fwp%2Fv2%2Fcomments&post=124267"}],"version-history":[{"count":0,"href":"https:\/\/diariodominicano.com\/index.php?rest_route=\/wp\/v2\/posts\/124267\/revisions"}],"wp:attachment":[{"href":"https:\/\/diariodominicano.com\/index.php?rest_route=%2Fwp%2Fv2%2Fmedia&parent=124267"}],"wp:term":[{"taxonomy":"category","embeddable":true,"href":"https:\/\/diariodominicano.com\/index.php?rest_route=%2Fwp%2Fv2%2Fcategories&post=124267"},{"taxonomy":"post_tag","embeddable":true,"href":"https:\/\/diariodominicano.com\/index.php?rest_route=%2Fwp%2Fv2%2Ftags&post=124267"}],"curies":[{"name":"wp","href":"https:\/\/api.w.org\/{rel}","templated":true}]}}