{"id":124265,"date":"2006-10-04T10:44:40","date_gmt":"2006-10-04T10:44:40","guid":{"rendered":"http:\/\/diariodominicano.ddns.net\/?p=124265"},"modified":"2006-10-04T10:44:40","modified_gmt":"2006-10-04T10:44:40","slug":"gobernador-del-banco-central-atribuye-alza-del-dolar-a-las-compras-navidenas","status":"publish","type":"post","link":"https:\/\/diariodominicano.com\/?p=124265","title":{"rendered":"Gobernador del Banco Central atribuye alza del d\u00f3lar, a las compras navide\u00f1as"},"content":{"rendered":"<p><body><\/p>\n<p align=\"justify\" class=\"titulogrande1\">Gobernador del Banco Central  atribuye alza del d\u00f3lar, a las compras navide\u00f1as<\/p>\n<p>&#13;<\/p>\n<p align=\"justify\" class=\"text1noticias\"><img loading=\"lazy\" decoding=\"async\" src=\"http:\/\/localhost:8080\/economia\/pictures\/hector valdez.jpg\" width=\"163\" height=\"228\" hspace=\"4\" align=\"left\" \/>SANTO DOMINGO.- El gobernador  del Banco Central atribuy\u00f3\u00a0 el alza  experimentada por el d\u00f3lar en los \u00faltimos d\u00edas, a las compras extraordinarias  que con motivo de las venideras navidades realizan \u00a0empresarios y comerciantes.<\/p>\n<p>&#13;<\/p>\n<p align=\"justify\" class=\"text1noticias\">H\u00e9ctor Valdez Albizu \u00a0expres\u00f3 que no existen otras razones para que  la moneda estadounidense est\u00e9 escaseando. <\/p>\n<p>&#13;<\/p>\n<p align=\"justify\" class=\"text1noticias\">Dijo que una muestra de que  no hay escasez, lo constituye el hecho de que en el d\u00eda de hoy, la prima baj\u00f3  40 puntos.<\/p>\n<p>&#13;<\/p>\n<p align=\"justify\" class=\"text1noticias\">Expres\u00f3 que \u201cson situaciones  de mercado, no hay motivos para que los agentes econ\u00f3micos y el sector  empresarial tengan preocupaciones\u201d.<\/p>\n<p>&#13;<\/p>\n<p align=\"justify\" class=\"text1noticias\">Dijo que es normal que  durante los meses de septiembre y octubre la moneada norteamericana se cotice  un poco m\u00e1s alta, porque siempre se compra en mayores cantidades para vender  durante el mes de diciembre.<\/p>\n<p>&#13;<\/p>\n<p align=\"justify\" class=\"text1noticias\">Agreg\u00f3 \u00a0que producto de la rebaja del precio del  petr\u00f3leo el Estado utilizar\u00e1 menos divisas lo que implica un ahorro de la  moneda norteamericana.<\/p>\n<p>&#13;<\/p>\n<p align=\"justify\" class=\"text1noticias\">Resalt\u00f3 que en el Banco  Central no existe ninguna preocupaci\u00f3n del manejo econ\u00f3mico, por lo que dijo  que las autoridades dan plenas garant\u00edas de la estabilidad macroecon\u00f3mica del  pa\u00eds.<\/p>\n<p>&#13;<\/p>\n<p align=\"justify\" class=\"text1noticias\">Dijo que en\u201cel Banco Central  no existe ninguna preocupaci\u00f3n del manejo econ\u00f3mico y vamos a tratar de  garantizar la estabilidad macroecon\u00f3mica, ese es nuestro objetivo, control de  la inflaci\u00f3n y estabilidad macroecon\u00f3mica\u201d.<\/p>\n<p>&#13;<\/p>\n<p align=\"justify\" class=\"text1noticias\">Dijo que el lunes, el d\u00f3lar  se cotiz\u00f3 al 33.40, luego de que en los \u00faltimos d\u00edas se cotizara hasta el 33.80  por d\u00f3lar.<\/p>\n<h6> 2006-10-04 10:44:40 <\/h6>\n<p><!--\n<link rel=\"stylesheet\" href=\"css\/bootstrap.min.css\">\n\n\n<ul class=\"pagination\">\n\t    \n\t\n\n<li >\n\t<a href='?page_no=30144'>Previous<\/a>\n\t<\/li>\n\n\n       \n    \n\n<li><a href='?page_no=1'>1<\/a><\/li>\n\n\n\n<li><a href='?page_no=2'>2<\/a><\/li>\n\n\n\n<li><a>...<\/a><\/li>\n\n\n\n<li><a href='?page_no=30143'>30143<\/a><\/li>\n\n\n\n<li><a href='?page_no=30144'>30144<\/a><\/li>\n\n\n\n<li class='active'><a>30145<\/a><\/li>\n\n\n\n<li><a href='?page_no=30146'>30146<\/a><\/li>\n\n\n\n<li><a href='?page_no=30147'>30147<\/a><\/li>\n\n\n\n<li><a>...<\/a><\/li>\n\n\n\n<li><a href='?page_no=30472'>30472<\/a><\/li>\n\n\n\n<li><a href='?page_no=30473'>30473<\/a><\/li>\n\n    \n\t\n\n<li >\n\t<a href='?page_no=30146'>Next<\/a>\n\t<\/li>\n\n\n    \n\n<li><a href='?page_no=30473'>Last &rsaquo;&rsaquo;<\/a><\/li>\n\n<\/ul>\n\n\n--><br \/>\n<\/body><\/p>\n","protected":false},"excerpt":{"rendered":"<p>Gobernador del Banco Central atribuye alza del d\u00f3lar, a las compras navide\u00f1as &#13; SANTO DOMINGO.- El gobernador del Banco Central atribuy\u00f3\u00a0 el alza experimentada por el d\u00f3lar en los \u00faltimos d\u00edas, a las compras extraordinarias que con motivo de las venideras navidades realizan \u00a0empresarios y comerciantes. &#13; H\u00e9ctor Valdez Albizu \u00a0expres\u00f3 que no existen otras [&hellip;]<\/p>\n","protected":false},"author":3,"featured_media":0,"comment_status":"open","ping_status":"open","sticky":false,"template":"","format":"standard","meta":{"footnotes":""},"categories":[18],"tags":[],"class_list":["post-124265","post","type-post","status-publish","format-standard","hentry","category-economia"],"_links":{"self":[{"href":"https:\/\/diariodominicano.com\/index.php?rest_route=\/wp\/v2\/posts\/124265","targetHints":{"allow":["GET"]}}],"collection":[{"href":"https:\/\/diariodominicano.com\/index.php?rest_route=\/wp\/v2\/posts"}],"about":[{"href":"https:\/\/diariodominicano.com\/index.php?rest_route=\/wp\/v2\/types\/post"}],"author":[{"embeddable":true,"href":"https:\/\/diariodominicano.com\/index.php?rest_route=\/wp\/v2\/users\/3"}],"replies":[{"embeddable":true,"href":"https:\/\/diariodominicano.com\/index.php?rest_route=%2Fwp%2Fv2%2Fcomments&post=124265"}],"version-history":[{"count":0,"href":"https:\/\/diariodominicano.com\/index.php?rest_route=\/wp\/v2\/posts\/124265\/revisions"}],"wp:attachment":[{"href":"https:\/\/diariodominicano.com\/index.php?rest_route=%2Fwp%2Fv2%2Fmedia&parent=124265"}],"wp:term":[{"taxonomy":"category","embeddable":true,"href":"https:\/\/diariodominicano.com\/index.php?rest_route=%2Fwp%2Fv2%2Fcategories&post=124265"},{"taxonomy":"post_tag","embeddable":true,"href":"https:\/\/diariodominicano.com\/index.php?rest_route=%2Fwp%2Fv2%2Ftags&post=124265"}],"curies":[{"name":"wp","href":"https:\/\/api.w.org\/{rel}","templated":true}]}}