{"id":124262,"date":"2006-10-04T10:54:53","date_gmt":"2006-10-04T10:54:53","guid":{"rendered":"http:\/\/diariodominicano.ddns.net\/?p=124262"},"modified":"2006-10-04T10:54:53","modified_gmt":"2006-10-04T10:54:53","slug":"bachelet-descarta-bajar-impuestos-y-velasco-dice-que-medida-es-incompatible-con-responsabilidad-fiscal","status":"publish","type":"post","link":"https:\/\/diariodominicano.com\/?p=124262","title":{"rendered":"Bachelet descarta bajar impuestos y Velasco dice que medida es incompatible con responsabilidad fiscal"},"content":{"rendered":"<p><body><\/p>\n<p align=\"justify\" class=\"titulogrande1\">Bachelet  descarta bajar impuestos y Velasco dice que medida es incompatible con  responsabilidad fiscal<\/p>\n<p>&#13;<\/p>\n<p align=\"justify\" class=\"text1noticias\"><img loading=\"lazy\" decoding=\"async\" src=\"http:\/\/localhost:8080\/economia\/pictures\/bachelet.jpg\" width=\"202\" height=\"263\" hspace=\"4\" align=\"left\" \/>SANTIAGO, Chile.-  La Presidenta  de la Rep\u00fablica, <strong>Michelle Bachelet<\/strong>, respondi\u00f3 hoy al llamado que han hecho  sectores de la derecha para bajar los impuestos, argumentando que no se pueden  disminuir los ingresos y mejorar los beneficios.<\/p>\n<p>&#13;<\/p>\n<p align=\"justify\" class=\"text1noticias\">En entrevista con  el programa Buenos D\u00edas a Todos, la mandataria defendi\u00f3 el Presupuesto 2007  presentado anoche por el Ministerio de Hacienda, destac\u00f3 el \u00e9nfasis social que  contiene, y afirm\u00f3 que \u00ablo importante es que, con los recursos que tenemos  hoy d\u00eda, por el crecimiento econ\u00f3mico, por el\u00a0 sistema de impuestos que  tenemos, vamos a poder hacer estas cosas\u00bb.<\/p>\n<p>&#13;<\/p>\n<p align=\"justify\" class=\"text1noticias\">Bachelet agreg\u00f3  que \u00abes raro, porque de repente uno escucha a la gente de la derecha decir  que todo esto es poco, que hay que hacer mucho m\u00e1s, y a la vez que hay que  bajar los impuestos, entonces es un poco curioso. Uno no puede disminuir los  ingresos y aumentar los beneficios\u00bb, sostuvo.<\/p>\n<p>&#13;<\/p>\n<p align=\"justify\" class=\"text1noticias\">La Jefa de Estado defendi\u00f3 la estructura de  impuestos de Chile, asegurando que es mucho m\u00e1s baja en relaci\u00f3n con la de  otros pa\u00edses, por lo que \u00abno tenemos contemplado\u00bb disminuir los  impuestos. \u00abQueremos mejorar, con este buen presupuesto, los beneficios,  manteniendo la estructura de impuestos\u00bb, asever\u00f3.<\/p>\n<p>&#13;<\/p>\n<p align=\"justify\" class=\"text1noticias\">Consultada sobre  si este aspecto repercutir\u00eda en la clase media, la Presidenta asegur\u00f3 que  no es as\u00ed, porque hay programas dise\u00f1ados y contemplados para ella, destacando  los beneficios que recibir\u00e1n las peque\u00f1as y medianas empresas (Pymes). \u00abLa  ley de Presupuestos tiene un fuerte \u00e9nfasis en la protecci\u00f3n social, para los  m\u00e1s vilnerables, pero tambi\u00e9n tiene un fuerte \u00e9nfasis en que la econom\u00eda sigue  creciendo y que sea un pa\u00eds m\u00e1s competitivo, y en ese sentido, un fuerte apoyo,  y esto va mucho a la clase media, es hacia las Pymes. Todos los recursos hacia  las Pymes aumentan en 10%\u00bb recalc\u00f3.<\/p>\n<p>&#13;<\/p>\n<p align=\"justify\" class=\"text1noticias\">Por su parte, el  ministro de Hacienda, <strong>Andr\u00e9s Velasco<\/strong>, sostuvo que \u00abno hay  cosa m\u00e1s peligrosa para un pa\u00eds que el populismo fiscal. Tenemos un patrimonio  que hemos logrado construir con mucho esfuerzo, que nos pone hoy entre los  pa\u00edses con una situaci\u00f3n fiscal m\u00e1s s\u00f3lida\u00bb.<\/p>\n<p>&#13;<\/p>\n<p align=\"justify\" class=\"text1noticias\">A\u00f1adi\u00f3 que es  precisamente la solidez de esa situaci\u00f3n fiscal la que hace posible tener  presupuestos grandes, responsables, coherentes con la estabilidad macro, con  poca deuda, poco pago de intereses y por lo tanto un gran \u00e9nfasis en lo social.<br \/>&#13;<br \/>\n\u00abEso no  debemos ponerlo jam\u00e1s en jaque proponiendo rebajas de impuestos que, cuando uno  empieza a hacer la aritm\u00e9tica b\u00e1sica, sencillamente no da. No es pol\u00edtica del  gobierno de Chile las rebajas generalizadas de impuestos, porque son  incompatibles con la responsabilidad fiscal que tanto nos ha costado  construir\u00bb, enfatiz\u00f3.<\/p>\n<p>&#13;<\/p>\n<p align=\"justify\" class=\"text1noticias\">Sin embargo,  indic\u00f3 que el gobierno s\u00ed est\u00e1 disponible para avanzar en ajustes tributarios  si se basan en \u00abdiagn\u00f3sticos no ideol\u00f3gicos\u00bb y que impliquen  incentivos a la actividad tributaria.<\/p>\n<p>&#13;<\/p>\n<p align=\"justify\" class=\"text1noticias\">En este sentido,  cit\u00f3 como ejemplo los proyectos de ley del Plan Chile Compite que rebajan el  impuesto de Timbres y Estampillas, uniforman la tasa de impuesto a la  importaci\u00f3n de software y permiten descontar de impuestos los aportes que las  empresas realizan para la construcci\u00f3n de caminos p\u00fablicos.<\/p>\n<p>&#13;<\/p>\n<h6> 2006-10-04 10:54:53 <\/h6>\n<p><!--\n<link rel=\"stylesheet\" href=\"css\/bootstrap.min.css\">\n\n\n<ul class=\"pagination\">\n\t    \n\t\n\n<li >\n\t<a href='?page_no=30141'>Previous<\/a>\n\t<\/li>\n\n\n       \n    \n\n<li><a href='?page_no=1'>1<\/a><\/li>\n\n\n\n<li><a href='?page_no=2'>2<\/a><\/li>\n\n\n\n<li><a>...<\/a><\/li>\n\n\n\n<li><a href='?page_no=30140'>30140<\/a><\/li>\n\n\n\n<li><a href='?page_no=30141'>30141<\/a><\/li>\n\n\n\n<li class='active'><a>30142<\/a><\/li>\n\n\n\n<li><a href='?page_no=30143'>30143<\/a><\/li>\n\n\n\n<li><a href='?page_no=30144'>30144<\/a><\/li>\n\n\n\n<li><a>...<\/a><\/li>\n\n\n\n<li><a href='?page_no=30472'>30472<\/a><\/li>\n\n\n\n<li><a href='?page_no=30473'>30473<\/a><\/li>\n\n    \n\t\n\n<li >\n\t<a href='?page_no=30143'>Next<\/a>\n\t<\/li>\n\n\n    \n\n<li><a href='?page_no=30473'>Last &rsaquo;&rsaquo;<\/a><\/li>\n\n<\/ul>\n\n\n--><br \/>\n<\/body><\/p>\n","protected":false},"excerpt":{"rendered":"<p>Bachelet descarta bajar impuestos y Velasco dice que medida es incompatible con responsabilidad fiscal &#13; SANTIAGO, Chile.- La Presidenta de la Rep\u00fablica, Michelle Bachelet, respondi\u00f3 hoy al llamado que han hecho sectores de la derecha para bajar los impuestos, argumentando que no se pueden disminuir los ingresos y mejorar los beneficios. &#13; En entrevista con [&hellip;]<\/p>\n","protected":false},"author":3,"featured_media":0,"comment_status":"open","ping_status":"open","sticky":false,"template":"","format":"standard","meta":{"footnotes":""},"categories":[18],"tags":[],"class_list":["post-124262","post","type-post","status-publish","format-standard","hentry","category-economia"],"_links":{"self":[{"href":"https:\/\/diariodominicano.com\/index.php?rest_route=\/wp\/v2\/posts\/124262","targetHints":{"allow":["GET"]}}],"collection":[{"href":"https:\/\/diariodominicano.com\/index.php?rest_route=\/wp\/v2\/posts"}],"about":[{"href":"https:\/\/diariodominicano.com\/index.php?rest_route=\/wp\/v2\/types\/post"}],"author":[{"embeddable":true,"href":"https:\/\/diariodominicano.com\/index.php?rest_route=\/wp\/v2\/users\/3"}],"replies":[{"embeddable":true,"href":"https:\/\/diariodominicano.com\/index.php?rest_route=%2Fwp%2Fv2%2Fcomments&post=124262"}],"version-history":[{"count":0,"href":"https:\/\/diariodominicano.com\/index.php?rest_route=\/wp\/v2\/posts\/124262\/revisions"}],"wp:attachment":[{"href":"https:\/\/diariodominicano.com\/index.php?rest_route=%2Fwp%2Fv2%2Fmedia&parent=124262"}],"wp:term":[{"taxonomy":"category","embeddable":true,"href":"https:\/\/diariodominicano.com\/index.php?rest_route=%2Fwp%2Fv2%2Fcategories&post=124262"},{"taxonomy":"post_tag","embeddable":true,"href":"https:\/\/diariodominicano.com\/index.php?rest_route=%2Fwp%2Fv2%2Ftags&post=124262"}],"curies":[{"name":"wp","href":"https:\/\/api.w.org\/{rel}","templated":true}]}}