{"id":124261,"date":"2006-10-04T10:56:24","date_gmt":"2006-10-04T10:56:24","guid":{"rendered":"http:\/\/diariodominicano.ddns.net\/?p=124261"},"modified":"2006-10-04T10:56:24","modified_gmt":"2006-10-04T10:56:24","slug":"empresarios-destacan-necesidad-de-administrar-bien-los-recursos-del-estado","status":"publish","type":"post","link":"https:\/\/diariodominicano.com\/?p=124261","title":{"rendered":"Empresarios destacan necesidad de administrar bien los recursos del Estado"},"content":{"rendered":"<p><body><\/p>\n<p align=\"justify\" class=\"titulogrande1\">Empresarios  destacan necesidad de administrar bien los recursos del Estado<\/p>\n<p>&#13;<\/p>\n<p align=\"justify\" class=\"text1noticias\">SANTIAGO, Chile.-  El presidente de la <strong>Sociedad   Nacional de Agricultura<\/strong> (SNA), <strong>Luis  Schmidt<\/strong>, sostuvo que \u00abuna cosa es tener un presupuesto  socialmente elevado y otra cosa es gastar bien los recursos\u201d.<\/p>\n<p>&#13;<\/p>\n<p align=\"justify\" class=\"text1noticias\">Luego de conocer  el presupuesto para 2007 que anunci\u00f3 el ministro de Hacienda, Andr\u00e9s Velasco,  el titular de la SNA  declar\u00f3 que lo necesario es aplicar medidas microecon\u00f3micas.<\/p>\n<p>&#13;<\/p>\n<p align=\"justify\" class=\"text1noticias\">\u00abDebemos  hacer las reformas correspondientes para generar una mayor cantidad de  empleo\u00bb, dijo Schmidt.<\/p>\n<p>&#13;<\/p>\n<p align=\"justify\" class=\"text1noticias\">Agreg\u00f3 que  \u00abaspiramos a un mayor crecimiento que implica aplicar medidas  macroecon\u00f3micas para aumentarlo (&#8230;) para aumentar el empleo -que es lo que  todos los chilenos estamos esperando- requerimos urgentemente reformas en el  sistema micro que requiere inversiones en capacitaci\u00f3n y desarrollo\u00bb.<\/p>\n<p>&#13;<\/p>\n<p align=\"justify\" class=\"text1noticias\">El dirigente  agr\u00edcola valor\u00f3 que el presupuesto sea principalmente redistributivo y a su  juicio tiene que ponerse m\u00e1s \u00e9nfasis en la creaci\u00f3n de empleos, por eso dijo que  \u00abdebe haber un mejoramiento en las condiciones de contrataci\u00f3n porque eso  a\u00fan est\u00e1 pobre\u00bb.<\/p>\n<p>&#13;<\/p>\n<p align=\"justify\" class=\"text1noticias\">Por su parte, el  presidente de la <strong>C\u00e1mara   Nacional de Comercio<\/strong> (CNC), <strong>Pedro  Corona<\/strong>, afirm\u00f3 que \u00ablos mayores recursos que van al Ministerio  del Trabajo en este presupuesto s\u00f3lo se destinan como parche (&#8230;) y no para  mejorar a las pymes\u00bb.<\/p>\n<p>&#13;<\/p>\n<p align=\"justify\" class=\"text1noticias\">A su juicio,  \u00abno veo medida concretas como para desatar a las pymes, para que se puedan  destrabar y contratar a m\u00e1s trabajadores\u00bb.<\/p>\n<p>&#13;<\/p>\n<p align=\"justify\" class=\"text1noticias\">Corona agreg\u00f3 que  \u00abhay que ayudar a ese empresariado (&#8230;) buscando la manera de dar ox\u00edgeno  a esa gente\u00bb.<\/p>\n<p>&#13;<\/p>\n<p align=\"justify\" class=\"text1noticias\">Adem\u00e1s, indic\u00f3  que el Estado debe ser m\u00e1s eficiente en la administraci\u00f3n de los recursos y  agreg\u00f3 que debe haber una activaci\u00f3n del mercado laboral \u00abpara generar m\u00e1s  y m\u00e1s puestos de trabajo\u00bb.<\/p>\n<p>&#13;<\/p>\n<p align=\"justify\" class=\"text1noticias\">\u00abNo basta  con regalarle pescados a la gente&#8230; hay que ense\u00f1arles a pescar\u00bb, precis\u00f3  Pedro Corona.<\/p>\n<p>&#13;<\/p>\n<h6> 2006-10-04 10:56:24 <\/h6>\n<p><!--\n<link rel=\"stylesheet\" href=\"css\/bootstrap.min.css\">\n\n\n<ul class=\"pagination\">\n\t    \n\t\n\n<li >\n\t<a href='?page_no=30140'>Previous<\/a>\n\t<\/li>\n\n\n       \n    \n\n<li><a href='?page_no=1'>1<\/a><\/li>\n\n\n\n<li><a href='?page_no=2'>2<\/a><\/li>\n\n\n\n<li><a>...<\/a><\/li>\n\n\n\n<li><a href='?page_no=30139'>30139<\/a><\/li>\n\n\n\n<li><a href='?page_no=30140'>30140<\/a><\/li>\n\n\n\n<li class='active'><a>30141<\/a><\/li>\n\n\n\n<li><a href='?page_no=30142'>30142<\/a><\/li>\n\n\n\n<li><a href='?page_no=30143'>30143<\/a><\/li>\n\n\n\n<li><a>...<\/a><\/li>\n\n\n\n<li><a href='?page_no=30472'>30472<\/a><\/li>\n\n\n\n<li><a href='?page_no=30473'>30473<\/a><\/li>\n\n    \n\t\n\n<li >\n\t<a href='?page_no=30142'>Next<\/a>\n\t<\/li>\n\n\n    \n\n<li><a href='?page_no=30473'>Last &rsaquo;&rsaquo;<\/a><\/li>\n\n<\/ul>\n\n\n--><br \/>\n<\/body><\/p>\n","protected":false},"excerpt":{"rendered":"<p>Empresarios destacan necesidad de administrar bien los recursos del Estado &#13; SANTIAGO, Chile.- El presidente de la Sociedad Nacional de Agricultura (SNA), Luis Schmidt, sostuvo que \u00abuna cosa es tener un presupuesto socialmente elevado y otra cosa es gastar bien los recursos\u201d. &#13; Luego de conocer el presupuesto para 2007 que anunci\u00f3 el ministro de [&hellip;]<\/p>\n","protected":false},"author":3,"featured_media":0,"comment_status":"open","ping_status":"open","sticky":false,"template":"","format":"standard","meta":{"footnotes":""},"categories":[18],"tags":[],"class_list":["post-124261","post","type-post","status-publish","format-standard","hentry","category-economia"],"_links":{"self":[{"href":"https:\/\/diariodominicano.com\/index.php?rest_route=\/wp\/v2\/posts\/124261","targetHints":{"allow":["GET"]}}],"collection":[{"href":"https:\/\/diariodominicano.com\/index.php?rest_route=\/wp\/v2\/posts"}],"about":[{"href":"https:\/\/diariodominicano.com\/index.php?rest_route=\/wp\/v2\/types\/post"}],"author":[{"embeddable":true,"href":"https:\/\/diariodominicano.com\/index.php?rest_route=\/wp\/v2\/users\/3"}],"replies":[{"embeddable":true,"href":"https:\/\/diariodominicano.com\/index.php?rest_route=%2Fwp%2Fv2%2Fcomments&post=124261"}],"version-history":[{"count":0,"href":"https:\/\/diariodominicano.com\/index.php?rest_route=\/wp\/v2\/posts\/124261\/revisions"}],"wp:attachment":[{"href":"https:\/\/diariodominicano.com\/index.php?rest_route=%2Fwp%2Fv2%2Fmedia&parent=124261"}],"wp:term":[{"taxonomy":"category","embeddable":true,"href":"https:\/\/diariodominicano.com\/index.php?rest_route=%2Fwp%2Fv2%2Fcategories&post=124261"},{"taxonomy":"post_tag","embeddable":true,"href":"https:\/\/diariodominicano.com\/index.php?rest_route=%2Fwp%2Fv2%2Ftags&post=124261"}],"curies":[{"name":"wp","href":"https:\/\/api.w.org\/{rel}","templated":true}]}}