{"id":124260,"date":"2006-10-04T12:03:17","date_gmt":"2006-10-04T12:03:17","guid":{"rendered":"http:\/\/diariodominicano.ddns.net\/?p=124260"},"modified":"2006-10-04T12:03:17","modified_gmt":"2006-10-04T12:03:17","slug":"corrigen-pronostico-y-ahora-estiman-economia-chilena-crecera-5","status":"publish","type":"post","link":"https:\/\/diariodominicano.com\/?p=124260","title":{"rendered":"Corrigen pron\u00f3stico y ahora estiman econom\u00eda chilena crecer\u00e1 5%"},"content":{"rendered":"<p><body><\/p>\n<p class=\"titulogrande1\">Corrigen  pron\u00f3stico y ahora estiman econom\u00eda chilena crecer\u00e1 5%<\/p>\n<p>&#13;<\/p>\n<p align=\"justify\"><strong>SANTIAGO, Chile.-<\/strong>  <span class=\"text1noticias\">El ministro de Hacienda, <strong>Andr\u00e9s Velasco<\/strong>, corrigi\u00f3 a la baja la  estimaci\u00f3n de crecimiento de la econom\u00eda chilena en 2006 asegurando que \u00ab<strong>crecer\u00eda  este a\u00f1o en torno a 5%<\/strong>\u00ab. As\u00ed lo afirm\u00f3 durante la exposici\u00f3n del  estado de la Hacienda   P\u00fablica que efectu\u00f3 ante la Comisi\u00f3n Especial  Mixta encargada de estudiar el Proyecto de Ley de Presupuestos para el a\u00f1o  2007.<\/span><\/p>\n<p>&#13;<\/p>\n<p align=\"justify\" class=\"text1noticias\">\u00abDurante el  presente a\u00f1o la econom\u00eda chilena podr\u00eda experimentar un crecimiento ligeramente  inferior a su potencial y al registrado en los dos a\u00f1os m\u00e1s recientes\u00bb,  se\u00f1al\u00f3.<\/p>\n<p>&#13;<\/p>\n<p align=\"justify\" class=\"text1noticias\">A su juicio,  \u00abeste desempe\u00f1o puede explicarse en parte significativa por el fuerte  aumento en el costo de la energ\u00eda y por situaciones puntuales que han afectado  la producci\u00f3n agr\u00edcola y minera. Estos factores son de naturaleza transitoria,  por lo que\u00a0 sus efectos debiesen verse restringidos al presente a\u00f1o\u00bb.<\/p>\n<p>&#13;<\/p>\n<p align=\"justify\" class=\"text1noticias\">Seg\u00fan las cifras  del Banco Central, el PIB del primer semestre lleg\u00f3 a 4,9%. Durante el primer  trimestre fue de 5,3% y el segundo de 4,9%.<br \/>&#13;<br \/>\n  <br \/>&#13;<br \/>\n  Cabe recordar que  el presupuesto del 2006 fue fijado en base a una expansi\u00f3n estimada en 5,5%, la  que subida a 5,7% en\u00a0junio pasado durante una exposici\u00f3n de la Direcci\u00f3n de Presupuesto  en el Congreso.<\/p>\n<p>&#13;<\/p>\n<p align=\"justify\" class=\"text1noticias\"><strong>SUPERAVIT  FISCAL<\/strong><br \/>&#13;<br \/>\n  <strong><br \/>&#13;<br \/>\n  <\/strong>En su exposici\u00f3n, el  ministro de Hacienda afirm\u00f3 que se estima que el crecimiento del gasto p\u00fablico  este a\u00f1o alcanzar\u00eda 6,2%, con lo que el super\u00e1vit fiscal ser\u00eda de 7,6% del PIB.  Esta \u00faltima cifra es mayor a la estimada previamente, de 5,3%.<\/p>\n<p>&#13;<\/p>\n<p align=\"justify\" class=\"text1noticias\">Por su parte, el  gasto p\u00fablico total crecer\u00e1 8,9% el pr\u00f3ximo a\u00f1o en comparaci\u00f3n con la Ley de Presupuestos del a\u00f1o  2006, esper\u00e1ndose un super\u00e1vit fiscal de 4,4% en igual per\u00edodo.<\/p>\n<p>&#13;<\/p>\n<p align=\"justify\" class=\"text1noticias\">La autoridad de  las finanzas p\u00fablicas record\u00f3 que durante el primer semestre de 2006 el  super\u00e1vit fiscal alcanz\u00f3 a 4,2% del PIB equivalente a unos US$ 5.900 millones.<\/p>\n<p>&#13;<\/p>\n<p align=\"justify\" class=\"text1noticias\">\u00abEstos  super\u00e1vit fiscales han sido el resultado de la aplicaci\u00f3n de la regla de  balance estructural en un contexto de precios efectivos del cobre por sobre sus  valores de largo plazo\u00bb, destac\u00f3.<\/p>\n<p>&#13;<\/p>\n<p align=\"justify\" class=\"text1noticias\">\u00abEsta  pol\u00edtica fiscal ha facilitado y ha sido consistente con el proceso de  convergencia de la actividad econ\u00f3mica hacia sus niveles de tendencia en un  escenario de mantenci\u00f3n de los equilibrios macroecon\u00f3micos\u00bb, a\u00f1adi\u00f3.<br \/>&#13;<br \/>\n  <br \/>&#13;<br \/>\n  <strong>PERSPECTIVAS  FUTURAS<\/strong><br \/>&#13;<br \/>\n  <strong><br \/>&#13;<br \/>\n  <\/strong>Velasco destac\u00f3 que la  econom\u00eda chilena exhibir\u00e1 en el bienio 2006-2007, un ritmo de crecimiento en  torno a lo que ha sido el promedio de crecimiento en los \u00faltimos quince a\u00f1os.  El pr\u00f3ximo a\u00f1o se espera que la econom\u00eda crezca en 5,7%.<\/p>\n<p>&#13;<\/p>\n<p align=\"justify\" class=\"text1noticias\">\u00abM\u00e1s a\u00fan, la  econom\u00eda completar\u00e1 cuatro a\u00f1os de crecimiento estable. Esta mayor estabilidad,  un crecimiento externo favorable, las altas tasas de inversi\u00f3n, las buenas  perspectivas de agentes privados y el conjunto de medidas de competitividad que  el gobierno est\u00e1 implementando, permiten mirar los pr\u00f3ximos a\u00f1os con  optimismo\u00bb, dijo.<\/p>\n<p>&#13;<\/p>\n<p align=\"justify\" class=\"text1noticias\">Sin embargo,  se\u00f1al\u00f3 que hay algunos riesgos presentes como una eventual alza de precios del  petr\u00f3leo que podr\u00eda afectar el crecimiento mundial, en tanto que tambi\u00e9n existe  la posibilidad de una desaceleraci\u00f3n pronunciada el crecimiento de Estados  Unidos, producto de un ajuste abrupto del mercado inmobiliario.<\/p>\n<p>&#13;<\/p>\n<p align=\"justify\" class=\"text1noticias\">Velasco dio a  conocer ayer el proyecto de Presupuesto 2007 al pa\u00eds, donde 68% est\u00e1 destinado  a gasto social, con \u00e9nfasis en carteras como Salud, que crece 13%; Vivienda  12,4% y Educaci\u00f3n 10,6%. Obras P\u00fablicas lidera las alzas con un gasto que  aumenta 17,1%.<\/p>\n<p>&#13;<\/p>\n<p align=\"justify\" class=\"text1noticias\">El ministro  rindi\u00f3 hoy cuenta de este proyecto ante la comisi\u00f3n mixta que se encargar\u00e1 de  analizarlo para que sea despachado a m\u00e1s tardar en dos meses.<\/p>\n<p>&#13;<\/p>\n<h6> 2006-10-04 12:03:17 <\/h6>\n<p><!--\n<link rel=\"stylesheet\" href=\"css\/bootstrap.min.css\">\n\n\n<ul class=\"pagination\">\n\t    \n\t\n\n<li >\n\t<a href='?page_no=30139'>Previous<\/a>\n\t<\/li>\n\n\n       \n    \n\n<li><a href='?page_no=1'>1<\/a><\/li>\n\n\n\n<li><a href='?page_no=2'>2<\/a><\/li>\n\n\n\n<li><a>...<\/a><\/li>\n\n\n\n<li><a href='?page_no=30138'>30138<\/a><\/li>\n\n\n\n<li><a href='?page_no=30139'>30139<\/a><\/li>\n\n\n\n<li class='active'><a>30140<\/a><\/li>\n\n\n\n<li><a href='?page_no=30141'>30141<\/a><\/li>\n\n\n\n<li><a href='?page_no=30142'>30142<\/a><\/li>\n\n\n\n<li><a>...<\/a><\/li>\n\n\n\n<li><a href='?page_no=30472'>30472<\/a><\/li>\n\n\n\n<li><a href='?page_no=30473'>30473<\/a><\/li>\n\n    \n\t\n\n<li >\n\t<a href='?page_no=30141'>Next<\/a>\n\t<\/li>\n\n\n    \n\n<li><a href='?page_no=30473'>Last &rsaquo;&rsaquo;<\/a><\/li>\n\n<\/ul>\n\n\n--><br \/>\n<\/body><\/p>\n","protected":false},"excerpt":{"rendered":"<p>Corrigen pron\u00f3stico y ahora estiman econom\u00eda chilena crecer\u00e1 5% &#13; SANTIAGO, Chile.- El ministro de Hacienda, Andr\u00e9s Velasco, corrigi\u00f3 a la baja la estimaci\u00f3n de crecimiento de la econom\u00eda chilena en 2006 asegurando que \u00abcrecer\u00eda este a\u00f1o en torno a 5%\u00ab. As\u00ed lo afirm\u00f3 durante la exposici\u00f3n del estado de la Hacienda P\u00fablica que efectu\u00f3 [&hellip;]<\/p>\n","protected":false},"author":3,"featured_media":0,"comment_status":"open","ping_status":"open","sticky":false,"template":"","format":"standard","meta":{"footnotes":""},"categories":[18],"tags":[],"class_list":["post-124260","post","type-post","status-publish","format-standard","hentry","category-economia"],"_links":{"self":[{"href":"https:\/\/diariodominicano.com\/index.php?rest_route=\/wp\/v2\/posts\/124260","targetHints":{"allow":["GET"]}}],"collection":[{"href":"https:\/\/diariodominicano.com\/index.php?rest_route=\/wp\/v2\/posts"}],"about":[{"href":"https:\/\/diariodominicano.com\/index.php?rest_route=\/wp\/v2\/types\/post"}],"author":[{"embeddable":true,"href":"https:\/\/diariodominicano.com\/index.php?rest_route=\/wp\/v2\/users\/3"}],"replies":[{"embeddable":true,"href":"https:\/\/diariodominicano.com\/index.php?rest_route=%2Fwp%2Fv2%2Fcomments&post=124260"}],"version-history":[{"count":0,"href":"https:\/\/diariodominicano.com\/index.php?rest_route=\/wp\/v2\/posts\/124260\/revisions"}],"wp:attachment":[{"href":"https:\/\/diariodominicano.com\/index.php?rest_route=%2Fwp%2Fv2%2Fmedia&parent=124260"}],"wp:term":[{"taxonomy":"category","embeddable":true,"href":"https:\/\/diariodominicano.com\/index.php?rest_route=%2Fwp%2Fv2%2Fcategories&post=124260"},{"taxonomy":"post_tag","embeddable":true,"href":"https:\/\/diariodominicano.com\/index.php?rest_route=%2Fwp%2Fv2%2Ftags&post=124260"}],"curies":[{"name":"wp","href":"https:\/\/api.w.org\/{rel}","templated":true}]}}