{"id":124258,"date":"2006-10-04T12:08:44","date_gmt":"2006-10-04T12:08:44","guid":{"rendered":"http:\/\/diariodominicano.ddns.net\/?p=124258"},"modified":"2006-10-04T12:08:44","modified_gmt":"2006-10-04T12:08:44","slug":"eddy-martinez-dice-rd-esta-preparada-para-ingresar-al-tlc","status":"publish","type":"post","link":"https:\/\/diariodominicano.com\/?p=124258","title":{"rendered":"Eddy Mart\u00ednez dice RD est\u00e1 preparada para ingresar al TLC"},"content":{"rendered":"<p><body><\/p>\n<p class=\"titulogrande1\">Eddy Mart\u00ednez dice RD est\u00e1  preparada para ingresar al TLC<\/p>\n<p>&#13;<\/p>\n<p align=\"justify\"><strong>SANTO DOMINGO.<\/strong> <span class=\"text1noticias\">El Director  del Centro de Exportaci\u00f3n e Inversi\u00f3n de la Rep\u00fablica Dominicana  (CEI-RD) consider\u00f3 que el pa\u00eds est\u00e1 preparado para ingresar al Tratado de Libre  Comercio con Estados Unidos y Centroam\u00e9rica.<\/span><\/p>\n<p>&#13;<\/p>\n<p align=\"justify\" class=\"text1noticias\">Eddy Mart\u00ednez Manzueta conf\u00eda  en que antes de que concluya el a\u00f1o 2006, el acuerdo se comenzar\u00e1 a aplicar,  por entender que el Presidente Leonel Fern\u00e1ndez ha externado en varias  ocasiones la importancia del mismo para las exportaciones y futuras  inversiones.<\/p>\n<p>&#13;<\/p>\n<p align=\"justify\" class=\"text1noticias\">Puso como ejemplo\u00a0 la importancia que le ha dado el Senado de la Rep\u00fablica, que se  declar\u00f3, recientemente, en sesi\u00f3n permanente para conocerlo. <\/p>\n<p>&#13;<\/p>\n<p align=\"justify\" class=\"text1noticias\">Sostuvo que debido a que el  pa\u00eds est\u00e1 a punto de iniciar el TLC con Estados Unidos se ha comenzado a  preparar al personal del sector p\u00fablico para asumir los retos que conlleva el  acuerdo.<\/p>\n<p>&#13;<\/p>\n<p align=\"justify\" class=\"text1noticias\">Agreg\u00f3 que se realiz\u00f3, con la  participaci\u00f3n de representantes del sector p\u00fablico e invitados internacionales,  el taller de capacitaci\u00f3n a t\u00e9cnicos de diversas instituciones gubernamentales  sobre \u00abInstrumentos para medir la Competitividad e  Instrumentos de An\u00e1lisis de Pol\u00edticas y Negociaciones\u201d.<\/p>\n<p>&#13;<\/p>\n<p align=\"justify\" class=\"text1noticias\">Dicha actividad fue  organizada y auspiciada por la   Conferencia de las Naciones Unidas para el Desarrollo (UNCTAD)  y la Comisi\u00f3n   Econ\u00f3mica para Am\u00e9rica Latina y el Caribe (CEPAL) y el  CEI-RD.<\/p>\n<p>&#13;<\/p>\n<p align=\"justify\" class=\"text1noticias\">En la apertura participaron  Jorge Mattar, Director Adjunto y Oficial a Cargo de la Sede Subregional  de la CEPAL en  M\u00e9xico y Santiago Fern\u00e1ndez de C\u00f3rdoba Oficial Alterno de la UNCTAD Nueva Cork,  as\u00ed como Juan Guiliani Cury, Subsecretario de Estado para Asuntos Econ\u00f3micos y  Negociaciones Comerciales del pa\u00eds, <\/p>\n<p>&#13;<\/p>\n<p align=\"justify\" class=\"text1noticias\">El evento cont\u00f3 con la  asistencia de unos 38 funcionarios de 9 instituciones gubernamentales y 4  invitados internacionales, procedentes de Hait\u00ed y El Salvador.<\/p>\n<p>&#13;<\/p>\n<p align=\"justify\" class=\"text1noticias\">En el taller se\u00a0 dieron a conocer los manejos de sistemas de  software del Competitive Analysis of Nations (CAN), el Module to Analyse the  Growth of Internacional Comerse (MAGIC), el World Integrated Trade System (WITS)  y el Agricultural Trade Policy Simulations Model (ATPSM); herramientas muy  \u00fatiles para las instituciones gubernamentales vinculadas con el comercio  exterior. <\/p>\n<p>&#13;<\/p>\n<p align=\"justify\" class=\"text1noticias\">Los \u00a0softwara ser\u00e1n instalados en las diversas  instituciones participantes con el objeto de que se les contin\u00fae dando uso para  el dise\u00f1o de pol\u00edticas p\u00fablicas.<\/p>\n<p>&#13;<\/p>\n<h6> 2006-10-04 12:08:44 <\/h6>\n<p><!--\n<link rel=\"stylesheet\" href=\"css\/bootstrap.min.css\">\n\n\n<ul class=\"pagination\">\n\t    \n\t\n\n<li >\n\t<a href='?page_no=30137'>Previous<\/a>\n\t<\/li>\n\n\n       \n    \n\n<li><a href='?page_no=1'>1<\/a><\/li>\n\n\n\n<li><a href='?page_no=2'>2<\/a><\/li>\n\n\n\n<li><a>...<\/a><\/li>\n\n\n\n<li><a href='?page_no=30136'>30136<\/a><\/li>\n\n\n\n<li><a href='?page_no=30137'>30137<\/a><\/li>\n\n\n\n<li class='active'><a>30138<\/a><\/li>\n\n\n\n<li><a href='?page_no=30139'>30139<\/a><\/li>\n\n\n\n<li><a href='?page_no=30140'>30140<\/a><\/li>\n\n\n\n<li><a>...<\/a><\/li>\n\n\n\n<li><a href='?page_no=30472'>30472<\/a><\/li>\n\n\n\n<li><a href='?page_no=30473'>30473<\/a><\/li>\n\n    \n\t\n\n<li >\n\t<a href='?page_no=30139'>Next<\/a>\n\t<\/li>\n\n\n    \n\n<li><a href='?page_no=30473'>Last &rsaquo;&rsaquo;<\/a><\/li>\n\n<\/ul>\n\n\n--><br \/>\n<\/body><\/p>\n","protected":false},"excerpt":{"rendered":"<p>Eddy Mart\u00ednez dice RD est\u00e1 preparada para ingresar al TLC &#13; SANTO DOMINGO. El Director del Centro de Exportaci\u00f3n e Inversi\u00f3n de la Rep\u00fablica Dominicana (CEI-RD) consider\u00f3 que el pa\u00eds est\u00e1 preparado para ingresar al Tratado de Libre Comercio con Estados Unidos y Centroam\u00e9rica. &#13; Eddy Mart\u00ednez Manzueta conf\u00eda en que antes de que concluya [&hellip;]<\/p>\n","protected":false},"author":3,"featured_media":0,"comment_status":"open","ping_status":"open","sticky":false,"template":"","format":"standard","meta":{"footnotes":""},"categories":[18],"tags":[],"class_list":["post-124258","post","type-post","status-publish","format-standard","hentry","category-economia"],"_links":{"self":[{"href":"https:\/\/diariodominicano.com\/index.php?rest_route=\/wp\/v2\/posts\/124258","targetHints":{"allow":["GET"]}}],"collection":[{"href":"https:\/\/diariodominicano.com\/index.php?rest_route=\/wp\/v2\/posts"}],"about":[{"href":"https:\/\/diariodominicano.com\/index.php?rest_route=\/wp\/v2\/types\/post"}],"author":[{"embeddable":true,"href":"https:\/\/diariodominicano.com\/index.php?rest_route=\/wp\/v2\/users\/3"}],"replies":[{"embeddable":true,"href":"https:\/\/diariodominicano.com\/index.php?rest_route=%2Fwp%2Fv2%2Fcomments&post=124258"}],"version-history":[{"count":0,"href":"https:\/\/diariodominicano.com\/index.php?rest_route=\/wp\/v2\/posts\/124258\/revisions"}],"wp:attachment":[{"href":"https:\/\/diariodominicano.com\/index.php?rest_route=%2Fwp%2Fv2%2Fmedia&parent=124258"}],"wp:term":[{"taxonomy":"category","embeddable":true,"href":"https:\/\/diariodominicano.com\/index.php?rest_route=%2Fwp%2Fv2%2Fcategories&post=124258"},{"taxonomy":"post_tag","embeddable":true,"href":"https:\/\/diariodominicano.com\/index.php?rest_route=%2Fwp%2Fv2%2Ftags&post=124258"}],"curies":[{"name":"wp","href":"https:\/\/api.w.org\/{rel}","templated":true}]}}