{"id":124248,"date":"2006-10-07T14:22:03","date_gmt":"2006-10-07T14:22:03","guid":{"rendered":"http:\/\/diariodominicano.ddns.net\/?p=124248"},"modified":"2006-10-07T14:22:03","modified_gmt":"2006-10-07T14:22:03","slug":"comision-decide-aplicar-salvaguardias-provisionales-de-23-a-importacion-de-lacteos-argentinos","status":"publish","type":"post","link":"https:\/\/diariodominicano.com\/?p=124248","title":{"rendered":"Comisi\u00f3n decide aplicar salvaguardias provisionales de 23% a importaci\u00f3n de l\u00e1cteos argentinos"},"content":{"rendered":"<p><body><\/p>\n<p class=\"titulogrande1\">Comisi\u00f3n decide aplicar  salvaguardias provisionales de 23% a importaci\u00f3n de l\u00e1cteos argentinos<\/p>\n<p>&#13;<\/p>\n<p align=\"justify\"><strong>SANTIAGO, Chile.-<\/strong>  <span class=\"text1noticias\">La <strong>Comisi\u00f3n de Distorsiones<\/strong> determin\u00f3 <strong>aplicar salvaguardias provisionales  de 23%<\/strong> a la <strong>importaci\u00f3n de l\u00e1cteos<\/strong> provenientes desde  Argentina.<\/span><\/p>\n<p>&#13;<\/p>\n<p align=\"justify\" class=\"text1noticias\">La entidad inici\u00f3  la investigaci\u00f3n del caso el 11 de septiembre pasado tras la presentaci\u00f3n hecha  por los productores locales que acusan que la industria se ha visto afectada  por la internaci\u00f3n de estos productos.<\/p>\n<p>&#13;<\/p>\n<p align=\"justify\" class=\"text1noticias\">En agosto  los\u00a0lecheros chilenos -con apoyo del ministerio de Agricultura-  formalizaron ante la Comisi\u00f3n  de Distorsiones la petici\u00f3n para que se aplique una sobretasa arancelaria a la  importaci\u00f3n de leche l\u00edquida, en polvo y queso gouda. La asociaci\u00f3n que los  agrupa\u00a0-Fedeleche- pidi\u00f3 que la acci\u00f3n comercial contra Argentina llegue  al m\u00e1ximo posible, es decir 31,5% de sobrearancel.<\/p>\n<p>&#13;<\/p>\n<p align=\"justify\" class=\"text1noticias\">En contacto con La Tercera Online, el  ministro de Agricultura, <strong>Alvaro Rojas<\/strong>, se manifest\u00f3 conforme  con la medida y se\u00f1al\u00f3 que \u00abno es un n\u00famero m\u00e1gico, es el informe que la  comisi\u00f3n revisa, estudia, cifra n\u00fameros que se analizan y me parece que es  satisfactorio\u00bb.<\/p>\n<p>&#13;<\/p>\n<p align=\"justify\" class=\"text1noticias\">\u00abYo creo que  cubre razonablemente las expectativas que ten\u00edamos nosotros y creo que ahora lo  que corresponde es trabajar para que el sector recupere la competitividad que  debe tener para poder ser un l\u00edder mundial\u00bb, a\u00f1adi\u00f3.<br \/>&#13;<br \/>\n  <br \/>&#13;<br \/>\n  La salvaguardia  solicitada busca contener la ca\u00edda de precios a productores de leche  nacionales, provocada fundamentalmente por el alto stock presente en el mercado  interno y los bajos precios en Argentina.<\/p>\n<p>&#13;<\/p>\n<p align=\"justify\" class=\"text1noticias\">Esta situaci\u00f3n  tendr\u00eda su origen en los subsidios en los precios de los principales insumos en  la alimentaci\u00f3n de las vacas lecheras, como soya y ma\u00edz, y el menor costo de la  energ\u00eda que reduce los valores de transporte y manejo interno de maquinarias en  ese pa\u00eds.<\/p>\n<p>&#13;<\/p>\n<p align=\"justify\" class=\"text1noticias\">Para tomar una  medida definitiva, que puede aplicarse por un a\u00f1o prorrogable a dos, la Comisi\u00f3n de Distorsiones  cuenta con un plazo de 90 d\u00edas desde el inicio de la investigaci\u00f3n, que vence  el 11 de diciembre.<br \/>&#13;<br \/>\n  <br \/>&#13;<br \/>\n  La actual  resoluci\u00f3n ser\u00e1 formalizada en un decreto que deber\u00e1 firmar la Presidenta de la Rep\u00fablica en los  pr\u00f3ximos d\u00edas y que aparecer\u00e1 publicado en el Diario Oficial. A partir de ese  momento entrar\u00e1 en vigencia.<\/p>\n<p>&#13;<\/p>\n<p align=\"justify\" class=\"text1noticias\"><strong>REACCIONES  DE ARGENTINA<\/strong><br \/>&#13;<br \/>\n  <br \/>&#13;<br \/>\n  Cabe recordar que tras presentarse la petici\u00f3n de sobretasas en agosto, el  gobierno argentino emiti\u00f3 una comunicaci\u00f3n oficial donde se\u00f1al\u00f3 que \u00aben  caso de avanzarse en la aplicaci\u00f3n de tales medidas, no dudar\u00eda en llevar la  cuesti\u00f3n a la consideraci\u00f3n de la   OMC\u00bb.<\/p>\n<p>&#13;<\/p>\n<p align=\"justify\" class=\"text1noticias\">Frente a esto,  Rojas destac\u00f3 que en Chile \u00abhemos actuado con mucha responsabilidad, con  mucha serenidad tambi\u00e9n, hemos explicado que es una medida t\u00e9cnica\u00bb.<\/p>\n<p>&#13;<\/p>\n<p align=\"justify\" class=\"text1noticias\">\u00abEs probable  que ellos tomen las medidas que estimen convenientes\u00bb, agreg\u00f3, recordando  no obstante que la propia OMC permite la aplicaci\u00f3n de esta medida comercial en  determinados escenarios.<\/p>\n<p>&#13;<\/p>\n<h6> 2006-10-07 14:22:03 <\/h6>\n<p><!--\n<link rel=\"stylesheet\" href=\"css\/bootstrap.min.css\">\n\n\n<ul class=\"pagination\">\n\t    \n\t\n\n<li >\n\t<a href='?page_no=30127'>Previous<\/a>\n\t<\/li>\n\n\n       \n    \n\n<li><a href='?page_no=1'>1<\/a><\/li>\n\n\n\n<li><a href='?page_no=2'>2<\/a><\/li>\n\n\n\n<li><a>...<\/a><\/li>\n\n\n\n<li><a href='?page_no=30126'>30126<\/a><\/li>\n\n\n\n<li><a href='?page_no=30127'>30127<\/a><\/li>\n\n\n\n<li class='active'><a>30128<\/a><\/li>\n\n\n\n<li><a href='?page_no=30129'>30129<\/a><\/li>\n\n\n\n<li><a href='?page_no=30130'>30130<\/a><\/li>\n\n\n\n<li><a>...<\/a><\/li>\n\n\n\n<li><a href='?page_no=30472'>30472<\/a><\/li>\n\n\n\n<li><a href='?page_no=30473'>30473<\/a><\/li>\n\n    \n\t\n\n<li >\n\t<a href='?page_no=30129'>Next<\/a>\n\t<\/li>\n\n\n    \n\n<li><a href='?page_no=30473'>Last &rsaquo;&rsaquo;<\/a><\/li>\n\n<\/ul>\n\n\n--><br \/>\n<\/body><\/p>\n","protected":false},"excerpt":{"rendered":"<p>Comisi\u00f3n decide aplicar salvaguardias provisionales de 23% a importaci\u00f3n de l\u00e1cteos argentinos &#13; SANTIAGO, Chile.- La Comisi\u00f3n de Distorsiones determin\u00f3 aplicar salvaguardias provisionales de 23% a la importaci\u00f3n de l\u00e1cteos provenientes desde Argentina. &#13; La entidad inici\u00f3 la investigaci\u00f3n del caso el 11 de septiembre pasado tras la presentaci\u00f3n hecha por los productores locales que [&hellip;]<\/p>\n","protected":false},"author":3,"featured_media":0,"comment_status":"open","ping_status":"open","sticky":false,"template":"","format":"standard","meta":{"footnotes":""},"categories":[18],"tags":[],"class_list":["post-124248","post","type-post","status-publish","format-standard","hentry","category-economia"],"_links":{"self":[{"href":"https:\/\/diariodominicano.com\/index.php?rest_route=\/wp\/v2\/posts\/124248","targetHints":{"allow":["GET"]}}],"collection":[{"href":"https:\/\/diariodominicano.com\/index.php?rest_route=\/wp\/v2\/posts"}],"about":[{"href":"https:\/\/diariodominicano.com\/index.php?rest_route=\/wp\/v2\/types\/post"}],"author":[{"embeddable":true,"href":"https:\/\/diariodominicano.com\/index.php?rest_route=\/wp\/v2\/users\/3"}],"replies":[{"embeddable":true,"href":"https:\/\/diariodominicano.com\/index.php?rest_route=%2Fwp%2Fv2%2Fcomments&post=124248"}],"version-history":[{"count":0,"href":"https:\/\/diariodominicano.com\/index.php?rest_route=\/wp\/v2\/posts\/124248\/revisions"}],"wp:attachment":[{"href":"https:\/\/diariodominicano.com\/index.php?rest_route=%2Fwp%2Fv2%2Fmedia&parent=124248"}],"wp:term":[{"taxonomy":"category","embeddable":true,"href":"https:\/\/diariodominicano.com\/index.php?rest_route=%2Fwp%2Fv2%2Fcategories&post=124248"},{"taxonomy":"post_tag","embeddable":true,"href":"https:\/\/diariodominicano.com\/index.php?rest_route=%2Fwp%2Fv2%2Ftags&post=124248"}],"curies":[{"name":"wp","href":"https:\/\/api.w.org\/{rel}","templated":true}]}}