{"id":124246,"date":"2006-10-07T14:25:54","date_gmt":"2006-10-07T14:25:54","guid":{"rendered":"http:\/\/diariodominicano.ddns.net\/?p=124246"},"modified":"2006-10-07T14:25:54","modified_gmt":"2006-10-07T14:25:54","slug":"recuperacion-de-la-rd-impresiona-a-candidato-presidencial-de-nicaragua-edmundo-jarquin-2","status":"publish","type":"post","link":"https:\/\/diariodominicano.com\/?p=124246","title":{"rendered":"Recuperaci\u00f3n  de la RD impresiona a candidato presidencial de Nicaragua, Edmundo Jarqu\u00edn"},"content":{"rendered":"<p><body><\/p>\n<p class=\"titulogrande1\">Recuperaci\u00f3n\u00a0 de  la RD impresiona a  candidato presidencial de Nicaragua, Edmundo Jarqu\u00edn<\/p>\n<p>&#13;<\/p>\n<p align=\"justify\"><strong>SANTO DOMINGO.-<\/strong> <span class=\"text1noticias\">El Presidente Leonel Fern\u00e1ndez recibi\u00f3  el viernes en su despacho del Palacio Nacional al candidato presidencial de  Nicaragua, Edmundo Jarqu\u00edn, quien destac\u00f3 que en los dos \u00faltimos a\u00f1os la Rep\u00fablica Dominicana  ha dado muestra de c\u00f3mo se puede resolver una situaci\u00f3n econ\u00f3mica dif\u00edcil y a  la vez, crecer por encima de los dem\u00e1s pa\u00edses de Am\u00e9rica Latina. <\/span><\/p>\n<p>&#13;<\/p>\n<p align=\"justify\" class=\"text1noticias\">Dijo que la manera  en la que el pa\u00eds ha sido capaz de compatibilizar estos dos elementos en un  contexto realmente adverso por el incremento en los precios del petr\u00f3leo, es  algo que le interesa mucho conocer. <\/p>\n<p>&#13;<\/p>\n<p align=\"justify\" class=\"text1noticias\">\u201cRep\u00fablica  Dominicana en los dos \u00faltimos a\u00f1os, nos ha sorprendido muy gratamente a todos  en t\u00e9rmino de c\u00f3mo manejar una transacci\u00f3n econ\u00f3mica dif\u00edcil, poner orden en  varios desequilibrios econ\u00f3micos y a la vez crecer con la tasa de crecimiento  m\u00e1s alta de Am\u00e9rica Latina que es algo que nos interesa conocer c\u00f3mo ha sido  este pa\u00eds capaz de compatibilizar y eso, en un contexto relativamente adverso  por el incremento en los precios del petr\u00f3leo\u201d, destac\u00f3 Jarqu\u00edn luego de salir  de la reuni\u00f3n con el Presidente Leonel Fern\u00e1ndez, acompa\u00f1ado del secretario T\u00e9cnico  de la Presidencia,  Juan Tem\u00edstocles Mont\u00e1s.<\/p>\n<p>&#13;<\/p>\n<p align=\"justify\" class=\"text1noticias\">De la visita al  presidente \u00a0Fern\u00e1ndez, manifest\u00f3 que  hablaron de la situaci\u00f3n centroamericana, se\u00f1alando que la Rep\u00fablica Dominicana  y los pa\u00edses de la regi\u00f3n, han venido reencontr\u00e1ndose con mucha intensidad en  los \u00faltimos a\u00f1os.<\/p>\n<p>&#13;<\/p>\n<p align=\"justify\" class=\"text1noticias\">En ese sentido,  Jarqu\u00edn record\u00f3 el Tratado de Libre Comercio firmado por Rep\u00fablica Dominicana  con Estados Unidos, conocido por sus siglas en ingl\u00e9s por DR-Cafta y que adem\u00e1s  el pa\u00eds pas\u00f3 a formar parte como observador del Sistema de Integraci\u00f3n  Centroamericana.<\/p>\n<p>&#13;<\/p>\n<p align=\"justify\" class=\"text1noticias\">\u201cFundamentalmente,  en t\u00e9rminos bilaterales, es reforzar esta din\u00e1mica a la que he estado haciendo  referencia del gran acercamiento que hay entre Rep\u00fablica Dominicana y  Centroam\u00e9rica, ha sido un doble descubrimiento. Centroam\u00e9rica reconocerse como  parte del Caribe, no s\u00f3lo en t\u00e9rminos geogr\u00e1ficos, sino tambi\u00e9n en t\u00e9rminos  pol\u00edticos y econ\u00f3micos y Rep\u00fablica Dominicana descubrir a Centroam\u00e9rica como  parte de esa realidad\u201d, se\u00f1al\u00f3 el candidato a la Presidencia de  Nicaragua sobre sus proyectos con el pa\u00eds, de ganar las elecciones  nicarag\u00fcenses.<\/p>\n<p>&#13;<\/p>\n<p align=\"justify\" class=\"text1noticias\">En ese orden,  puntualiz\u00f3 que dar\u00eda continuidad al programa de \u00a0la Organizaci\u00f3n de los\u00a0 Estado del Caribe, iniciativa que fue lanzada  al finalizar los conflictos que afectaban los pa\u00edses de la regi\u00f3n.<\/p>\n<p>&#13;<\/p>\n<h6> 2006-10-07 14:25:54 <\/h6>\n<p><!--\n<link rel=\"stylesheet\" href=\"css\/bootstrap.min.css\">\n\n\n<ul class=\"pagination\">\n\t    \n\t\n\n<li >\n\t<a href='?page_no=30125'>Previous<\/a>\n\t<\/li>\n\n\n       \n    \n\n<li><a href='?page_no=1'>1<\/a><\/li>\n\n\n\n<li><a href='?page_no=2'>2<\/a><\/li>\n\n\n\n<li><a>...<\/a><\/li>\n\n\n\n<li><a href='?page_no=30124'>30124<\/a><\/li>\n\n\n\n<li><a href='?page_no=30125'>30125<\/a><\/li>\n\n\n\n<li class='active'><a>30126<\/a><\/li>\n\n\n\n<li><a href='?page_no=30127'>30127<\/a><\/li>\n\n\n\n<li><a href='?page_no=30128'>30128<\/a><\/li>\n\n\n\n<li><a>...<\/a><\/li>\n\n\n\n<li><a href='?page_no=30472'>30472<\/a><\/li>\n\n\n\n<li><a href='?page_no=30473'>30473<\/a><\/li>\n\n    \n\t\n\n<li >\n\t<a href='?page_no=30127'>Next<\/a>\n\t<\/li>\n\n\n    \n\n<li><a href='?page_no=30473'>Last &rsaquo;&rsaquo;<\/a><\/li>\n\n<\/ul>\n\n\n--><br \/>\n<\/body><\/p>\n","protected":false},"excerpt":{"rendered":"<p>Recuperaci\u00f3n\u00a0 de la RD impresiona a candidato presidencial de Nicaragua, Edmundo Jarqu\u00edn &#13; SANTO DOMINGO.- El Presidente Leonel Fern\u00e1ndez recibi\u00f3 el viernes en su despacho del Palacio Nacional al candidato presidencial de Nicaragua, Edmundo Jarqu\u00edn, quien destac\u00f3 que en los dos \u00faltimos a\u00f1os la Rep\u00fablica Dominicana ha dado muestra de c\u00f3mo se puede resolver una [&hellip;]<\/p>\n","protected":false},"author":3,"featured_media":0,"comment_status":"open","ping_status":"open","sticky":false,"template":"","format":"standard","meta":{"footnotes":""},"categories":[18],"tags":[],"class_list":["post-124246","post","type-post","status-publish","format-standard","hentry","category-economia"],"_links":{"self":[{"href":"https:\/\/diariodominicano.com\/index.php?rest_route=\/wp\/v2\/posts\/124246","targetHints":{"allow":["GET"]}}],"collection":[{"href":"https:\/\/diariodominicano.com\/index.php?rest_route=\/wp\/v2\/posts"}],"about":[{"href":"https:\/\/diariodominicano.com\/index.php?rest_route=\/wp\/v2\/types\/post"}],"author":[{"embeddable":true,"href":"https:\/\/diariodominicano.com\/index.php?rest_route=\/wp\/v2\/users\/3"}],"replies":[{"embeddable":true,"href":"https:\/\/diariodominicano.com\/index.php?rest_route=%2Fwp%2Fv2%2Fcomments&post=124246"}],"version-history":[{"count":0,"href":"https:\/\/diariodominicano.com\/index.php?rest_route=\/wp\/v2\/posts\/124246\/revisions"}],"wp:attachment":[{"href":"https:\/\/diariodominicano.com\/index.php?rest_route=%2Fwp%2Fv2%2Fmedia&parent=124246"}],"wp:term":[{"taxonomy":"category","embeddable":true,"href":"https:\/\/diariodominicano.com\/index.php?rest_route=%2Fwp%2Fv2%2Fcategories&post=124246"},{"taxonomy":"post_tag","embeddable":true,"href":"https:\/\/diariodominicano.com\/index.php?rest_route=%2Fwp%2Fv2%2Ftags&post=124246"}],"curies":[{"name":"wp","href":"https:\/\/api.w.org\/{rel}","templated":true}]}}