{"id":124245,"date":"2006-10-07T14:27:14","date_gmt":"2006-10-07T14:27:14","guid":{"rendered":"http:\/\/diariodominicano.ddns.net\/?p=124245"},"modified":"2006-10-07T14:27:14","modified_gmt":"2006-10-07T14:27:14","slug":"enrique-iglesias-dice-que-america-latina-se-acostumbra-a-la-estabilidad-macroeconomica-2","status":"publish","type":"post","link":"https:\/\/diariodominicano.com\/?p=124245","title":{"rendered":"Enrique Iglesias dice que Am\u00e9rica Latina se acostumbra a la estabilidad macroecon\u00f3mica"},"content":{"rendered":"<p><body><\/p>\n<p class=\"titulogrande1\"><strong>Enrique  Iglesias dice que Am\u00e9rica Latina se acostumbra a la estabilidad macroecon\u00f3mica<\/strong><\/p>\n<p>&#13;<\/p>\n<p align=\"justify\"><strong>BIARRITZ, Francia.-<\/strong><span class=\"text1noticias\">El responsable de la Secretaria General  Iberoamericana (Segib), Enrique Iglesias, consider\u00f3 este viernes que Am\u00e9rica  Latina se ha acostumbrado a una estabilidad macroecon\u00f3mica y tiene una  capacidad de gesti\u00f3n que era impensable hace una d\u00e9cada.<br \/>&#13;<br \/>\n  <br \/>&#13;<br \/>\n\u00abAm\u00e9rica Latina ha descubierto que la pobreza no era una amenaza b\u00edblica y  ha aprendido que no se juega con la macroeconom\u00eda. Nuestros pa\u00edses ahora gozan  de una mayor capacidad de gesti\u00f3n y poseen una capacidad de defensa ante  numerosos riesgos financieros\u00bb, se felicit\u00f3 Iglesias en el 7\u00ba Foro  Europa-Am\u00e9rica Latina que se celebra en Biarritz (suroeste de Francia).<br \/>&#13;<br \/>\n  <br \/>&#13;<br \/>\n  El responsable record\u00f3 que los pa\u00edses del subcontinente respetan el d\u00e9ficit  fiscal y la independencia del sistema bancario, tienen un crecimiento del 5%  como media, redujeron su deuda y alcanzaron un nivel de reservas de 250.000  millones de d\u00f3lares.<br \/>&#13;<br \/>\n  <br \/>&#13;<br \/>\n\u00abA esto se suma un clima de bonanza internacional y un aumento del precio  de las materias primas del que Am\u00e9rica Latina sacar\u00e1 un gran provecho\u00bb,  declar\u00f3.<br \/>&#13;<br \/>\n  <br \/>&#13;<br \/>\n  Iglesias subray\u00f3 tambi\u00e9n la necesidad de fomentar la integraci\u00f3n regional  paralelamente a la \u00abinserci\u00f3n internacional\u00bb.<br \/>&#13;<br \/>\n  <br \/>&#13;<br \/>\n\u00abNo habr\u00e1 desarrollo si no nos abrimos al mundo. La integraci\u00f3n regional e  internacional son compatibles y lo ideal es que Am\u00e9rica Latina se presentara  unida de puertas hacia afuera\u00bb, declar\u00f3.<br \/>&#13;<br \/>\n  <br \/>&#13;<br \/>\n  Entre las asignaturas pendientes de la regi\u00f3n est\u00e1, seg\u00fan Iglesias, la mejora  entre las relaciones Estado-mercado, m\u00e1s all\u00e1 de \u00ablas ideas de los a\u00f1os 90  que satanizaron las pol\u00edticas p\u00fablicas\u00bb, el aumento de la competitividad y  la productividad de la regi\u00f3n y la reforma de las instituciones.<br \/>&#13;<br \/>\n  <br \/>&#13;<br \/>\n\u00abLa reforma del Estado es una demanda prioritaria y debe hacerse en el  di\u00e1logo\u00bb, advirti\u00f3 Iglesias, consciente de la \u00abefervescencia  social\u00bb que se respira en el subcontinente, impulsada por una clase media,  cada d\u00eda m\u00e1s \u00abpoderosa y descontenta\u00bb.<\/span><\/p>\n<p>&#13;<\/p>\n<h6> 2006-10-07 14:27:14 <\/h6>\n<p><!--\n<link rel=\"stylesheet\" href=\"css\/bootstrap.min.css\">\n\n\n<ul class=\"pagination\">\n\t    \n\t\n\n<li >\n\t<a href='?page_no=30124'>Previous<\/a>\n\t<\/li>\n\n\n       \n    \n\n<li><a href='?page_no=1'>1<\/a><\/li>\n\n\n\n<li><a href='?page_no=2'>2<\/a><\/li>\n\n\n\n<li><a>...<\/a><\/li>\n\n\n\n<li><a href='?page_no=30123'>30123<\/a><\/li>\n\n\n\n<li><a href='?page_no=30124'>30124<\/a><\/li>\n\n\n\n<li class='active'><a>30125<\/a><\/li>\n\n\n\n<li><a href='?page_no=30126'>30126<\/a><\/li>\n\n\n\n<li><a href='?page_no=30127'>30127<\/a><\/li>\n\n\n\n<li><a>...<\/a><\/li>\n\n\n\n<li><a href='?page_no=30472'>30472<\/a><\/li>\n\n\n\n<li><a href='?page_no=30473'>30473<\/a><\/li>\n\n    \n\t\n\n<li >\n\t<a href='?page_no=30126'>Next<\/a>\n\t<\/li>\n\n\n    \n\n<li><a href='?page_no=30473'>Last &rsaquo;&rsaquo;<\/a><\/li>\n\n<\/ul>\n\n\n--><br \/>\n<\/body><\/p>\n","protected":false},"excerpt":{"rendered":"<p>Enrique Iglesias dice que Am\u00e9rica Latina se acostumbra a la estabilidad macroecon\u00f3mica &#13; BIARRITZ, Francia.-El responsable de la Secretaria General Iberoamericana (Segib), Enrique Iglesias, consider\u00f3 este viernes que Am\u00e9rica Latina se ha acostumbrado a una estabilidad macroecon\u00f3mica y tiene una capacidad de gesti\u00f3n que era impensable hace una d\u00e9cada.&#13; &#13; \u00abAm\u00e9rica Latina ha descubierto que [&hellip;]<\/p>\n","protected":false},"author":3,"featured_media":0,"comment_status":"open","ping_status":"open","sticky":false,"template":"","format":"standard","meta":{"footnotes":""},"categories":[18],"tags":[],"class_list":["post-124245","post","type-post","status-publish","format-standard","hentry","category-economia"],"_links":{"self":[{"href":"https:\/\/diariodominicano.com\/index.php?rest_route=\/wp\/v2\/posts\/124245","targetHints":{"allow":["GET"]}}],"collection":[{"href":"https:\/\/diariodominicano.com\/index.php?rest_route=\/wp\/v2\/posts"}],"about":[{"href":"https:\/\/diariodominicano.com\/index.php?rest_route=\/wp\/v2\/types\/post"}],"author":[{"embeddable":true,"href":"https:\/\/diariodominicano.com\/index.php?rest_route=\/wp\/v2\/users\/3"}],"replies":[{"embeddable":true,"href":"https:\/\/diariodominicano.com\/index.php?rest_route=%2Fwp%2Fv2%2Fcomments&post=124245"}],"version-history":[{"count":0,"href":"https:\/\/diariodominicano.com\/index.php?rest_route=\/wp\/v2\/posts\/124245\/revisions"}],"wp:attachment":[{"href":"https:\/\/diariodominicano.com\/index.php?rest_route=%2Fwp%2Fv2%2Fmedia&parent=124245"}],"wp:term":[{"taxonomy":"category","embeddable":true,"href":"https:\/\/diariodominicano.com\/index.php?rest_route=%2Fwp%2Fv2%2Fcategories&post=124245"},{"taxonomy":"post_tag","embeddable":true,"href":"https:\/\/diariodominicano.com\/index.php?rest_route=%2Fwp%2Fv2%2Ftags&post=124245"}],"curies":[{"name":"wp","href":"https:\/\/api.w.org\/{rel}","templated":true}]}}