{"id":124244,"date":"2006-10-07T14:28:54","date_gmt":"2006-10-07T14:28:54","guid":{"rendered":"http:\/\/diariodominicano.ddns.net\/?p=124244"},"modified":"2006-10-07T14:28:54","modified_gmt":"2006-10-07T14:28:54","slug":"argentina-recurriria-a-la-omc-por-salvaguardias-aplicadas-en-chile-a-productos-lacteos-2","status":"publish","type":"post","link":"https:\/\/diariodominicano.com\/?p=124244","title":{"rendered":"Argentina recurrir\u00eda a la OMC por salvaguardias aplicadas en Chile a productos l\u00e1cteos"},"content":{"rendered":"<p><body><\/p>\n<p class=\"titulogrande1\">Argentina recurrir\u00eda a la OMC por salvaguardias  aplicadas en Chile a productos l\u00e1cteos<\/p>\n<p>&#13;<\/p>\n<p align=\"justify\"><strong>SANTIAGO, Chile.- <\/strong><span class=\"text1noticias\">Argentina recurrir\u00eda a la <strong>Organizaci\u00f3n Mundial de  Comercio<\/strong> (OMC) por la decisi\u00f3n chilena de <strong>aplicar  salvaguardias de 23%<\/strong> a la leche l\u00edquida, en polvo y queso gouda que  exporta a Chile<\/span><\/p>\n<p>&#13;<\/p>\n<p align=\"justify\" class=\"text1noticias\">La informaci\u00f3n  fue entregada a agencia UPI por la Canciller\u00eda en Buenos Aires, que al respecto  precis\u00f3 que sigue en pie lo afirmado en el pasado mes de agosto, en el sentido  de presentar la queja ante el citado tribunal en caso de concretar Chile sus  salvaguardias, como finalmente se materializ\u00f3, aunque de manera provisoria.<\/p>\n<p>&#13;<\/p>\n<p align=\"justify\" class=\"text1noticias\">\u00abEn caso de  avanzarse en la aplicaci\u00f3n de tales medidas, no dudar\u00eda en llevar la cuesti\u00f3n a  la consideraci\u00f3n de la OMC\u00bb,  indic\u00f3 la entidad en esa oportunidad.<\/p>\n<p>&#13;<\/p>\n<p align=\"justify\" class=\"text1noticias\">La cartera de  exteriores, sin embargo, precis\u00f3 que no habr\u00e1 un comunicado por el tema al  menos en las pr\u00f3ximas horas y que se estudiar\u00e1 el caso bajo los lineamientos  planteados inicialmente.<\/p>\n<p>&#13;<\/p>\n<p align=\"justify\" class=\"text1noticias\">Desde el sector  lechero de Argentina, en tanto, el representante de la Confederaci\u00f3n de  Asociaciones Rurales de Buenos Aires y La Pampa (Carbap), Carlos Schiapaccase, se mostr\u00f3 en  desacuerdo con la decisi\u00f3n chilena y neg\u00f3 nuevamente la existencia de subsidios  a la producci\u00f3n lechera de su pa\u00eds.<\/p>\n<p>&#13;<\/p>\n<p align=\"justify\" class=\"text1noticias\">\u00abLa realidad  t\u00e9cnica es que no existen subsidios en Argentina para la leche, por el  contrario, hay retenciones impositivas por la exportaci\u00f3n y que son  importantes\u00bb, puntualiz\u00f3 el dirigente.<\/p>\n<p>&#13;<\/p>\n<p align=\"justify\" class=\"text1noticias\">Agreg\u00f3 que  \u00absubsidios de otro tipo no tenemos, se me ocurre que deben haber  condiciones naturales que llevan a una mayor eficiencia, aunque me gustar\u00eda  tener en mi mano las estad\u00edsticas chilenas\u00bb.<\/p>\n<p>&#13;<\/p>\n<p align=\"justify\" class=\"text1noticias\">Consultado  entonces por una eventual vinculaci\u00f3n entre las salvaguardias aplicadas y la  negociaci\u00f3n entre ambos pa\u00edses por el gas, el dirigente se mostr\u00f3 cauto, aunque  desliz\u00f3 que \u00abignoro en qu\u00e9 grado de negociaci\u00f3n se encuentra todo lo que  hace al mercado interno nacional\u00bb.<\/p>\n<p>&#13;<\/p>\n<p align=\"justify\" class=\"text1noticias\">M\u00e1s a\u00fan, a\u00f1adi\u00f3  que \u00abprecisamente llama la atenci\u00f3n que se haya tomado a los productos  l\u00e1cteos y fundamentalmente a tres productos como la leche fluida, la leche en  polvo y el queso gouda, no se por qu\u00e9 se eligieron esos productos que son los  m\u00e1s primarios de la l\u00ednea de producci\u00f3n\u00bb.<\/p>\n<p>&#13;<\/p>\n<p align=\"justify\" class=\"text1noticias\">Reconoci\u00f3 tambi\u00e9n  que \u00abal productor argentino lo perjudica, Chile es un buen mercado\u00bb,  agregando que \u00abtambi\u00e9n debemos pensar que si el gobierno argentino, como  debiera entender, levanta las retenciones a las exportaciones l\u00e1cteas  argentinas, Argentina tambi\u00e9n tiene ubicaci\u00f3n del producto en otros pa\u00edses\u00bb,  remarc\u00f3.<\/p>\n<p>&#13;<\/p>\n<p align=\"justify\" class=\"text1noticias\">Concluy\u00f3 el  dirigente insistiendo en que \u00abArgentina no hizo nada para que Chile haya  decidido una aplicaci\u00f3n de este tipo\u00bb, y junto con apelar a sus pares para  organizarse, finaliz\u00f3 adelantando que el tema \u00abla semana que viene va a  estar seguramente en la orden del d\u00eda en las reuniones\u00bb.<\/p>\n<p>&#13;<\/p>\n<h6> 2006-10-07 14:28:54 <\/h6>\n<p><!--\n<link rel=\"stylesheet\" href=\"css\/bootstrap.min.css\">\n\n\n<ul class=\"pagination\">\n\t    \n\t\n\n<li >\n\t<a href='?page_no=30123'>Previous<\/a>\n\t<\/li>\n\n\n       \n    \n\n<li><a href='?page_no=1'>1<\/a><\/li>\n\n\n\n<li><a href='?page_no=2'>2<\/a><\/li>\n\n\n\n<li><a>...<\/a><\/li>\n\n\n\n<li><a href='?page_no=30122'>30122<\/a><\/li>\n\n\n\n<li><a href='?page_no=30123'>30123<\/a><\/li>\n\n\n\n<li class='active'><a>30124<\/a><\/li>\n\n\n\n<li><a href='?page_no=30125'>30125<\/a><\/li>\n\n\n\n<li><a href='?page_no=30126'>30126<\/a><\/li>\n\n\n\n<li><a>...<\/a><\/li>\n\n\n\n<li><a href='?page_no=30472'>30472<\/a><\/li>\n\n\n\n<li><a href='?page_no=30473'>30473<\/a><\/li>\n\n    \n\t\n\n<li >\n\t<a href='?page_no=30125'>Next<\/a>\n\t<\/li>\n\n\n    \n\n<li><a href='?page_no=30473'>Last &rsaquo;&rsaquo;<\/a><\/li>\n\n<\/ul>\n\n\n--><br \/>\n<\/body><\/p>\n","protected":false},"excerpt":{"rendered":"<p>Argentina recurrir\u00eda a la OMC por salvaguardias aplicadas en Chile a productos l\u00e1cteos &#13; SANTIAGO, Chile.- Argentina recurrir\u00eda a la Organizaci\u00f3n Mundial de Comercio (OMC) por la decisi\u00f3n chilena de aplicar salvaguardias de 23% a la leche l\u00edquida, en polvo y queso gouda que exporta a Chile &#13; La informaci\u00f3n fue entregada a agencia UPI [&hellip;]<\/p>\n","protected":false},"author":3,"featured_media":0,"comment_status":"open","ping_status":"open","sticky":false,"template":"","format":"standard","meta":{"footnotes":""},"categories":[18],"tags":[],"class_list":["post-124244","post","type-post","status-publish","format-standard","hentry","category-economia"],"_links":{"self":[{"href":"https:\/\/diariodominicano.com\/index.php?rest_route=\/wp\/v2\/posts\/124244","targetHints":{"allow":["GET"]}}],"collection":[{"href":"https:\/\/diariodominicano.com\/index.php?rest_route=\/wp\/v2\/posts"}],"about":[{"href":"https:\/\/diariodominicano.com\/index.php?rest_route=\/wp\/v2\/types\/post"}],"author":[{"embeddable":true,"href":"https:\/\/diariodominicano.com\/index.php?rest_route=\/wp\/v2\/users\/3"}],"replies":[{"embeddable":true,"href":"https:\/\/diariodominicano.com\/index.php?rest_route=%2Fwp%2Fv2%2Fcomments&post=124244"}],"version-history":[{"count":0,"href":"https:\/\/diariodominicano.com\/index.php?rest_route=\/wp\/v2\/posts\/124244\/revisions"}],"wp:attachment":[{"href":"https:\/\/diariodominicano.com\/index.php?rest_route=%2Fwp%2Fv2%2Fmedia&parent=124244"}],"wp:term":[{"taxonomy":"category","embeddable":true,"href":"https:\/\/diariodominicano.com\/index.php?rest_route=%2Fwp%2Fv2%2Fcategories&post=124244"},{"taxonomy":"post_tag","embeddable":true,"href":"https:\/\/diariodominicano.com\/index.php?rest_route=%2Fwp%2Fv2%2Ftags&post=124244"}],"curies":[{"name":"wp","href":"https:\/\/api.w.org\/{rel}","templated":true}]}}