{"id":124234,"date":"2006-10-09T12:29:14","date_gmt":"2006-10-09T12:29:14","guid":{"rendered":"http:\/\/diariodominicano.ddns.net\/?p=124234"},"modified":"2006-10-09T12:29:14","modified_gmt":"2006-10-09T12:29:14","slug":"cei-rd-ofrecera-conferencia-en-miami-sobre-el-dr-cafta","status":"publish","type":"post","link":"https:\/\/diariodominicano.com\/?p=124234","title":{"rendered":"CEI-RD  ofrecer\u00e1 conferencia en Miami sobre el DR-CAFTA"},"content":{"rendered":"<p><body><\/p>\n<p align=\"justify\"><span class=\"titulogrande1\">CEI-RD\u00a0 ofrecer\u00e1 conferencia en Miami sobre el  DR-CAFTA<\/span><br \/>&#13;<br \/>\n    <br \/>&#13;<br \/>\n    <span class=\"text1noticias\">En el Almuerzo-Conferencia, el orador  principal ser\u00e1 \u00a0Eddy Mart\u00ednez Manzueta,  director del Centro de Exportaci\u00f3n e inversi\u00f3n de la Rep\u00fablica Dominicana.<br \/>&#13;<br \/>\n    <strong><br \/>&#13;<br \/>\nMiami, Florida.- <\/strong>El director del  Centro de Exportaci\u00f3n e inversiones de la Rep\u00fablica Dominicana,  \u00a0Eddy Mart\u00ednez Manzueta participar\u00e1 como  orador principal de un almuerzo de la Dominican International  Chamber Of Commerce of Florida DICC, donde \u00a0expondr\u00e1 los beneficios y los pormenores sobre  el tratado DR-CAFTA. <\/span><\/p>\n<p>&#13;<\/p>\n<p align=\"justify\" class=\"text1noticias\">La conferencia se realizar\u00e1  el pr\u00f3ximo jueves 12 de octubre en el Hotel Hilton Miami Airport de la 5101  Blue Lagoon Drive de Miami, a partir de las 12 del mediod\u00eda, indica un bolet\u00edn  de prensa de los organizadores.<br \/>&#13;<br \/>\n    <br \/>&#13;<br \/>\n    Mart\u00ednez Manzueta, quien tambi\u00e9n es Secretario de Estado del Gobierno  dominicano, ha anunciado que el pa\u00eds est\u00e1 preparado para la entrada en vigencia  del acuerdo lo que se producir\u00e1 antes de finalizar el presente a\u00f1o y en tal  sentido se est\u00e1n preparando todas las instituciones del sector p\u00fablico y  privado para facilitar al empresariado dominicano las herramientas necesarias  para la competici\u00f3n.<br \/>&#13;<br \/>\n    <br \/>&#13;<br \/>\n    En la conferencia participar\u00e1n miembros de un gran n\u00famero de entidades,  empresarios y C\u00e1maras de Comercio de la Florida.   Los participantes podr\u00e1n cuestionar sus dudas sobre todo lo  concerniente a la aplicaci\u00f3n del DR-CAFTA y el comercio bilateral. <br \/>&#13;<br \/>\n    <br \/>&#13;<br \/>\n\u00a0Lita Haeger, presidenta de la Association of  Bi-National Chambers of Commerce (ABICC), entidad que aglutina un gran n\u00famero  de C\u00e1maras de Comercios ha endosado el programa por considerarlo de gran  importancia para la comunidad empresarial.<br \/>&#13;<br \/>\n  <br \/>&#13;<br \/>\n  Seg\u00fan Yunis Segura- McNally, presidenta de la DICC, el acto con empresarios de\u00a0la Florida y las autoridades  dominicanas que est\u00e1n directamente encargados de dar seguimiento al tratado  DR-CAFTA es de vital importancia en estos momentos que entrar\u00e1 en vigencia el  acuerdo,\u00a0\u00a0\u201cEste evento forma parte del ciclo de Conferencias y  Seminarios especiales que patrocinar\u00e1 la Dominican Internacional  Chamber of Commerce con la finalidad de orientar y preparar adecuadamente a los  comerciantes sobre los beneficios del tratado DR-CAFTA con USA\u201d, afirm\u00f3 Segura.<br \/>&#13;<br \/>\n  <br \/>&#13;<br \/>\n  Ram\u00f3n Barros, Vicepresidente de la   DICC y encargado del CAFTA-RD por la entidad, dijo que se abre  una nueva era en los negocios. \u201cPrepararse con los elementos necesarios para la  competitividad ser\u00e1n parte del \u00e9xito de nuestros empresarios en los mercados  locales y, nuestra c\u00e1mara est\u00e1 dispuesta a suplir a los empresarios dominicanos  toda la orientaci\u00f3n necesaria para ingresar con pasos firmes en el comercio con  los Estados Unidos bajo los t\u00e9rminos del tratado\u201d.<\/p>\n<p>&#13;<\/p>\n<p align=\"justify\" class=\"text1noticias\">Andy de Jes\u00fas, alto ejecutivo  de la entidad, se sinti\u00f3 complacido con el apoyo que se le esta brindando al  evento por parte de la comunidad empresarial de la Florida.<\/p>\n<p>&#13;<\/p>\n<p align=\"justify\" class=\"text1noticias\">Tambi\u00e9n indic\u00f3 Eddy Mart\u00ednez  Manzueta es uno de los funcionarios m\u00e1s comprometidos con la entrada en  vigencia del acuerdo, adem\u00e1s de ser uno de los m\u00e1s versados en conocimiento  sobre el tratado DR-CAFTA, de igual forma hizo un llamado a los comerciantes  para que participen\u00a0en del evento.<\/p>\n<p>&#13;<\/p>\n<h6> 2006-10-09 12:29:14 <\/h6>\n<p><!--\n<link rel=\"stylesheet\" href=\"css\/bootstrap.min.css\">\n\n\n<ul class=\"pagination\">\n\t    \n\t\n\n<li >\n\t<a href='?page_no=30113'>Previous<\/a>\n\t<\/li>\n\n\n       \n    \n\n<li><a href='?page_no=1'>1<\/a><\/li>\n\n\n\n<li><a href='?page_no=2'>2<\/a><\/li>\n\n\n\n<li><a>...<\/a><\/li>\n\n\n\n<li><a href='?page_no=30112'>30112<\/a><\/li>\n\n\n\n<li><a href='?page_no=30113'>30113<\/a><\/li>\n\n\n\n<li class='active'><a>30114<\/a><\/li>\n\n\n\n<li><a href='?page_no=30115'>30115<\/a><\/li>\n\n\n\n<li><a href='?page_no=30116'>30116<\/a><\/li>\n\n\n\n<li><a>...<\/a><\/li>\n\n\n\n<li><a href='?page_no=30472'>30472<\/a><\/li>\n\n\n\n<li><a href='?page_no=30473'>30473<\/a><\/li>\n\n    \n\t\n\n<li >\n\t<a href='?page_no=30115'>Next<\/a>\n\t<\/li>\n\n\n    \n\n<li><a href='?page_no=30473'>Last &rsaquo;&rsaquo;<\/a><\/li>\n\n<\/ul>\n\n\n--><br \/>\n<\/body><\/p>\n","protected":false},"excerpt":{"rendered":"<p>CEI-RD\u00a0 ofrecer\u00e1 conferencia en Miami sobre el DR-CAFTA&#13; &#13; En el Almuerzo-Conferencia, el orador principal ser\u00e1 \u00a0Eddy Mart\u00ednez Manzueta, director del Centro de Exportaci\u00f3n e inversi\u00f3n de la Rep\u00fablica Dominicana.&#13; &#13; Miami, Florida.- El director del Centro de Exportaci\u00f3n e inversiones de la Rep\u00fablica Dominicana, \u00a0Eddy Mart\u00ednez Manzueta participar\u00e1 como orador principal de un almuerzo [&hellip;]<\/p>\n","protected":false},"author":3,"featured_media":0,"comment_status":"open","ping_status":"open","sticky":false,"template":"","format":"standard","meta":{"footnotes":""},"categories":[18],"tags":[],"class_list":["post-124234","post","type-post","status-publish","format-standard","hentry","category-economia"],"_links":{"self":[{"href":"https:\/\/diariodominicano.com\/index.php?rest_route=\/wp\/v2\/posts\/124234","targetHints":{"allow":["GET"]}}],"collection":[{"href":"https:\/\/diariodominicano.com\/index.php?rest_route=\/wp\/v2\/posts"}],"about":[{"href":"https:\/\/diariodominicano.com\/index.php?rest_route=\/wp\/v2\/types\/post"}],"author":[{"embeddable":true,"href":"https:\/\/diariodominicano.com\/index.php?rest_route=\/wp\/v2\/users\/3"}],"replies":[{"embeddable":true,"href":"https:\/\/diariodominicano.com\/index.php?rest_route=%2Fwp%2Fv2%2Fcomments&post=124234"}],"version-history":[{"count":0,"href":"https:\/\/diariodominicano.com\/index.php?rest_route=\/wp\/v2\/posts\/124234\/revisions"}],"wp:attachment":[{"href":"https:\/\/diariodominicano.com\/index.php?rest_route=%2Fwp%2Fv2%2Fmedia&parent=124234"}],"wp:term":[{"taxonomy":"category","embeddable":true,"href":"https:\/\/diariodominicano.com\/index.php?rest_route=%2Fwp%2Fv2%2Fcategories&post=124234"},{"taxonomy":"post_tag","embeddable":true,"href":"https:\/\/diariodominicano.com\/index.php?rest_route=%2Fwp%2Fv2%2Ftags&post=124234"}],"curies":[{"name":"wp","href":"https:\/\/api.w.org\/{rel}","templated":true}]}}