{"id":124220,"date":"2006-10-13T11:15:34","date_gmt":"2006-10-13T11:15:34","guid":{"rendered":"http:\/\/diariodominicano.ddns.net\/?p=124220"},"modified":"2006-10-13T11:15:34","modified_gmt":"2006-10-13T11:15:34","slug":"en-puerto-rico-preocupa-la-posible-apertura-de-cuba-al-mercado","status":"publish","type":"post","link":"https:\/\/diariodominicano.com\/?p=124220","title":{"rendered":"En Puerto Rico preocupa la posible apertura de Cuba al mercado"},"content":{"rendered":"<p><body><\/p>\n<p align=\"justify\" class=\"titulogrande1\"><strong>En  Puerto Rico preocupa la posible apertura de Cuba al mercado <\/strong><\/p>\n<p>&#13;<\/p>\n<p align=\"justify\" class=\"text1noticias\"><strong>SAN  JUAN<\/strong> \u2014 \u201cCuba y Puerto Rico son de un  p\u00e1jaro las dos alas\u201d, pero, si se trata de negocios, diversos sectores  econ\u00f3micos puertorrique\u00f1os recelan la posible apertura del pa\u00eds caribe\u00f1o.<br \/>&#13;<br \/>\n  <br \/>&#13;<br \/>\n  La  directora ejecutiva de la Asociaci\u00f3n de Hoteles y Turismo, Clarisa Jim\u00e9nez,  alert\u00f3 el hoy sobre lo que, a su juicio, ser\u00eda una amenaza para Puerto Rico la  inmersi\u00f3n de Cuba en el comercio internacional debido a sus competitivas  ofertas como destino tur\u00edstico.<br \/>&#13;<br \/>\n  <br \/>&#13;<br \/>\n\u201cLa  competencia en el mercado tur\u00edstico mundial, incluso en el regional, es  violenta y, si no tomamos las medidas necesarias, veremos c\u00f3mo la Isla cada d\u00eda  pierde su participaci\u00f3n de mercado y su liderato dentro de la regi\u00f3n caribe\u00f1a\u201d,  expres\u00f3 la funcionaria.<br \/>&#13;<br \/>\n<br \/>&#13;<br \/>\nLas  expresiones de Jim\u00e9nez en un foro sobre el impacto socioecon\u00f3mico que  representar\u00eda para Puerto Rico la apertura de Cuba contrastan con las del  secretario del Departamento de Desarrollo Econ\u00f3mico y Comercio (DDEC), Ricardo  Rivera, quien afirm\u00f3 que la menor de las Antillas Mayores podr\u00eda capitalizar la  oportunidad que surgir\u00eda de mercadear con Cuba.<br \/>&#13;<br \/>\n<br \/>&#13;<br \/>\nRivera  sostuvo que Puerto Rico lleva cerca de 50 a\u00f1os trabajando en la tecnolog\u00eda del  conocimiento a trav\u00e9s de farmac\u00e9uticas y f\u00e1bricas de equipo m\u00e9dico, por lo que  el gobierno local deber\u00eda aprovechar las circunstancias para ampliar sus  actividades en el mercado internacional a trav\u00e9s de la exportaci\u00f3n.<br \/>&#13;<br \/>\n<br \/>&#13;<br \/>\n\u201cDesde  el punto de vista de exportaci\u00f3n, podemos ver inmediatamente oportunidades  tanto en bebidas y alimentos, dispositivos m\u00e9dicos, expansi\u00f3n de la tecnolog\u00eda  y adem\u00e1s, en todo lo que tenga que ver con servicios, como: servicios  financieros, servicios de seguros, servicios profesionales, de ingenier\u00eda y  otros\u201d, dijo Rivera.<br \/>&#13;<br \/>\n<br \/>&#13;<br \/>\nInsisti\u00f3  en que la Isla posee la infraestructura m\u00e1s avanzada de todo el Caribe, por lo  que Cuba no deber\u00eda verse como una competencia, sino como un potencial lugar  donde se puedan ampliar los negocios boricuas.<br \/>&#13;<br \/>\n<br \/>&#13;<br \/>\nDesde  que se anunci\u00f3 el deterioro en la salud del presidente cubano, Fidel Castro, la  Asamblea Legislativa de mayor\u00eda anexionista ha celebrado vistas p\u00fablicas en las  que han participado funcionarios de la Rama Ejecutiva para determinar si la  apertura de ese pa\u00eds al foro internacional tendr\u00e1 un impacto adverso en la  econom\u00eda puertorrique\u00f1a.<\/p>\n<p>&#13;<\/p>\n<h6> 2006-10-13 11:15:34 <\/h6>\n<p><!--\n<link rel=\"stylesheet\" href=\"css\/bootstrap.min.css\">\n\n\n<ul class=\"pagination\">\n\t    \n\t\n\n<li >\n\t<a href='?page_no=30099'>Previous<\/a>\n\t<\/li>\n\n\n       \n    \n\n<li><a href='?page_no=1'>1<\/a><\/li>\n\n\n\n<li><a href='?page_no=2'>2<\/a><\/li>\n\n\n\n<li><a>...<\/a><\/li>\n\n\n\n<li><a href='?page_no=30098'>30098<\/a><\/li>\n\n\n\n<li><a href='?page_no=30099'>30099<\/a><\/li>\n\n\n\n<li class='active'><a>30100<\/a><\/li>\n\n\n\n<li><a href='?page_no=30101'>30101<\/a><\/li>\n\n\n\n<li><a href='?page_no=30102'>30102<\/a><\/li>\n\n\n\n<li><a>...<\/a><\/li>\n\n\n\n<li><a href='?page_no=30472'>30472<\/a><\/li>\n\n\n\n<li><a href='?page_no=30473'>30473<\/a><\/li>\n\n    \n\t\n\n<li >\n\t<a href='?page_no=30101'>Next<\/a>\n\t<\/li>\n\n\n    \n\n<li><a href='?page_no=30473'>Last &rsaquo;&rsaquo;<\/a><\/li>\n\n<\/ul>\n\n\n--><br \/>\n<\/body><\/p>\n","protected":false},"excerpt":{"rendered":"<p>En Puerto Rico preocupa la posible apertura de Cuba al mercado &#13; SAN JUAN \u2014 \u201cCuba y Puerto Rico son de un p\u00e1jaro las dos alas\u201d, pero, si se trata de negocios, diversos sectores econ\u00f3micos puertorrique\u00f1os recelan la posible apertura del pa\u00eds caribe\u00f1o.&#13; &#13; La directora ejecutiva de la Asociaci\u00f3n de Hoteles y Turismo, Clarisa [&hellip;]<\/p>\n","protected":false},"author":3,"featured_media":0,"comment_status":"open","ping_status":"open","sticky":false,"template":"","format":"standard","meta":{"footnotes":""},"categories":[18],"tags":[],"class_list":["post-124220","post","type-post","status-publish","format-standard","hentry","category-economia"],"_links":{"self":[{"href":"https:\/\/diariodominicano.com\/index.php?rest_route=\/wp\/v2\/posts\/124220","targetHints":{"allow":["GET"]}}],"collection":[{"href":"https:\/\/diariodominicano.com\/index.php?rest_route=\/wp\/v2\/posts"}],"about":[{"href":"https:\/\/diariodominicano.com\/index.php?rest_route=\/wp\/v2\/types\/post"}],"author":[{"embeddable":true,"href":"https:\/\/diariodominicano.com\/index.php?rest_route=\/wp\/v2\/users\/3"}],"replies":[{"embeddable":true,"href":"https:\/\/diariodominicano.com\/index.php?rest_route=%2Fwp%2Fv2%2Fcomments&post=124220"}],"version-history":[{"count":0,"href":"https:\/\/diariodominicano.com\/index.php?rest_route=\/wp\/v2\/posts\/124220\/revisions"}],"wp:attachment":[{"href":"https:\/\/diariodominicano.com\/index.php?rest_route=%2Fwp%2Fv2%2Fmedia&parent=124220"}],"wp:term":[{"taxonomy":"category","embeddable":true,"href":"https:\/\/diariodominicano.com\/index.php?rest_route=%2Fwp%2Fv2%2Fcategories&post=124220"},{"taxonomy":"post_tag","embeddable":true,"href":"https:\/\/diariodominicano.com\/index.php?rest_route=%2Fwp%2Fv2%2Ftags&post=124220"}],"curies":[{"name":"wp","href":"https:\/\/api.w.org\/{rel}","templated":true}]}}