{"id":124196,"date":"2006-10-19T11:20:04","date_gmt":"2006-10-19T11:20:04","guid":{"rendered":"http:\/\/diariodominicano.ddns.net\/?p=124196"},"modified":"2006-10-19T11:20:04","modified_gmt":"2006-10-19T11:20:04","slug":"javier-garcia-dice-se-esta-a-un-paso-del-tlc","status":"publish","type":"post","link":"https:\/\/diariodominicano.com\/?p=124196","title":{"rendered":"Javier Garc\u00eda dice se est\u00e1 a un paso del TLC"},"content":{"rendered":"<p><body><\/p>\n<p align=\"justify\" class=\"titulogrande1\">Javier  Garc\u00eda dice se est\u00e1 a un paso del TLC<\/p>\n<p>&#13;<\/p>\n<p align=\"justify\" class=\"text1noticias\">SANTO DOMINGO.-El secretario  de Industria y Comercio, Francisco Javier Garc\u00eda inform\u00f3 este mi\u00e9rcoles que la Rep\u00fablica Dominicana  concluy\u00f3 de manera satisfactoria el proceso de armonizaci\u00f3n de documentos  indispensables para la entrada en vigencia del Tratado de Libre Comercio con  los Estados Unidos y Centroam\u00e9rica.\u00a0 <br \/>&#13;<br \/>\n  \u00a0 <br \/>&#13;<br \/>\n\u00a0Explic\u00f3 que durante ese proceso fueron  armonizados todos los proyectos pendientes de leyes como la de Propiedad  Industrial (20-00), la de Derecho de Autor (65-00), de Compras Gubernamentales,  lo relativo a los Contingentes Agr\u00edcolas y lo concerniente a los textiles. <\/p>\n<p>&#13;<\/p>\n<p align=\"justify\" class=\"text1noticias\">Garc\u00eda habl\u00f3 en una  conferencia de prensa en la sede de Administraci\u00f3n de Tratados Comerciales de la Secretar\u00eda de Industria  y Comercio, en la cual estuvo acompa\u00f1ado por la licenciada Vilma Arbaje,  directora de Comercio Exterior de la   SEIC, y el licenciado Guarocuya F\u00e9lix, director de la Oficina Nacional  de Planificaci\u00f3n (ONAPLAN). <\/p>\n<p>&#13;<\/p>\n<p align=\"justify\" class=\"text1noticias\">Anunci\u00f3 que el pr\u00f3ximo lunes  ser\u00e1 sometido al Congreso, por ambas c\u00e1maras simult\u00e1neamente, el proyecto de  Ley de Implementaci\u00f3n del DR-CAFTA, que unifica todas las modificaciones de  textos jur\u00eddicos necesarios para la implementaci\u00f3n del tratado. <\/p>\n<p>&#13;<\/p>\n<p align=\"justify\" class=\"text1noticias\">Garantiz\u00f3 que el proceso de  conocimiento de la pieza en el congreso ser\u00e1 \u00e1gil, ya que la pasada semana se  reuni\u00f3 con los presidentes de la   C\u00e1mara de Diputados y del Senado para pedirles que agilizaran  lo relativo a las discusiones en torno al proyecto de Ley de Implementaci\u00f3n del  DR-CAFTA. <\/p>\n<p>&#13;<\/p>\n<p align=\"justify\" class=\"text1noticias\">Agradeci\u00f3 la forma profesional  con que la prensa dominicana manej\u00f3 el tema del DR-CAFTA durante los diez meses  que dur\u00f3 el proceso de armonizaci\u00f3n de documentos para la implementaci\u00f3n con  las autoridades de Washington. <\/p>\n<p>&#13;<\/p>\n<p align=\"justify\" class=\"text1noticias\">Tambi\u00e9n agradeci\u00f3 la  cooperaci\u00f3n del embajador de los Estados Unidos en la Rep\u00fablica Dominicana,  \u00a0Hans Hertell, a la C\u00e1mara Americana  de Comercio y a las asociaciones empresariales. <\/p>\n<p>&#13;<\/p>\n<h6> 2006-10-19 11:20:04 <\/h6>\n<p><!--\n<link rel=\"stylesheet\" href=\"css\/bootstrap.min.css\">\n\n\n<ul class=\"pagination\">\n\t    \n\t\n\n<li >\n\t<a href='?page_no=30075'>Previous<\/a>\n\t<\/li>\n\n\n       \n    \n\n<li><a href='?page_no=1'>1<\/a><\/li>\n\n\n\n<li><a href='?page_no=2'>2<\/a><\/li>\n\n\n\n<li><a>...<\/a><\/li>\n\n\n\n<li><a href='?page_no=30074'>30074<\/a><\/li>\n\n\n\n<li><a href='?page_no=30075'>30075<\/a><\/li>\n\n\n\n<li class='active'><a>30076<\/a><\/li>\n\n\n\n<li><a href='?page_no=30077'>30077<\/a><\/li>\n\n\n\n<li><a href='?page_no=30078'>30078<\/a><\/li>\n\n\n\n<li><a>...<\/a><\/li>\n\n\n\n<li><a href='?page_no=30472'>30472<\/a><\/li>\n\n\n\n<li><a href='?page_no=30473'>30473<\/a><\/li>\n\n    \n\t\n\n<li >\n\t<a href='?page_no=30077'>Next<\/a>\n\t<\/li>\n\n\n    \n\n<li><a href='?page_no=30473'>Last &rsaquo;&rsaquo;<\/a><\/li>\n\n<\/ul>\n\n\n--><br \/>\n<\/body><\/p>\n","protected":false},"excerpt":{"rendered":"<p>Javier Garc\u00eda dice se est\u00e1 a un paso del TLC &#13; SANTO DOMINGO.-El secretario de Industria y Comercio, Francisco Javier Garc\u00eda inform\u00f3 este mi\u00e9rcoles que la Rep\u00fablica Dominicana concluy\u00f3 de manera satisfactoria el proceso de armonizaci\u00f3n de documentos indispensables para la entrada en vigencia del Tratado de Libre Comercio con los Estados Unidos y Centroam\u00e9rica.\u00a0 [&hellip;]<\/p>\n","protected":false},"author":3,"featured_media":0,"comment_status":"open","ping_status":"open","sticky":false,"template":"","format":"standard","meta":{"footnotes":""},"categories":[18],"tags":[],"class_list":["post-124196","post","type-post","status-publish","format-standard","hentry","category-economia"],"_links":{"self":[{"href":"https:\/\/diariodominicano.com\/index.php?rest_route=\/wp\/v2\/posts\/124196","targetHints":{"allow":["GET"]}}],"collection":[{"href":"https:\/\/diariodominicano.com\/index.php?rest_route=\/wp\/v2\/posts"}],"about":[{"href":"https:\/\/diariodominicano.com\/index.php?rest_route=\/wp\/v2\/types\/post"}],"author":[{"embeddable":true,"href":"https:\/\/diariodominicano.com\/index.php?rest_route=\/wp\/v2\/users\/3"}],"replies":[{"embeddable":true,"href":"https:\/\/diariodominicano.com\/index.php?rest_route=%2Fwp%2Fv2%2Fcomments&post=124196"}],"version-history":[{"count":0,"href":"https:\/\/diariodominicano.com\/index.php?rest_route=\/wp\/v2\/posts\/124196\/revisions"}],"wp:attachment":[{"href":"https:\/\/diariodominicano.com\/index.php?rest_route=%2Fwp%2Fv2%2Fmedia&parent=124196"}],"wp:term":[{"taxonomy":"category","embeddable":true,"href":"https:\/\/diariodominicano.com\/index.php?rest_route=%2Fwp%2Fv2%2Fcategories&post=124196"},{"taxonomy":"post_tag","embeddable":true,"href":"https:\/\/diariodominicano.com\/index.php?rest_route=%2Fwp%2Fv2%2Ftags&post=124196"}],"curies":[{"name":"wp","href":"https:\/\/api.w.org\/{rel}","templated":true}]}}