{"id":124194,"date":"2006-10-19T12:32:33","date_gmt":"2006-10-19T12:32:33","guid":{"rendered":"http:\/\/diariodominicano.ddns.net\/?p=124194"},"modified":"2006-10-19T12:32:33","modified_gmt":"2006-10-19T12:32:33","slug":"canciller-boliviano-reconoce-dialogo-con-chile-sobre-posible-venta-de-gas","status":"publish","type":"post","link":"https:\/\/diariodominicano.com\/?p=124194","title":{"rendered":"Canciller boliviano reconoce di\u00e1logo con Chile sobre posible venta de gas"},"content":{"rendered":"<p><body><\/p>\n<p class=\"titulogrande1\">Canciller boliviano reconoce di\u00e1logo con Chile sobre posible venta de  gas<\/p>\n<p>&#13;<\/p>\n<p align=\"justify\"><strong>SANTIAGO,  Chile.-<\/strong> <span class=\"text1noticias\">El canciller boliviano, <strong>David Choquehuanca<\/strong>, dijo hoy  que aunque <strong>\u00abno est\u00e1 en la agenda oficial\u00bb,<\/strong> su pa\u00eds  est\u00e1 hablando con Chile sobre la posibilidad de venderle gas.<br \/>&#13;<br \/>\n  <br \/>&#13;<br \/>\n\u00abCon  Chile llevamos adelante un proceso de di\u00e1logo y tenemos una agenda oficial y en  esa agenda por primera vez est\u00e1 contemplado el tema mar\u00edtimo y <strong>no est\u00e1  el tema del gas<\/strong>, oficialmente. Sin embargo <strong>los ministros  tienen algunos encuentros a nivel t\u00e9cnico<\/strong>\u00ab, se\u00f1al\u00f3 Choquehuanca.<br \/>&#13;<br \/>\n<br \/>&#13;<br \/>\nEl  canciller hizo estas declaraciones en Montevideo, donde se encuentra de visita  oficial y tras entrevistarse con su hom\u00f3logo uruguayo, Reinaldo Gargano.<br \/>&#13;<br \/>\n<br \/>&#13;<br \/>\nChoquehuanca  explic\u00f3 que en los encuentros que se han dado sobre el tema energ\u00e9tico se han  explorado diversas posibilidades, aunque no hizo menci\u00f3n si entre ellas se  encuentra la de negociar dicha venta a cambio de la ansiada salida boliviana al  Pac\u00edfico.<br \/>&#13;<br \/>\n<br \/>&#13;<br \/>\nBolivia  perdi\u00f3 su salida al mar a finales del siglo XIX y desde entonces ha intentado  recuperarla.<br \/>&#13;<br \/>\n<br \/>&#13;<br \/>\nNo  obstante, Choquehuanca especific\u00f3 que cualquier soluci\u00f3n que se encuentre en  torno al tema energ\u00e9tico ser\u00e1 \u00abconsultada al pueblo boliviano\u00bb.<br \/>&#13;<br \/>\n<br \/>&#13;<br \/>\n  <strong>VENEZUELA<br \/>&#13;<br \/>\n  <br \/>&#13;<br \/>\n  <\/strong>Por  otra parte, el canciller quiso quitar peso a las informaciones sobre las bases  militares que supuestamente construir\u00e1n en sus fronteras con financiaci\u00f3n  venezolana.<br \/>&#13;<br \/>\n  <br \/>&#13;<br \/>\n  Choquehuanca  dijo que el acuerdo de colaboraci\u00f3n con Venezuela es similar a uno que fue  firmado con el gobierno de Espa\u00f1a.<br \/>&#13;<br \/>\n  <br \/>&#13;<br \/>\n\u00abEn  el convenio se habla de dos construcciones uno de ellos es un fuerte que va a  fortalecer a las fuerzas armadas para que puedan empezar a ayudar a trabajar en  la construcci\u00f3n de carreteras\u00bb, explic\u00f3 el canciller, quien no quiso  ahondar m\u00e1s en el tema.<br \/>&#13;<br \/>\n<br \/>&#13;<br \/>\nPor  otra parte y con respecto a las tensiones que Bolivia mantiene con Brasil tras  la nacionalizaci\u00f3n de los hidrocarburos y su explotaci\u00f3n, Choquehuanca afirm\u00f3  que \u00abla relaci\u00f3n con Brasil est\u00e1 bien, son buenas\u00bb.<br \/>&#13;<br \/>\n<br \/>&#13;<br \/>\n\u00abEl  decreto de nacionalizaci\u00f3n establece plazos, esperamos que las empresas ya sean  brasile\u00f1as o espa\u00f1olas o de otro pa\u00eds cumplan lo que establecen las normas en  Bolivia\u00bb, especific\u00f3 el canciller, quien dijo que \u00abantes algunas  empresas evad\u00edan algunas normas\u00bb.<br \/>&#13;<br \/>\n<br \/>&#13;<br \/>\n\u00abEste  gobierno hace cumplir las normas\u00bb, agreg\u00f3.<\/span><\/p>\n<p>&#13;<\/p>\n<h6> 2006-10-19 12:32:33 <\/h6>\n<p><!--\n<link rel=\"stylesheet\" href=\"css\/bootstrap.min.css\">\n\n\n<ul class=\"pagination\">\n\t    \n\t\n\n<li >\n\t<a href='?page_no=30073'>Previous<\/a>\n\t<\/li>\n\n\n       \n    \n\n<li><a href='?page_no=1'>1<\/a><\/li>\n\n\n\n<li><a href='?page_no=2'>2<\/a><\/li>\n\n\n\n<li><a>...<\/a><\/li>\n\n\n\n<li><a href='?page_no=30072'>30072<\/a><\/li>\n\n\n\n<li><a href='?page_no=30073'>30073<\/a><\/li>\n\n\n\n<li class='active'><a>30074<\/a><\/li>\n\n\n\n<li><a href='?page_no=30075'>30075<\/a><\/li>\n\n\n\n<li><a href='?page_no=30076'>30076<\/a><\/li>\n\n\n\n<li><a>...<\/a><\/li>\n\n\n\n<li><a href='?page_no=30472'>30472<\/a><\/li>\n\n\n\n<li><a href='?page_no=30473'>30473<\/a><\/li>\n\n    \n\t\n\n<li >\n\t<a href='?page_no=30075'>Next<\/a>\n\t<\/li>\n\n\n    \n\n<li><a href='?page_no=30473'>Last &rsaquo;&rsaquo;<\/a><\/li>\n\n<\/ul>\n\n\n--><br \/>\n<\/body><\/p>\n","protected":false},"excerpt":{"rendered":"<p>Canciller boliviano reconoce di\u00e1logo con Chile sobre posible venta de gas &#13; SANTIAGO, Chile.- El canciller boliviano, David Choquehuanca, dijo hoy que aunque \u00abno est\u00e1 en la agenda oficial\u00bb, su pa\u00eds est\u00e1 hablando con Chile sobre la posibilidad de venderle gas.&#13; &#13; \u00abCon Chile llevamos adelante un proceso de di\u00e1logo y tenemos una agenda oficial [&hellip;]<\/p>\n","protected":false},"author":3,"featured_media":0,"comment_status":"open","ping_status":"open","sticky":false,"template":"","format":"standard","meta":{"footnotes":""},"categories":[18],"tags":[],"class_list":["post-124194","post","type-post","status-publish","format-standard","hentry","category-economia"],"_links":{"self":[{"href":"https:\/\/diariodominicano.com\/index.php?rest_route=\/wp\/v2\/posts\/124194","targetHints":{"allow":["GET"]}}],"collection":[{"href":"https:\/\/diariodominicano.com\/index.php?rest_route=\/wp\/v2\/posts"}],"about":[{"href":"https:\/\/diariodominicano.com\/index.php?rest_route=\/wp\/v2\/types\/post"}],"author":[{"embeddable":true,"href":"https:\/\/diariodominicano.com\/index.php?rest_route=\/wp\/v2\/users\/3"}],"replies":[{"embeddable":true,"href":"https:\/\/diariodominicano.com\/index.php?rest_route=%2Fwp%2Fv2%2Fcomments&post=124194"}],"version-history":[{"count":0,"href":"https:\/\/diariodominicano.com\/index.php?rest_route=\/wp\/v2\/posts\/124194\/revisions"}],"wp:attachment":[{"href":"https:\/\/diariodominicano.com\/index.php?rest_route=%2Fwp%2Fv2%2Fmedia&parent=124194"}],"wp:term":[{"taxonomy":"category","embeddable":true,"href":"https:\/\/diariodominicano.com\/index.php?rest_route=%2Fwp%2Fv2%2Fcategories&post=124194"},{"taxonomy":"post_tag","embeddable":true,"href":"https:\/\/diariodominicano.com\/index.php?rest_route=%2Fwp%2Fv2%2Ftags&post=124194"}],"curies":[{"name":"wp","href":"https:\/\/api.w.org\/{rel}","templated":true}]}}