{"id":124191,"date":"2006-10-20T19:37:38","date_gmt":"2006-10-20T19:37:38","guid":{"rendered":"http:\/\/diariodominicano.ddns.net\/?p=124191"},"modified":"2006-10-20T19:37:38","modified_gmt":"2006-10-20T19:37:38","slug":"segura-insiste-fue-un-mal-negocio-el-acuerdo-de-madrid","status":"publish","type":"post","link":"https:\/\/diariodominicano.com\/?p=124191","title":{"rendered":"Segura insiste fue un mal negocio el acuerdo de Madrid"},"content":{"rendered":"<p><body><\/p>\n<p class=\"titulogrande1\">Segura insiste fue un mal negocio el acuerdo de Madrid<\/p>\n<p>&#13;<\/p>\n<p align=\"justify\"><strong>SANTO DOMINGO.-<\/strong> <span class=\"text1noticias\">Radham\u00e9s Segura, integrante del Comit\u00e9  Pol\u00edtico del Partido de la Liberaci\u00f3n Dominicana (PLD) y Vicepresidente de la Corporaci\u00f3n Dominicana  de Empresas El\u00e9ctricas Estatales (CDEEE), expres\u00f3 que fue un mal negocio el  denominado Acuerdo de Madrid y que peores fueron las decisiones tomadas por las  pasadas autoridades perredeistas tratando de enmendarlo.<br \/>&#13;<br \/>\n  \u00a0<br \/>&#13;<br \/>\n\u201cAhora lo que se hizo para resolver el problema fue muy  malo\u201d, proclam\u00f3 el director de la   CDEEE al denunciar que esos contratos que venc\u00edan en agosto  de 2004 los extendieron hasta el 2016.<br \/>&#13;<br \/>\n  \u00a0<br \/>&#13;<br \/>\n  El alto dirigente del PLD calific\u00f3 de deplorable la  condici\u00f3n en que se hizo la ampliaci\u00f3n a estos contratos para el Estado  Dominicano que le est\u00e1 tocando llevar una carga por tanto tiempo.<br \/>&#13;<br \/>\n  \u00a0<br \/>&#13;<br \/>\n\u201cFue un negocio malo para el Gobierno dominicano porque a  esta empresa se le incrementaron sustancialmente los beneficios o derechos  adquiridos que ya hab\u00edan tenido con los contratos de capitalizaci\u00f3n\u201d, refiri\u00f3 \u00a0el funcionario y dirigente peledeista mediante  nota divulgada por la   Secretar\u00eda de Comunicaciones de esa organizaci\u00f3n pol\u00edtica.<br \/>&#13;<br \/>\n  \u00a0<br \/>&#13;<br \/>\n  Deplor\u00f3 igualmente, la manera irregular en que otras  empresas tambi\u00e9n se involucraron en el \u00e1mbito energ\u00e9tico, de manera irregular o  de contrabando y que fueron favorecidas con contratos de quince a\u00f1os, \u201cde  manera inaplicable\u201d.<br \/>&#13;<br \/>\n  \u00a0<br \/>&#13;<br \/>\n\u201cPorque estos contratos fueron firmados entre septiembre y  octubre del a\u00f1o 2001, cuando la   Ley 125-01 hab\u00eda ya sido publicada en la Gaceta Oficial\u201d,  acot\u00f3 el ingeniero Radham\u00e9s Segura en comparecencia en el programa El Gobierno  de la Ma\u00f1ana.<br \/>&#13;<br \/>\n  \u00a0<br \/>&#13;<br \/>\nSostuvo que una propuesta hecha por la Comisi\u00f3n de  Renegociaci\u00f3n, aparte de procurar precios m\u00e1s bajos en la generaci\u00f3n de  electricidad, contribuye a limpiar el mercado mayorista de energ\u00eda en el pa\u00eds,  \u201cque actualmente est\u00e1 sufriendo una muy grabe distorsi\u00f3n con el contrato del  Acuerdo de Madrid\u201d.<\/span><\/p>\n<p>&#13;<\/p>\n<h6> 2006-10-20 19:37:38 <\/h6>\n<p><!--\n<link rel=\"stylesheet\" href=\"css\/bootstrap.min.css\">\n\n\n<ul class=\"pagination\">\n\t    \n\t\n\n<li >\n\t<a href='?page_no=30070'>Previous<\/a>\n\t<\/li>\n\n\n       \n    \n\n<li><a href='?page_no=1'>1<\/a><\/li>\n\n\n\n<li><a href='?page_no=2'>2<\/a><\/li>\n\n\n\n<li><a>...<\/a><\/li>\n\n\n\n<li><a href='?page_no=30069'>30069<\/a><\/li>\n\n\n\n<li><a href='?page_no=30070'>30070<\/a><\/li>\n\n\n\n<li class='active'><a>30071<\/a><\/li>\n\n\n\n<li><a href='?page_no=30072'>30072<\/a><\/li>\n\n\n\n<li><a href='?page_no=30073'>30073<\/a><\/li>\n\n\n\n<li><a>...<\/a><\/li>\n\n\n\n<li><a href='?page_no=30472'>30472<\/a><\/li>\n\n\n\n<li><a href='?page_no=30473'>30473<\/a><\/li>\n\n    \n\t\n\n<li >\n\t<a href='?page_no=30072'>Next<\/a>\n\t<\/li>\n\n\n    \n\n<li><a href='?page_no=30473'>Last &rsaquo;&rsaquo;<\/a><\/li>\n\n<\/ul>\n\n\n--><br \/>\n<\/body><\/p>\n","protected":false},"excerpt":{"rendered":"<p>Segura insiste fue un mal negocio el acuerdo de Madrid &#13; SANTO DOMINGO.- Radham\u00e9s Segura, integrante del Comit\u00e9 Pol\u00edtico del Partido de la Liberaci\u00f3n Dominicana (PLD) y Vicepresidente de la Corporaci\u00f3n Dominicana de Empresas El\u00e9ctricas Estatales (CDEEE), expres\u00f3 que fue un mal negocio el denominado Acuerdo de Madrid y que peores fueron las decisiones tomadas [&hellip;]<\/p>\n","protected":false},"author":3,"featured_media":0,"comment_status":"open","ping_status":"open","sticky":false,"template":"","format":"standard","meta":{"footnotes":""},"categories":[18],"tags":[],"class_list":["post-124191","post","type-post","status-publish","format-standard","hentry","category-economia"],"_links":{"self":[{"href":"https:\/\/diariodominicano.com\/index.php?rest_route=\/wp\/v2\/posts\/124191","targetHints":{"allow":["GET"]}}],"collection":[{"href":"https:\/\/diariodominicano.com\/index.php?rest_route=\/wp\/v2\/posts"}],"about":[{"href":"https:\/\/diariodominicano.com\/index.php?rest_route=\/wp\/v2\/types\/post"}],"author":[{"embeddable":true,"href":"https:\/\/diariodominicano.com\/index.php?rest_route=\/wp\/v2\/users\/3"}],"replies":[{"embeddable":true,"href":"https:\/\/diariodominicano.com\/index.php?rest_route=%2Fwp%2Fv2%2Fcomments&post=124191"}],"version-history":[{"count":0,"href":"https:\/\/diariodominicano.com\/index.php?rest_route=\/wp\/v2\/posts\/124191\/revisions"}],"wp:attachment":[{"href":"https:\/\/diariodominicano.com\/index.php?rest_route=%2Fwp%2Fv2%2Fmedia&parent=124191"}],"wp:term":[{"taxonomy":"category","embeddable":true,"href":"https:\/\/diariodominicano.com\/index.php?rest_route=%2Fwp%2Fv2%2Fcategories&post=124191"},{"taxonomy":"post_tag","embeddable":true,"href":"https:\/\/diariodominicano.com\/index.php?rest_route=%2Fwp%2Fv2%2Ftags&post=124191"}],"curies":[{"name":"wp","href":"https:\/\/api.w.org\/{rel}","templated":true}]}}