{"id":124188,"date":"2006-10-21T02:48:19","date_gmt":"2006-10-21T02:48:19","guid":{"rendered":"http:\/\/diariodominicano.ddns.net\/?p=124188"},"modified":"2006-10-21T02:48:19","modified_gmt":"2006-10-21T02:48:19","slug":"la-union-europea-evaluara-medidas-para-que-no-se-afecten-importaciones-de-latinoamerica-dicen-es-necesario-proteger-mas-a-los-plataneros-de-la-ue","status":"publish","type":"post","link":"https:\/\/diariodominicano.com\/?p=124188","title":{"rendered":"La Uni\u00f3n Europea evaluar\u00e1 medidas para que no se afecten importaciones de Latinoam\u00e9rica; dicen es necesario proteger m\u00e1s a los plataneros de la UE"},"content":{"rendered":"<p><body><\/p>\n<p class=\"titulogrande1\">La Uni\u00f3n Europea evaluar\u00e1 medidas para  que no se afecten importaciones de Latinoam\u00e9rica; dicen es necesario proteger  m\u00e1s a los plataneros de la UE<\/p>\n<p>&#13;<\/p>\n<p align=\"justify\"><strong>Bruselas &#8211; <\/strong><span class=\"text1noticias\">El informe  sobre la reforma las ayudas al sector del pl\u00e1tano, que debatir\u00e1 el Parlamento  Europeo (PE) insiste en la necesidad de proteger m\u00e1s a los plataneros de la UE  frente a posibles bajada del arancel que grava las importaciones de la fruta de  Latinoam\u00e9rica.<br \/>&#13;<br \/>\n  <br \/>&#13;<br \/>\n  El  eurodiputado franc\u00e9s Jean-Claude Fruteau (Partido Socialista Europeo) ha sido  en encargado de redactar este texto, sobre la propuesta de la Comisi\u00f3n Europea  (CE) para reformar la Organizaci\u00f3n Com\u00fan de Mercado (OCM) del pl\u00e1tano.<br \/>&#13;<br \/>\n  <br \/>&#13;<br \/>\n  El  proyecto de informe incluye varias enmiendas en las que insiste en la necesidad  de fijar con m\u00e1s claridad \u00absoluciones concretas\u00bb para el sector  platanero, en caso de que se vea afectado por un recorte del arancel que grava  las importaciones de Am\u00e9rica Latina.<br \/>&#13;<br \/>\n  <br \/>&#13;<br \/>\n  La  propuesta de Bruselas sobre la OCM prev\u00e9 una dotaci\u00f3n financiera anual fija  cercana a los 280 millones de euros para los productores del pl\u00e1tano, de los  que la mitad ser\u00e1n para Canarias.<br \/>&#13;<br \/>\n  <br \/>&#13;<br \/>\n  Adem\u00e1s,  incluye una cl\u00e1usula de revisi\u00f3n, que podr\u00eda suponer un examen de la partida  asignada antes de 2009 si cambia sustancialmente la situaci\u00f3n econ\u00f3mica en las  zonas ultraperif\u00e9ricas, en las que se ubica el cultivo platanero. Esas regiones  son: Canarias, los territorios franceses de ultramar; los archipi\u00e9lagos  portugueses de Azores y Madeira, y Canarias.<br \/>&#13;<br \/>\n  <br \/>&#13;<br \/>\n  El  informe presentado por Fruteau insiste en que hay que precisar m\u00e1s la cl\u00e1usula  de revisi\u00f3n y relacionarlo \u00abespecialmente a la evoluci\u00f3n de la situaci\u00f3n  externa\u00bb, sobre todo a una posible bajada del arancel a las importaciones.<br \/>&#13;<br \/>\n  <br \/>&#13;<br \/>\n  Por  otro lado, plantea que haya anticipos para los productores con el fin de que  puedan adaptarse del antiguo al nuevo r\u00e9gimen. El informe sobre la modificaci\u00f3n  del r\u00e9gimen de ayudas al pl\u00e1tano debe ser aprobado por la comisi\u00f3n de  Agricultura y por el pleno de la Euroc\u00e1mara.<br \/>&#13;<br \/>\n  <br \/>&#13;<br \/>\n  El  Parlamento Europeo no tiene poder de decisi\u00f3n en agricultura, pero tiene que  ser consultado antes de que los ministros de la UE aprueben definitivamente la  reforma.<\/span><\/p>\n<p>&#13;<\/p>\n<h6> 2006-10-21 02:48:19 <\/h6>\n<p><!--\n<link rel=\"stylesheet\" href=\"css\/bootstrap.min.css\">\n\n\n<ul class=\"pagination\">\n\t    \n\t\n\n<li >\n\t<a href='?page_no=30067'>Previous<\/a>\n\t<\/li>\n\n\n       \n    \n\n<li><a href='?page_no=1'>1<\/a><\/li>\n\n\n\n<li><a href='?page_no=2'>2<\/a><\/li>\n\n\n\n<li><a>...<\/a><\/li>\n\n\n\n<li><a href='?page_no=30066'>30066<\/a><\/li>\n\n\n\n<li><a href='?page_no=30067'>30067<\/a><\/li>\n\n\n\n<li class='active'><a>30068<\/a><\/li>\n\n\n\n<li><a href='?page_no=30069'>30069<\/a><\/li>\n\n\n\n<li><a href='?page_no=30070'>30070<\/a><\/li>\n\n\n\n<li><a>...<\/a><\/li>\n\n\n\n<li><a href='?page_no=30472'>30472<\/a><\/li>\n\n\n\n<li><a href='?page_no=30473'>30473<\/a><\/li>\n\n    \n\t\n\n<li >\n\t<a href='?page_no=30069'>Next<\/a>\n\t<\/li>\n\n\n    \n\n<li><a href='?page_no=30473'>Last &rsaquo;&rsaquo;<\/a><\/li>\n\n<\/ul>\n\n\n--><br \/>\n<\/body><\/p>\n","protected":false},"excerpt":{"rendered":"<p>La Uni\u00f3n Europea evaluar\u00e1 medidas para que no se afecten importaciones de Latinoam\u00e9rica; dicen es necesario proteger m\u00e1s a los plataneros de la UE &#13; Bruselas &#8211; El informe sobre la reforma las ayudas al sector del pl\u00e1tano, que debatir\u00e1 el Parlamento Europeo (PE) insiste en la necesidad de proteger m\u00e1s a los plataneros de [&hellip;]<\/p>\n","protected":false},"author":3,"featured_media":0,"comment_status":"open","ping_status":"open","sticky":false,"template":"","format":"standard","meta":{"footnotes":""},"categories":[18],"tags":[],"class_list":["post-124188","post","type-post","status-publish","format-standard","hentry","category-economia"],"_links":{"self":[{"href":"https:\/\/diariodominicano.com\/index.php?rest_route=\/wp\/v2\/posts\/124188","targetHints":{"allow":["GET"]}}],"collection":[{"href":"https:\/\/diariodominicano.com\/index.php?rest_route=\/wp\/v2\/posts"}],"about":[{"href":"https:\/\/diariodominicano.com\/index.php?rest_route=\/wp\/v2\/types\/post"}],"author":[{"embeddable":true,"href":"https:\/\/diariodominicano.com\/index.php?rest_route=\/wp\/v2\/users\/3"}],"replies":[{"embeddable":true,"href":"https:\/\/diariodominicano.com\/index.php?rest_route=%2Fwp%2Fv2%2Fcomments&post=124188"}],"version-history":[{"count":0,"href":"https:\/\/diariodominicano.com\/index.php?rest_route=\/wp\/v2\/posts\/124188\/revisions"}],"wp:attachment":[{"href":"https:\/\/diariodominicano.com\/index.php?rest_route=%2Fwp%2Fv2%2Fmedia&parent=124188"}],"wp:term":[{"taxonomy":"category","embeddable":true,"href":"https:\/\/diariodominicano.com\/index.php?rest_route=%2Fwp%2Fv2%2Fcategories&post=124188"},{"taxonomy":"post_tag","embeddable":true,"href":"https:\/\/diariodominicano.com\/index.php?rest_route=%2Fwp%2Fv2%2Ftags&post=124188"}],"curies":[{"name":"wp","href":"https:\/\/api.w.org\/{rel}","templated":true}]}}