{"id":124174,"date":"2006-10-23T12:46:45","date_gmt":"2006-10-23T12:46:45","guid":{"rendered":"http:\/\/diariodominicano.ddns.net\/?p=124174"},"modified":"2006-10-23T12:46:45","modified_gmt":"2006-10-23T12:46:45","slug":"presidente-fernandez-se-reunira-en-washington-con-directores-del-fmi-y-el-bid","status":"publish","type":"post","link":"https:\/\/diariodominicano.com\/?p=124174","title":{"rendered":"Presidente Fern\u00e1ndez se reunir\u00e1 en Washington con directores del FMI y el BID"},"content":{"rendered":"<p><body><\/p>\n<p align=\"left\" class=\"titulogrande1\">Presidente Fern\u00e1ndez se reunir\u00e1 en  Washington con directores del FMI y el BID<\/p>\n<p>&#13;<\/p>\n<p align=\"justify\"><strong>SANTO  DOMINGO.- <\/strong><span class=\"text1noticias\">El presidente Leonel Fern\u00e1ndez, se reunir\u00e1 este martes con los  directores del Fondo Monetario Internacional (FMI) y el Banco Interamericano de  Desarrollo (BID), un d\u00eda antes del encuentro con su colega de Estados Unidos,  George W. Bush. La   Canciller\u00eda dominicana indic\u00f3 en un comunicado que Fern\u00e1ndez  viajar\u00e1 el martes pr\u00f3ximo a la capital estadounidense para reunirse con el  director gerente del FMI, el espa\u00f1ol Rodrigo Rato, y el colombiano Luis Alberto  Moreno, presidente del BID.<br \/>&#13;<br \/>\n  <br \/>&#13;<br \/>\n  El  encuentro entre el mandatario dominicano y los dos ejecutivos se celebrar\u00e1 por  separado.<br \/>&#13;<br \/>\n  <br \/>&#13;<br \/>\n  Desde  hace dos a\u00f1os, el Gobierno dominicano sostiene un acuerdo de contingencia con  el FMI, el que extendi\u00f3 recientemente por otros tres meses, aunque el organismo  de financiaci\u00f3n insiste, entre otros puntos, en que las autoridades locales  reduzcan la n\u00f3mina p\u00fablica.<br \/>&#13;<br \/>\n  <br \/>&#13;<br \/>\n  El  FMI tambi\u00e9n ha se\u00f1alado su rechazo al papel del Estado dominicano en el campo  del negocio el\u00e9ctrico, donde es due\u00f1o de dos de las tres empresas locales de  distribuci\u00f3n de electricidad y socio en varias de las empresas de generaci\u00f3n.<br \/>&#13;<br \/>\n  <br \/>&#13;<br \/>\n  Moreno,  por su parte, alab\u00f3 en una visita al pa\u00eds en agosto pasado el desempe\u00f1o de la  econom\u00eda dominicana, de la que destac\u00f3 la \u00absustancial\u00bb reducci\u00f3n de  los niveles de inflaci\u00f3n, y el manejo \u00abadmirable\u00bb de las autoridades  en detener una econom\u00eda en crisis y convertirla en una en crecimiento.<br \/>&#13;<br \/>\n  <br \/>&#13;<br \/>\nDe  acuerdo con la Canciller\u00eda,  estos encuentros ser\u00e1n \u00abmuy importantes\u00bb, al igual que la reuni\u00f3n el  mi\u00e9rcoles entre Fern\u00e1ndez y Bush, en la que ambos mandatarios pasar\u00e1n revista a  las relaciones bilaterales en materia de narcotr\u00e1fico, seguridad, migraci\u00f3n,  terrorismo, y el Tratado de Libre Comercio (TLC), que a\u00fan no ha entrado en  vigor.<\/span><\/p>\n<p>&#13;<\/p>\n<h6> 2006-10-23 12:46:45 <\/h6>\n<p><!--\n<link rel=\"stylesheet\" href=\"css\/bootstrap.min.css\">\n\n\n<ul class=\"pagination\">\n\t    \n\t\n\n<li >\n\t<a href='?page_no=30053'>Previous<\/a>\n\t<\/li>\n\n\n       \n    \n\n<li><a href='?page_no=1'>1<\/a><\/li>\n\n\n\n<li><a href='?page_no=2'>2<\/a><\/li>\n\n\n\n<li><a>...<\/a><\/li>\n\n\n\n<li><a href='?page_no=30052'>30052<\/a><\/li>\n\n\n\n<li><a href='?page_no=30053'>30053<\/a><\/li>\n\n\n\n<li class='active'><a>30054<\/a><\/li>\n\n\n\n<li><a href='?page_no=30055'>30055<\/a><\/li>\n\n\n\n<li><a href='?page_no=30056'>30056<\/a><\/li>\n\n\n\n<li><a>...<\/a><\/li>\n\n\n\n<li><a href='?page_no=30472'>30472<\/a><\/li>\n\n\n\n<li><a href='?page_no=30473'>30473<\/a><\/li>\n\n    \n\t\n\n<li >\n\t<a href='?page_no=30055'>Next<\/a>\n\t<\/li>\n\n\n    \n\n<li><a href='?page_no=30473'>Last &rsaquo;&rsaquo;<\/a><\/li>\n\n<\/ul>\n\n\n--><br \/>\n<\/body><\/p>\n","protected":false},"excerpt":{"rendered":"<p>Presidente Fern\u00e1ndez se reunir\u00e1 en Washington con directores del FMI y el BID &#13; SANTO DOMINGO.- El presidente Leonel Fern\u00e1ndez, se reunir\u00e1 este martes con los directores del Fondo Monetario Internacional (FMI) y el Banco Interamericano de Desarrollo (BID), un d\u00eda antes del encuentro con su colega de Estados Unidos, George W. Bush. La Canciller\u00eda [&hellip;]<\/p>\n","protected":false},"author":3,"featured_media":0,"comment_status":"open","ping_status":"open","sticky":false,"template":"","format":"standard","meta":{"footnotes":""},"categories":[18],"tags":[],"class_list":["post-124174","post","type-post","status-publish","format-standard","hentry","category-economia"],"_links":{"self":[{"href":"https:\/\/diariodominicano.com\/index.php?rest_route=\/wp\/v2\/posts\/124174","targetHints":{"allow":["GET"]}}],"collection":[{"href":"https:\/\/diariodominicano.com\/index.php?rest_route=\/wp\/v2\/posts"}],"about":[{"href":"https:\/\/diariodominicano.com\/index.php?rest_route=\/wp\/v2\/types\/post"}],"author":[{"embeddable":true,"href":"https:\/\/diariodominicano.com\/index.php?rest_route=\/wp\/v2\/users\/3"}],"replies":[{"embeddable":true,"href":"https:\/\/diariodominicano.com\/index.php?rest_route=%2Fwp%2Fv2%2Fcomments&post=124174"}],"version-history":[{"count":0,"href":"https:\/\/diariodominicano.com\/index.php?rest_route=\/wp\/v2\/posts\/124174\/revisions"}],"wp:attachment":[{"href":"https:\/\/diariodominicano.com\/index.php?rest_route=%2Fwp%2Fv2%2Fmedia&parent=124174"}],"wp:term":[{"taxonomy":"category","embeddable":true,"href":"https:\/\/diariodominicano.com\/index.php?rest_route=%2Fwp%2Fv2%2Fcategories&post=124174"},{"taxonomy":"post_tag","embeddable":true,"href":"https:\/\/diariodominicano.com\/index.php?rest_route=%2Fwp%2Fv2%2Ftags&post=124174"}],"curies":[{"name":"wp","href":"https:\/\/api.w.org\/{rel}","templated":true}]}}