{"id":124165,"date":"2006-10-25T02:28:27","date_gmt":"2006-10-25T02:28:27","guid":{"rendered":"http:\/\/diariodominicano.ddns.net\/?p=124165"},"modified":"2006-10-25T02:28:27","modified_gmt":"2006-10-25T02:28:27","slug":"industriales-respaldan-datos-sobre-crecimiento-del-sector-manufactura","status":"publish","type":"post","link":"https:\/\/diariodominicano.com\/?p=124165","title":{"rendered":"Industriales respaldan datos sobre crecimiento del sector manufactura"},"content":{"rendered":"<p><body><\/p>\n<p class=\"titulogrande1\">Industriales  respaldan datos sobre crecimiento del sector manufactura<\/p>\n<p>&#13;<\/p>\n<p align=\"justify\"><strong>SANTO DOMINGO, DN. &#8211;<\/strong> <span class=\"text1noticias\">La  presidenta de la Asociaci\u00f3n  de Industrias de la   Rep\u00fablica Dominicana apoy\u00f3 la estimaci\u00f3n de 9.5% que sobre el  crecimiento del sector manufactura divulg\u00f3 el lunes pasado el gobernador del  Banco Central, H\u00e9ctor Valdez Albizu. <br \/>&#13;<br \/>\n  <br \/>&#13;<br \/>\n  Yandra Portela Vila agreg\u00f3 que  para que este \u201cimpresionante crecimiento\u201d de la manufactura\u00a0 se sostenga  es necesaria la modernizaci\u00f3n del marco estructural y log\u00edstico de la industria  nacional.<br \/>&#13;<br \/>\n  <br \/>&#13;<br \/>\n  Ampli\u00f3 que las noticias  suministradas por el Banco Central \u201csin dudas son buenas\u201d, pero advirti\u00f3 que  dentro del esquema actual de negocios \u201cno hay garant\u00edas de crecimiento a largo  plazo para los sectores industriales\u201d.<br \/>&#13;<br \/>\n  <br \/>&#13;<br \/>\n  Destac\u00f3 que \u201chemos trabajado muy  duro como naci\u00f3n para llegar a este punto de crecimiento, pero lo cierto es que  debemos continuar trabajado para mantener los niveles adecuados de crecimiento  de la econom\u00eda\u201d.<br \/>&#13;<br \/>\n  <br \/>&#13;<br \/>\n  Seg\u00fan la empresaria, esto implica  la necesidad de crear un marco jur\u00eddico para la industria que se ajuste a estos  tiempos. Dijo que el marco jur\u00eddico\u00a0 que actualmente rigen las industrias  dominicanas no ha sido revisado en m\u00e1s de cuatro d\u00e9cadas y que requiere de una  adecuaci\u00f3n para acercarlo a la nueva realidad del mercado mundial. La empresaria  no se dijo cu\u00e1les aspectos del marco jur\u00eddico deben ser modificados.<br \/>&#13;<br \/>\n  <br \/>&#13;<br \/>\nSeg\u00fan datos de la AIRD, las m\u00e1s de 6,000  empresas que componen el sector industrial\u00a0 representan casi el 15% del  PIB y proveen m\u00e1s de 486,000 empleos.<\/span><\/p>\n<p>&#13;<\/p>\n<h6> 2006-10-25 02:28:27 <\/h6>\n<p><!--\n<link rel=\"stylesheet\" href=\"css\/bootstrap.min.css\">\n\n\n<ul class=\"pagination\">\n\t    \n\t\n\n<li >\n\t<a href='?page_no=30044'>Previous<\/a>\n\t<\/li>\n\n\n       \n    \n\n<li><a href='?page_no=1'>1<\/a><\/li>\n\n\n\n<li><a href='?page_no=2'>2<\/a><\/li>\n\n\n\n<li><a>...<\/a><\/li>\n\n\n\n<li><a href='?page_no=30043'>30043<\/a><\/li>\n\n\n\n<li><a href='?page_no=30044'>30044<\/a><\/li>\n\n\n\n<li class='active'><a>30045<\/a><\/li>\n\n\n\n<li><a href='?page_no=30046'>30046<\/a><\/li>\n\n\n\n<li><a href='?page_no=30047'>30047<\/a><\/li>\n\n\n\n<li><a>...<\/a><\/li>\n\n\n\n<li><a href='?page_no=30472'>30472<\/a><\/li>\n\n\n\n<li><a href='?page_no=30473'>30473<\/a><\/li>\n\n    \n\t\n\n<li >\n\t<a href='?page_no=30046'>Next<\/a>\n\t<\/li>\n\n\n    \n\n<li><a href='?page_no=30473'>Last &rsaquo;&rsaquo;<\/a><\/li>\n\n<\/ul>\n\n\n--><br \/>\n<\/body><\/p>\n","protected":false},"excerpt":{"rendered":"<p>Industriales respaldan datos sobre crecimiento del sector manufactura &#13; SANTO DOMINGO, DN. &#8211; La presidenta de la Asociaci\u00f3n de Industrias de la Rep\u00fablica Dominicana apoy\u00f3 la estimaci\u00f3n de 9.5% que sobre el crecimiento del sector manufactura divulg\u00f3 el lunes pasado el gobernador del Banco Central, H\u00e9ctor Valdez Albizu. &#13; &#13; Yandra Portela Vila agreg\u00f3 que [&hellip;]<\/p>\n","protected":false},"author":3,"featured_media":0,"comment_status":"open","ping_status":"open","sticky":false,"template":"","format":"standard","meta":{"footnotes":""},"categories":[18],"tags":[],"class_list":["post-124165","post","type-post","status-publish","format-standard","hentry","category-economia"],"_links":{"self":[{"href":"https:\/\/diariodominicano.com\/index.php?rest_route=\/wp\/v2\/posts\/124165","targetHints":{"allow":["GET"]}}],"collection":[{"href":"https:\/\/diariodominicano.com\/index.php?rest_route=\/wp\/v2\/posts"}],"about":[{"href":"https:\/\/diariodominicano.com\/index.php?rest_route=\/wp\/v2\/types\/post"}],"author":[{"embeddable":true,"href":"https:\/\/diariodominicano.com\/index.php?rest_route=\/wp\/v2\/users\/3"}],"replies":[{"embeddable":true,"href":"https:\/\/diariodominicano.com\/index.php?rest_route=%2Fwp%2Fv2%2Fcomments&post=124165"}],"version-history":[{"count":0,"href":"https:\/\/diariodominicano.com\/index.php?rest_route=\/wp\/v2\/posts\/124165\/revisions"}],"wp:attachment":[{"href":"https:\/\/diariodominicano.com\/index.php?rest_route=%2Fwp%2Fv2%2Fmedia&parent=124165"}],"wp:term":[{"taxonomy":"category","embeddable":true,"href":"https:\/\/diariodominicano.com\/index.php?rest_route=%2Fwp%2Fv2%2Fcategories&post=124165"},{"taxonomy":"post_tag","embeddable":true,"href":"https:\/\/diariodominicano.com\/index.php?rest_route=%2Fwp%2Fv2%2Ftags&post=124165"}],"curies":[{"name":"wp","href":"https:\/\/api.w.org\/{rel}","templated":true}]}}