{"id":124163,"date":"2006-10-25T02:39:59","date_gmt":"2006-10-25T02:39:59","guid":{"rendered":"http:\/\/diariodominicano.ddns.net\/?p=124163"},"modified":"2006-10-25T02:39:59","modified_gmt":"2006-10-25T02:39:59","slug":"fmi-pide-mas-reformas-tributarias-para-estabilizar-finanzas-de-rd","status":"publish","type":"post","link":"https:\/\/diariodominicano.com\/?p=124163","title":{"rendered":"FMI pide m\u00e1s reformas tributarias para estabilizar finanzas de RD"},"content":{"rendered":"<p><body><\/p>\n<p class=\"titulogrande1\">FMI  pide m\u00e1s reformas tributarias para estabilizar finanzas de RD<\/p>\n<p>&#13;<\/p>\n<p align=\"justify\"><strong>WASHINGTON, DC (Estados  Unidos).-<\/strong><span class=\"text1noticias\">El Fondo Monetario Internacional pidi\u00f3 este martes al presidente  dominicano Leonel Fern\u00e1ndez m\u00e1s reformas tributarias para estabilizar las  finanzas del pa\u00eds, y el gobernante le inform\u00f3 que enviar\u00e1 al congreso un  proyecto con ese prop\u00f3sito antes de concluir el a\u00f1o. <\/span><\/p>\n<p>&#13;<\/p>\n<p align=\"justify\" class=\"text1noticias\">El intercambio se produjo  durante una entrevista de Fern\u00e1ndez con Rodrigo de Rato, el director gerente  del FMI, en la primera actividad de la visita de tres d\u00edas del mandatario  caribe\u00f1o a Washington y que incluye un encuentro hoy mi\u00e9rcoles en la Casa Blanca con el  presidente George W. Bush. <\/p>\n<p>&#13;<\/p>\n<p align=\"justify\" class=\"text1noticias\">Fern\u00e1ndez manifest\u00f3 que su  gobierno deseaba seguir cumpliendo sus compromisos con el FMI lo cual era  \u00abun gran desaf\u00edo para la Rep\u00fablica Dominicana cuando se apresta a entrar  en un tratado de libre comercio con Estados Unidos\u00bb, dijo el secretario  t\u00e9cnico de la presidencia, Tem\u00edstocles Mont\u00e1s. <\/p>\n<p>&#13;<\/p>\n<p align=\"justify\" class=\"text1noticias\">Anoop Singh, director de los  asuntos del FMI para el Hemisferio Occidental, declar\u00f3 a su vez que \u00abel  panorama en el corto plazo es bueno para la econom\u00eda dominicana, pero requiere  de ajustes fiscales que le permitan alcanzar la sostenibilidad  financiera\u00bb. <\/p>\n<p>&#13;<\/p>\n<p align=\"justify\" class=\"text1noticias\">Montaz y Singh participaron  en la entrevista de 50 minutos entre Fern\u00e1ndez y de Rato, realizada en la sede  de la instituci\u00f3n, que est\u00e1 trabajando intensamente con la Rep\u00fablica Dominicana  desde 2003, cuando un fraude bancario esfum\u00f3 unos 2.200 millones de d\u00f3lares, el  20% del producto bruto interno del pa\u00eds. <\/p>\n<p>&#13;<\/p>\n<p align=\"justify\" class=\"text1noticias\">Despu\u00e9s del encuentro con  Bush, Fern\u00e1ndez dialogar\u00e1 tambi\u00e9n con el secretario del Tesoro John Snow. <\/p>\n<p>&#13;<\/p>\n<p align=\"justify\" class=\"text1noticias\">Mont\u00e1s, hablando con  reporteros a pedido de Fern\u00e1ndez, dijo que el presidente le manifest\u00f3 a de Rato  que desde que asumi\u00f3 el gobierno hace dos a\u00f1os el pa\u00eds avanza hacia un  crecimiento \u00abpor encima del 10% (este a\u00f1o) lo cual daba una idea de que el  proceso de recuperaci\u00f3n se estaba consolidando\u00bb. <\/p>\n<p>&#13;<\/p>\n<p align=\"justify\" class=\"text1noticias\">El FMI proyect\u00f3 el mes pasado  un crecimiento del 5,5% de la econom\u00eda dominicana para diciembre. <\/p>\n<p>&#13;<\/p>\n<p align=\"justify\" class=\"text1noticias\">Fern\u00e1ndez atribuy\u00f3 al congreso  dominicano las demoras en la reforma tributaria, agreg\u00f3 Mont\u00e1s. <\/p>\n<p>&#13;<\/p>\n<p align=\"justify\" class=\"text1noticias\">Dijo que debido a que el  congreso previo redujo el monto de esas reformas en alrededor de 7.000 millones  de pesos (unos 330 millones de d\u00f3lares), el gobierno presentar\u00e1 antes de  diciembre un \u00abproyecto de rectificaci\u00f3n tributaria\u00bb. <\/p>\n<p>&#13;<\/p>\n<p align=\"justify\" class=\"text1noticias\">\u00abEn ese sentido, el  presidente le solicit\u00f3 a Rodrigo de Rato su apoyo para que el FMI ayude a  explicar el porqu\u00e9 de esa adecuaci\u00f3n tributaria que habr\u00e1 que someter a la  consideraci\u00f3n del congreso y que implica una variaci\u00f3n de las metas que el  gobierno asumi\u00f3 con el Fondo\u00bb, dijo Mont\u00e1s. <\/p>\n<p>&#13;<\/p>\n<p align=\"justify\" class=\"text1noticias\">De Rato le sugiri\u00f3 a  Fern\u00e1ndez que aproveche \u00abla gran oportunidad que presenta el crecimiento  del pa\u00eds para llevar la deuda p\u00fablica a un nivel de sostenibilidad\u00bb,  afirmo Mont\u00e1s. <\/p>\n<p>&#13;<\/p>\n<p align=\"justify\" class=\"text1noticias\">La relaci\u00f3n deuda-PBI fue el  a\u00f1o pasado del 46%, una baja de 10 puntos porcentuales del nivel que encontr\u00f3  Fern\u00e1ndez en 2004. Pero, seg\u00fan Mont\u00e1s, \u00ablo ideal\u00bb ser\u00eda que pudiera  bajarla hasta un 25%. <\/p>\n<p>&#13;<\/p>\n<p align=\"justify\" class=\"text1noticias\">Dijo que el FMI considera que  el gobierno dominicano tiene por delante el \u00abtrabajo medular\u00bb de  orientarse hacia un super\u00e1vit primario del 2,5% del PBI y \u00abprestarle mayor  atenci\u00f3n\u00bb al sector el\u00e9ctrico porque era el que m\u00e1s estaba distorsionando  la pol\u00edtica econ\u00f3mica del pa\u00eds. <\/p>\n<p>&#13;<\/p>\n<p align=\"justify\" class=\"text1noticias\">Mont\u00e1s indic\u00f3 que se espera concluir  2006 con un super\u00e1vit primario del 0,7%, \u00ablo cual no es suficiente para  lograr la sostenibilidad de la deuda\u00bb. Super\u00e1vit primario es la diferencia  entre ingresos y gastos totales del sector p\u00fablico, sin considerar el pago de  intereses <\/p>\n<p>&#13;<\/p>\n<p align=\"justify\" class=\"text1noticias\">El gobierno de Fern\u00e1ndez  destina hasta 900 millones de d\u00f3lares al a\u00f1o para el subsidio a la electricidad,  pero Mont\u00e1s dijo que esos fondos no ser\u00edan modificados.<\/p>\n<p>&#13;<\/p>\n<h6> 2006-10-25 02:39:59 <\/h6>\n<p><!--\n<link rel=\"stylesheet\" href=\"css\/bootstrap.min.css\">\n\n\n<ul class=\"pagination\">\n\t    \n\t\n\n<li >\n\t<a href='?page_no=30042'>Previous<\/a>\n\t<\/li>\n\n\n       \n    \n\n<li><a href='?page_no=1'>1<\/a><\/li>\n\n\n\n<li><a href='?page_no=2'>2<\/a><\/li>\n\n\n\n<li><a>...<\/a><\/li>\n\n\n\n<li><a href='?page_no=30041'>30041<\/a><\/li>\n\n\n\n<li><a href='?page_no=30042'>30042<\/a><\/li>\n\n\n\n<li class='active'><a>30043<\/a><\/li>\n\n\n\n<li><a href='?page_no=30044'>30044<\/a><\/li>\n\n\n\n<li><a href='?page_no=30045'>30045<\/a><\/li>\n\n\n\n<li><a>...<\/a><\/li>\n\n\n\n<li><a href='?page_no=30472'>30472<\/a><\/li>\n\n\n\n<li><a href='?page_no=30473'>30473<\/a><\/li>\n\n    \n\t\n\n<li >\n\t<a href='?page_no=30044'>Next<\/a>\n\t<\/li>\n\n\n    \n\n<li><a href='?page_no=30473'>Last &rsaquo;&rsaquo;<\/a><\/li>\n\n<\/ul>\n\n\n--><br \/>\n<\/body><\/p>\n","protected":false},"excerpt":{"rendered":"<p>FMI pide m\u00e1s reformas tributarias para estabilizar finanzas de RD &#13; WASHINGTON, DC (Estados Unidos).-El Fondo Monetario Internacional pidi\u00f3 este martes al presidente dominicano Leonel Fern\u00e1ndez m\u00e1s reformas tributarias para estabilizar las finanzas del pa\u00eds, y el gobernante le inform\u00f3 que enviar\u00e1 al congreso un proyecto con ese prop\u00f3sito antes de concluir el a\u00f1o. &#13; [&hellip;]<\/p>\n","protected":false},"author":3,"featured_media":0,"comment_status":"open","ping_status":"open","sticky":false,"template":"","format":"standard","meta":{"footnotes":""},"categories":[18],"tags":[],"class_list":["post-124163","post","type-post","status-publish","format-standard","hentry","category-economia"],"_links":{"self":[{"href":"https:\/\/diariodominicano.com\/index.php?rest_route=\/wp\/v2\/posts\/124163","targetHints":{"allow":["GET"]}}],"collection":[{"href":"https:\/\/diariodominicano.com\/index.php?rest_route=\/wp\/v2\/posts"}],"about":[{"href":"https:\/\/diariodominicano.com\/index.php?rest_route=\/wp\/v2\/types\/post"}],"author":[{"embeddable":true,"href":"https:\/\/diariodominicano.com\/index.php?rest_route=\/wp\/v2\/users\/3"}],"replies":[{"embeddable":true,"href":"https:\/\/diariodominicano.com\/index.php?rest_route=%2Fwp%2Fv2%2Fcomments&post=124163"}],"version-history":[{"count":0,"href":"https:\/\/diariodominicano.com\/index.php?rest_route=\/wp\/v2\/posts\/124163\/revisions"}],"wp:attachment":[{"href":"https:\/\/diariodominicano.com\/index.php?rest_route=%2Fwp%2Fv2%2Fmedia&parent=124163"}],"wp:term":[{"taxonomy":"category","embeddable":true,"href":"https:\/\/diariodominicano.com\/index.php?rest_route=%2Fwp%2Fv2%2Fcategories&post=124163"},{"taxonomy":"post_tag","embeddable":true,"href":"https:\/\/diariodominicano.com\/index.php?rest_route=%2Fwp%2Fv2%2Ftags&post=124163"}],"curies":[{"name":"wp","href":"https:\/\/api.w.org\/{rel}","templated":true}]}}