{"id":124160,"date":"2006-10-25T10:57:31","date_gmt":"2006-10-25T10:57:31","guid":{"rendered":"http:\/\/diariodominicano.ddns.net\/?p=124160"},"modified":"2025-12-29T01:05:28","modified_gmt":"2025-12-29T05:05:28","slug":"autoridades-del-fmi-y-del-gobierno-comparten-la-idea-rectificacion-fiscal-para-complementar-reforma","status":"publish","type":"post","link":"https:\/\/diariodominicano.com\/?p=124160","title":{"rendered":"Autoridades del FMI y del Gobierno comparten la idea rectificaci\u00f3n fiscal para complementar reforma"},"content":{"rendered":"<p><body><\/p>\n<p align=\"justify\" class=\"titulogrande1\">Autoridades del FMI y del Gobierno comparten la  idea rectificaci\u00f3n fiscal para complementar reforma<\/p>\n<p>&#13;<\/p>\n<p align=\"justify\" class=\"text1noticias\"><img loading=\"lazy\" decoding=\"async\" src=\"http:\/\/localhost:8080\/economia\/pictures\/leonel Washington.jpg\" width=\"269\" height=\"367\" hspace=\"4\" align=\"left\" \/>WASHINGTON.- Las autoridades del Fondo Monetario  Internacional y del Gobierno dominicano coincidieron en la necesidad de que  antes de que termine el a\u00f1o, el Congreso Nacional discuta y apruebe una  rectificaci\u00f3n fiscal para complementar la reforma aplicada el pasado a\u00f1o.<\/p>\n<p>&#13;<\/p>\n<p align=\"justify\" class=\"text1noticias\">Una comisi\u00f3n del organismo crediticio internacional,  encabezada por su presidente Rodrigo de Rato, plante\u00f3 al presidente Leonel  Fern\u00e1ndez y a su equipo econ\u00f3mico que el tema medular de la econom\u00eda dominicana  tiene que ver con el aspecto fiscal.<\/p>\n<p>&#13;<\/p>\n<p align=\"justify\" class=\"text1noticias\">Rodrigo Rato dijo que el organismo financiero har\u00e1 lo  que est\u00e9 a su alcance para explicar a los distintos sectores econ\u00f3micos de la Rep\u00fablica Dominicana  la necesidad de implementar la rectificaci\u00f3n tributaria.<\/p>\n<p>&#13;<\/p>\n<p align=\"justify\" class=\"text1noticias\">De su lado, Anoop Singh, director del FMI para Am\u00e9rica  Latina, dijo que la deuda de la Rep\u00fablica Dominicana debe ser manejada con  cautela, por lo que el tema fiscal debe ser tratado este a\u00f1o en el marco del  presupuesto de 2007.<\/p>\n<p>&#13;<\/p>\n<p align=\"justify\" class=\"text1noticias\">Rodrigo Rato felicit\u00f3 al presidente Fern\u00e1ndez por el  comportamiento de la econom\u00eda en los dos \u00faltimos dos a\u00f1os y dio su apoyo a las  pol\u00edticas aplicadas por el Gobierno dominicano para mantener la estabilidad  macroecon\u00f3mica.<\/p>\n<p>&#13;<\/p>\n<p align=\"justify\" class=\"text1noticias\"><strong>Proyectan para 2007 un super\u00e1vit primario de 2.5 por  ciento<\/strong><\/p>\n<p>&#13;<\/p>\n<p align=\"justify\" class=\"text1noticias\">\u00a0El coordinador del Equipo Econ\u00f3mico, Juan Tem\u00edstocles  Mont\u00e1s, refiri\u00f3 que la meta planteada por el FMI para el a\u00f1o que viene  establece un super\u00e1vit primario de 2.5 por ciento del Producto Interno Bruto  (PIB). <\/p>\n<p>&#13;<\/p>\n<p align=\"justify\" class=\"text1noticias\">Durante la reuni\u00f3n \u00a0en  la sede del FMI, el presidente Fern\u00e1ndez hizo un esbozo del crecimiento  sostenido de la econom\u00eda y la necesidad que tiene el pa\u00eds de abocarse al  conocimiento de una rectificaci\u00f3n tributaria, que compensar\u00eda lo dejado de  recibir por el Gobierno con la modificaci\u00f3n tributaria del pasado a\u00f1o.<\/p>\n<p>&#13;<\/p>\n<p align=\"justify\" class=\"text1noticias\">Fern\u00e1ndez explic\u00f3 a las autoridades del FMI que  ciertamente el Gobierno hab\u00eda planteado el pasado a\u00f1o, a prop\u00f3sito del  conocimiento de la Ley  de Presupuesto de Ingresos \u00a0y Gastos  P\u00fablicos, que la modificaci\u00f3n tributaria que plante\u00f3 la oposici\u00f3n dejar\u00eda al Gobierno  sin los ingresos para incrementar la inversi\u00f3n en el gasto social.<\/p>\n<p>&#13;<\/p>\n<p align=\"justify\" class=\"text1noticias\">Otro tema abordado por los directivos del FMI en el  encuentro con el Jefe de Estado \u00a0dominicano tiene que ver con el manejo de la  deuda externa, que se mantiene a niveles de insostenibilidad.<\/p>\n<p>&#13;<\/p>\n<p align=\"justify\" class=\"text1noticias\">Ese tema fue abordado por \u00a0Anoop Singh, director del organismo para  Am\u00e9rica Latina, quien sostuvo que la deuda de la Rep\u00fablica Dominicana  debe ser manejada con cautela, por lo que el tema fiscal debe ser tratado este  a\u00f1o en el marco del presupuesto de 2007.<\/p>\n<p>&#13;<\/p>\n<p align=\"justify\" class=\"text1noticias\">Mont\u00e1s, quien habl\u00f3 con los periodistas al finalizar  la reuni\u00f3n, afirm\u00f3 que entre las autoridades del FMI y el Gobierno hay el  consenso de que la rectificaci\u00f3n fiscal debe conocerse antes de que termine  este a\u00f1o.<\/p>\n<p>&#13;<\/p>\n<p align=\"justify\" class=\"text1noticias\">\u201cLa estabilidad fiscal, obviamente, es fundamental  para que el Gobierno pueda mantener los niveles de crecimiento de la econom\u00eda,  tal como se ha manifestado en los dos \u00faltimos a\u00f1os\u201d.<\/p>\n<p>&#13;<\/p>\n<p align=\"justify\" class=\"text1noticias\">Por otro lado, el presidente del FMI, Rodrigo Rato felicit\u00f3  al presidente Fern\u00e1ndez por el comportamiento de la econom\u00eda en los dos \u00faltimos  dos a\u00f1os y dio su apoyo a las pol\u00edticas aplicadas por el Gobierno dominicano  para mantener la estabilidad macroecon\u00f3mica.<\/p>\n<p>&#13;<\/p>\n<p align=\"justify\" class=\"text1noticias\">Rato dijo que el organismo financiero har\u00e1 lo que est\u00e9  a su alcance para explicar a los distintos sectores econ\u00f3micos de la Rep\u00fablica Dominicana  la necesidad de implementar la rectificaci\u00f3n tributaria.<\/p>\n<p>&#13;<\/p>\n<p align=\"justify\" class=\"text1noticias\">\u201cEl FMI seguir\u00e1 colaborando con el pa\u00eds para que los  mercados entiendan la confianza que tenemos\u00a0por el manejo que se le ha  dado a la econom\u00eda en la Rep\u00fablica Dominicana\u201d, dijo de Rato.<\/p>\n<p>&#13;<\/p>\n<p align=\"justify\" class=\"text1noticias\">Consider\u00f3 \u00a0que  otro de los retos que afronta el Gobierno dominicano tiene que ver con la  crisis en el sector el\u00e9ctrico, que debe ser superada para que el pa\u00eds pueda  seguir creciendo y atrayendo inversi\u00f3n extranjera.<\/p>\n<p>&#13;<\/p>\n<p align=\"justify\" class=\"text1noticias\">De Rato manifest\u00f3 que la crisis energ\u00e9tica debe ser  superada mediante un plan integral, dirigido a resolver el problema porque es  el sector que m\u00e1s distorsi\u00f3n provoca a la pol\u00edtica fiscal por la gran cantidad  de recursos que absorbe.<\/p>\n<p>&#13;<\/p>\n<p align=\"justify\" class=\"text1noticias\">Respecto a ese tema el presidente Fern\u00e1ndez\u00a0 inform\u00f3 que el Gobierno junto al Banco  Mundial y el Instituto Adam Smith elabor\u00f3 un plan integral encaminado a  resolver los problemas de generaci\u00f3n, distribuci\u00f3n y comercializaci\u00f3n.<\/p>\n<p>&#13;<\/p>\n<p align=\"justify\" class=\"text1noticias\">Se mostr\u00f3 de acuerdo con las autoridades del FMI en el  sentido de que el tema el\u00e9ctrico sigue siendo el tal\u00f3n de Aquiles de la  econom\u00eda dominicana.<\/p>\n<p>&#13;<\/p>\n<p align=\"justify\" class=\"text1noticias\">En la reuni\u00f3n con funcionarios del FMI estuvieron  presentes, adem\u00e1s de Mont\u00e1s, el secretario de la Presidencia, Danilo  Medina; el gobernador del Banco Central, H\u00e9ctor Valdez Albizu; el secretario de  Finanzas, Vicente Bengoa; el secretario de Relaciones Exteriores, \u00a0Carlos Morales Troncoso; el secretario  Administrativo, Lu\u00eds Manuel Bonetti y el embajador dominicano en Washington,  Flavio Dar\u00edo Espinal.<\/p>\n<p>&#13;<\/p>\n<p align=\"justify\" class=\"text1noticias\"><strong>Viaja a Washington<\/strong><\/p>\n<p>&#13;<\/p>\n<p align=\"justify\" class=\"text1noticias\"><strong>Base A\u00e9rea San Isidro.- <\/strong>El presidente Leonel  Fern\u00e1ndez, viaj\u00f3 el martes por esta terminal a\u00e9rea a Washington, Estados  Unidos, donde sostendr\u00e1 importantes reuniones con su par George W. Bush y con  directivos de instituciones crediticias internacionales.<\/p>\n<p>&#13;<\/p>\n<p align=\"justify\" class=\"text1noticias\">El jefe de Estado sali\u00f3 del pa\u00eds a bordo de la aeronave matr\u00edcula privada  No. N53GX\u00a0\u00a0a las 9:10 minutos de la ma\u00f1ana, acompa\u00f1ado  de\u00a0funcionarios del \u00e1rea econ\u00f3mica del Gobierno.<\/p>\n<p>&#13;<\/p>\n<p align=\"justify\" class=\"text1noticias\">En su periplo por los Estados Unidos, el gobernante dominicano tiene  previsto este martes sostener reuniones\u00a0separadas con los presidentes del  Fondo Monetario Internacional (FMI)\u00a0y del Banco Interamericano de  Desarrollo (BID), Rodrigo de Rato y Luis Alberto Moreno, respectivamente.<\/p>\n<p>&#13;<\/p>\n<p align=\"justify\" class=\"text1noticias\">Ma\u00f1ana mi\u00e9rcoles, el doctor Fern\u00e1ndez\u00a0\u00a0ser\u00e1 recibido en la Casa Blanca por el  presidente Bush, con quien\u00a0intercambiar\u00e1 impresiones sobre narcotr\u00e1fico,  seguridad, migraci\u00f3n, terrorismo y acerca del TLC.<\/p>\n<p>&#13;<\/p>\n<p align=\"justify\" class=\"text1noticias\">En otro orden, el presidente Leonel  Fern\u00e1ndez\u00a0pronunciar\u00e1 una conferencia en el Centro para Estudios  Estrat\u00e9gicos Internacionales, auspiciada por el Di\u00e1logo Interamericano, para  luego reunirse con los principales directivos de la revista National  Geographic.<\/p>\n<p>&#13;<\/p>\n<p align=\"justify\" class=\"text1noticias\">Fern\u00e1ndez concluir\u00e1 su visita\u00a0a Washington con un importante encuentro  con el presidente del Banco Mundial, Paul D. Wolfowitz.\u00a0<\/p>\n<p>&#13;<\/p>\n<p align=\"justify\" class=\"text1noticias\">El Jefe de Estado\u00a0viaj\u00f3 a\u00a0Estados Unidos, acompa\u00f1ado del  secretario de la\u00a0Presidencia, Danilo Medina;\u00a0el secretario T\u00e9cnico,  Juan Tem\u00edstocles Mont\u00e1s;\u00a0\u00a0el secretario Administrativo, Luis Manuel  Bonetti; el secretario de Finanzas, Vicente Bengoa; y\u00a0el gobernador del  Banco Central, H\u00e9ctor Valdez Albizu.<\/p>\n<p>&#13;<\/p>\n<p align=\"justify\" class=\"text1noticias\">Tambi\u00e9n acompa\u00f1an al presidente Fern\u00e1ndez el\u00a0 director de Informaci\u00f3n, Prensa y Publicidad  de la Presidencia,  Rafael N\u00fa\u00f1ez; el jefe del Cuerpo de Ayudantes Militares, mayor general H\u00e9ctor  Medina Medina; el subdirector del DNI, V\u00edctor Crisp\u00edn;\u00a0 y el asistente  personal del Mandatario, Danilo P\u00e9rez.<\/p>\n<p>&#13;<\/p>\n<h6> 2006-10-25 10:57:31 <\/h6>\n<p><!--\n<link rel=\"stylesheet\" href=\"css\/bootstrap.min.css\">\n\n\n<ul class=\"pagination\">\n\t    \n\t\n\n<li >\n\t<a href='?page_no=30039'>Previous<\/a>\n\t<\/li>\n\n\n       \n    \n\n<li><a href='?page_no=1'>1<\/a><\/li>\n\n\n\n<li><a href='?page_no=2'>2<\/a><\/li>\n\n\n\n<li><a>...<\/a><\/li>\n\n\n\n<li><a href='?page_no=30038'>30038<\/a><\/li>\n\n\n\n<li><a href='?page_no=30039'>30039<\/a><\/li>\n\n\n\n<li class='active'><a>30040<\/a><\/li>\n\n\n\n<li><a href='?page_no=30041'>30041<\/a><\/li>\n\n\n\n<li><a href='?page_no=30042'>30042<\/a><\/li>\n\n\n\n<li><a>...<\/a><\/li>\n\n\n\n<li><a href='?page_no=30472'>30472<\/a><\/li>\n\n\n\n<li><a href='?page_no=30473'>30473<\/a><\/li>\n\n    \n\t\n\n<li >\n\t<a href='?page_no=30041'>Next<\/a>\n\t<\/li>\n\n\n    \n\n<li><a href='?page_no=30473'>Last &rsaquo;&rsaquo;<\/a><\/li>\n\n<\/ul>\n\n\n--><br \/>\n<\/body><\/p>\n","protected":false},"excerpt":{"rendered":"<p>Autoridades del FMI y del Gobierno comparten la idea rectificaci\u00f3n fiscal para complementar reforma &#13; WASHINGTON.- Las autoridades del Fondo Monetario Internacional y del Gobierno dominicano coincidieron en la necesidad de que antes de que termine el a\u00f1o, el Congreso Nacional discuta y apruebe una rectificaci\u00f3n fiscal para complementar la reforma aplicada el pasado a\u00f1o. [&hellip;]<\/p>\n","protected":false},"author":3,"featured_media":0,"comment_status":"open","ping_status":"open","sticky":false,"template":"","format":"standard","meta":{"footnotes":""},"categories":[18],"tags":[3556],"class_list":["post-124160","post","type-post","status-publish","format-standard","hentry","category-economia","tag-prensa-latina"],"_links":{"self":[{"href":"https:\/\/diariodominicano.com\/index.php?rest_route=\/wp\/v2\/posts\/124160","targetHints":{"allow":["GET"]}}],"collection":[{"href":"https:\/\/diariodominicano.com\/index.php?rest_route=\/wp\/v2\/posts"}],"about":[{"href":"https:\/\/diariodominicano.com\/index.php?rest_route=\/wp\/v2\/types\/post"}],"author":[{"embeddable":true,"href":"https:\/\/diariodominicano.com\/index.php?rest_route=\/wp\/v2\/users\/3"}],"replies":[{"embeddable":true,"href":"https:\/\/diariodominicano.com\/index.php?rest_route=%2Fwp%2Fv2%2Fcomments&post=124160"}],"version-history":[{"count":1,"href":"https:\/\/diariodominicano.com\/index.php?rest_route=\/wp\/v2\/posts\/124160\/revisions"}],"predecessor-version":[{"id":657367,"href":"https:\/\/diariodominicano.com\/index.php?rest_route=\/wp\/v2\/posts\/124160\/revisions\/657367"}],"wp:attachment":[{"href":"https:\/\/diariodominicano.com\/index.php?rest_route=%2Fwp%2Fv2%2Fmedia&parent=124160"}],"wp:term":[{"taxonomy":"category","embeddable":true,"href":"https:\/\/diariodominicano.com\/index.php?rest_route=%2Fwp%2Fv2%2Fcategories&post=124160"},{"taxonomy":"post_tag","embeddable":true,"href":"https:\/\/diariodominicano.com\/index.php?rest_route=%2Fwp%2Fv2%2Ftags&post=124160"}],"curies":[{"name":"wp","href":"https:\/\/api.w.org\/{rel}","templated":true}]}}