{"id":124152,"date":"2006-10-27T13:07:47","date_gmt":"2006-10-27T13:07:47","guid":{"rendered":"http:\/\/diariodominicano.ddns.net\/?p=124152"},"modified":"2006-10-27T13:07:47","modified_gmt":"2006-10-27T13:07:47","slug":"se-muestran-preocupados-por-reformas-impositivas","status":"publish","type":"post","link":"https:\/\/diariodominicano.com\/?p=124152","title":{"rendered":"Se muestran preocupados por reformas impositivas"},"content":{"rendered":"<p><body><\/p>\n<p align=\"justify\"><span class=\"titulogrande1\">Se muestran preocupados por  reformas impositivas<\/span><br \/>&#13;<br \/>\n  <br \/>&#13;<br \/>\n    <strong>SANTO DOMINGO.-<\/strong><span class=\"text1noticias\"> Dirigentes empresariales y de la Sociedad Civil  mostraron \u00a0su preocupaci\u00f3n, ante los  aprestos del gobierno de crear nuevos impuestos.<br \/>&#13;<br \/>\n    <br \/>&#13;<br \/>\nYandra Portela,  presidenta de la Asociaci\u00f3n  de Industrias de la   Republica Dominicana, dice que los empresarios est\u00e1n  altamente preocupados de que el gobierno recurra a la creaci\u00f3n de nuevos  grav\u00e1menes para cubrir su d\u00e9ficit. <br \/>&#13;<br \/>\n<br \/>&#13;<br \/>\nLa presidenta de la Asociaci\u00f3n de  Industrias expresa \u00a0que debido a la crisis derivada de la quiebra de  bancos, la poblaci\u00f3n y los empresarios tuvieron que apretarse los cinturones,  pero \u00a0el gobierno continua invierto el dinero en nominas y asuntos no  prioritarios.<br \/>&#13;<br \/>\n<br \/>&#13;<br \/>\nEl director ejecutivo de Participaci\u00f3n Ciudadana,  Javier Cabreja \u00a0se muestra contrario a  nuevas cargas impositivas. <br \/>&#13;<br \/>\n<br \/>&#13;<br \/>\nRecomienda al gobierno ser m\u00e1s austero.<br \/>&#13;<br \/>\n<br \/>&#13;<br \/>\nCabreja\u00a0 se refiri\u00f3 al tema tras encabezar un  encuentro con los legisladores, a quienes presento \u00a0sus observaciones a la Ley de Compras y  Contrataciones de Bienes.<\/span><\/p>\n<p>&#13;<\/p>\n<h6> 2006-10-27 13:07:47 <\/h6>\n<p><!--\n<link rel=\"stylesheet\" href=\"css\/bootstrap.min.css\">\n\n\n<ul class=\"pagination\">\n\t    \n\t\n\n<li >\n\t<a href='?page_no=30031'>Previous<\/a>\n\t<\/li>\n\n\n       \n    \n\n<li><a href='?page_no=1'>1<\/a><\/li>\n\n\n\n<li><a href='?page_no=2'>2<\/a><\/li>\n\n\n\n<li><a>...<\/a><\/li>\n\n\n\n<li><a href='?page_no=30030'>30030<\/a><\/li>\n\n\n\n<li><a href='?page_no=30031'>30031<\/a><\/li>\n\n\n\n<li class='active'><a>30032<\/a><\/li>\n\n\n\n<li><a href='?page_no=30033'>30033<\/a><\/li>\n\n\n\n<li><a href='?page_no=30034'>30034<\/a><\/li>\n\n\n\n<li><a>...<\/a><\/li>\n\n\n\n<li><a href='?page_no=30472'>30472<\/a><\/li>\n\n\n\n<li><a href='?page_no=30473'>30473<\/a><\/li>\n\n    \n\t\n\n<li >\n\t<a href='?page_no=30033'>Next<\/a>\n\t<\/li>\n\n\n    \n\n<li><a href='?page_no=30473'>Last &rsaquo;&rsaquo;<\/a><\/li>\n\n<\/ul>\n\n\n--><br \/>\n<\/body><\/p>\n","protected":false},"excerpt":{"rendered":"<p>Se muestran preocupados por reformas impositivas&#13; &#13; SANTO DOMINGO.- Dirigentes empresariales y de la Sociedad Civil mostraron \u00a0su preocupaci\u00f3n, ante los aprestos del gobierno de crear nuevos impuestos.&#13; &#13; Yandra Portela, presidenta de la Asociaci\u00f3n de Industrias de la Republica Dominicana, dice que los empresarios est\u00e1n altamente preocupados de que el gobierno recurra a la [&hellip;]<\/p>\n","protected":false},"author":3,"featured_media":0,"comment_status":"open","ping_status":"open","sticky":false,"template":"","format":"standard","meta":{"footnotes":""},"categories":[18],"tags":[],"class_list":["post-124152","post","type-post","status-publish","format-standard","hentry","category-economia"],"_links":{"self":[{"href":"https:\/\/diariodominicano.com\/index.php?rest_route=\/wp\/v2\/posts\/124152","targetHints":{"allow":["GET"]}}],"collection":[{"href":"https:\/\/diariodominicano.com\/index.php?rest_route=\/wp\/v2\/posts"}],"about":[{"href":"https:\/\/diariodominicano.com\/index.php?rest_route=\/wp\/v2\/types\/post"}],"author":[{"embeddable":true,"href":"https:\/\/diariodominicano.com\/index.php?rest_route=\/wp\/v2\/users\/3"}],"replies":[{"embeddable":true,"href":"https:\/\/diariodominicano.com\/index.php?rest_route=%2Fwp%2Fv2%2Fcomments&post=124152"}],"version-history":[{"count":0,"href":"https:\/\/diariodominicano.com\/index.php?rest_route=\/wp\/v2\/posts\/124152\/revisions"}],"wp:attachment":[{"href":"https:\/\/diariodominicano.com\/index.php?rest_route=%2Fwp%2Fv2%2Fmedia&parent=124152"}],"wp:term":[{"taxonomy":"category","embeddable":true,"href":"https:\/\/diariodominicano.com\/index.php?rest_route=%2Fwp%2Fv2%2Fcategories&post=124152"},{"taxonomy":"post_tag","embeddable":true,"href":"https:\/\/diariodominicano.com\/index.php?rest_route=%2Fwp%2Fv2%2Ftags&post=124152"}],"curies":[{"name":"wp","href":"https:\/\/api.w.org\/{rel}","templated":true}]}}