{"id":124050,"date":"2006-11-14T14:44:54","date_gmt":"2006-11-14T14:44:54","guid":{"rendered":"http:\/\/diariodominicano.ddns.net\/?p=124050"},"modified":"2006-11-14T14:44:54","modified_gmt":"2006-11-14T14:44:54","slug":"cumbre-mundial-del-microcredito-se-celebra-en-canada","status":"publish","type":"post","link":"https:\/\/diariodominicano.com\/?p=124050","title":{"rendered":"Cumbre Mundial del Microcr\u00e9dito se celebra en Canad\u00e1"},"content":{"rendered":"<p><body><\/p>\n<p class=\"titulogrande1\"><em>Cumbre Mundial del Microcr\u00e9dito se celebra en Canad\u00e1<\/em><\/p>\n<p>&#13;<\/p>\n<p align=\"justify\" class=\"text1noticias\"><em>Halifax,  Canad\u00e1<\/em>-Halifax se ha  convertido en la sede de una nueva sociedad financiera que busca reducir la pobreza  en el mundo.<br \/>&#13;<br \/>\n  <br \/>&#13;<br \/>\n  M\u00e1s de 2 300 personas que asisten a la Cumbre Mundial del  Microcr\u00e9dito se pusieron de pie en el sal\u00f3n principal del Centro de  Convenciones para recibir al premio Nobel de la Paz, Muhhamad Yunus.<br \/>&#13;<br \/>\n  <br \/>&#13;<br \/>\n\u201cEsta Cumbre tiene el objetivo de crear un proceso que mande a la pobreza a  donde debe estar, en los museos. Y esa nueva competencia es la que\u00a0 deben  ganar todos nuestros pa\u00edses\u201d, indico el Nobel en el discurso de apertura.<br \/>&#13;<br \/>\n  <br \/>&#13;<br \/>\n  La campa\u00f1a de la Cumbre  del Microcr\u00e9dito comenz\u00f3 en 1997 con el objetivo de\u00a0 extender esta  modalidad de pr\u00e9stamo en los pa\u00edses m\u00e1s pobres del\u00a0 mundo, como un mecanismo  para combatir la pobreza extrema.<br \/>&#13;<br \/>\n  <br \/>&#13;<br \/>\n  Los delegados a la Cumbre,  que provienen de Am\u00e9rica, Europa, Asia, \u00c1frica y Ocean\u00eda y que pululan por la  sede de la Cumbre  ubicada en el centro de Halifax, se han fijado tres objetivos b\u00e1sicos:  disminuir la pobreza extrema de 500 millones de personas hasta el 2015, otorgar  cr\u00e9ditos a 175 millones de familias y asegurar que 100 millones de  familias\u00a0 pobres superen el umbral de obtener un ingreso diario de un  d\u00f3lar.<br \/>&#13;<br \/>\n  <br \/>&#13;<br \/>\n  La reina Sof\u00eda de Espa\u00f1a; el presidente de Honduras, Manuel Zelaya; el primer  Ministro de Pakist\u00e1n, H. E. Shaukat Aziz, el vicepresidente de Uruguay, Rodolfo  Nin, entre otras personalidades que asistieron a la inauguraci\u00f3n, coincidieron  en la necesidad de promover la\u00a0 institucionalizaci\u00f3n de los organismos de microcr\u00e9dito  para garantizar el desarrollo de programas masivos de emprendedores y de dar  acceso a recursos para generar capitales semilla.<br \/>&#13;<br \/>\n  <br \/>&#13;<br \/>\n  El director de la   Campa\u00f1a Mundial del Microcr\u00e9dito, Sam Daley, record\u00f3 que 113  millones de familias recibieron pr\u00e9stamos el a\u00f1o pasado y 82 millones de ellas  formaban parte de las m\u00e1s pobres cuando recibieron su cr\u00e9dito.<br \/>&#13;<br \/>\n  <br \/>&#13;<br \/>\n  Pero m\u00e1s all\u00e1 de las cifras y los objetivos hasta el\u00a0 2015, Yunus es la  atracci\u00f3n de la cita. Todos quieren tomarse fotograf\u00edas con \u00e9l y los que logran  sortear las medidas de seguridad, las guardan como uno de los recuerdos m\u00e1s  apetecidos de la cita que se desarrolla en una ciudad donde la temperatura  bordea los cuatro grados cent\u00edgrados.<br \/>&#13;<br \/>\n  <br \/>&#13;<br \/>\n  Con respecto a los objetivos de la cumbre, Yunus dijo que \u201cno solo\u00a0  debemos llegar a 175 millones de personas para el 2015, sino que cada pa\u00eds debe  llegar por lo menos a la mitad de sus pobres\u201d.<br \/>&#13;<br \/>\n  <br \/>&#13;<br \/>\n  Asimismo,\u00a0 hizo hincapi\u00e9 en que los grandes bancos miren el microcr\u00e9dito  como un nuevo mercado, pero solicit\u00f3 que su participaci\u00f3n sea dirigida a  combatir\u00a0 la pobreza y no como un negocio. <br \/>&#13;<br \/>\n  <br \/>&#13;<br \/>\n  El mensaje fue dirigido a las grandes multinacionales financieras, ya que en la Cumbre tambi\u00e9n est\u00e1n  presentes representantes de\u00a0 grandes bancos como Citigroup, Deutsche Bank,  ING Bank, Scotia Bank, entre otros.<br \/>&#13;<br \/>\n  <br \/>&#13;<br \/>\n  El presidente Zelaya destac\u00f3 que \u201cla mejor manera de llegar a los pobres es con  el microcr\u00e9dito, pues\u00a0 as\u00ed termina la pobreza para quienes est\u00e1n excluidos  del nuevo modelo de desarrollo comercial que se impone en el mundo\u201d. <br \/>&#13;<br \/>\n  <br \/>&#13;<br \/>\n  El Mandatario solicit\u00f3 que sea tomada en cuenta la regi\u00f3n centroamericana como  sede de la pr\u00f3xima cumbre, para analizar los resultados de los objetivos  planteados en Halifax.<br \/>&#13;<br \/>\n  <br \/>&#13;<br \/>\n  <strong>Ecuador est\u00e1 presente<\/strong><br \/>&#13;<br \/>\n  <br \/>&#13;<br \/>\n  <strong>El director ejecutivo<\/strong>\u00a0de la Red Financiera  Rural, Javier Vaca, coment\u00f3 ayer en la Cumbre que, a ra\u00edz del cambio de gobierno, al  sector se le presentan grandes desaf\u00edos, porque el clientelismo del  microcr\u00e9dito puede terminar afectando al sector.<br \/>&#13;<br \/>\n  <br \/>&#13;<br \/>\n  <strong>De igual manera,<\/strong> la jefa del Proyecto\u00a0Crear de  Swisscontact, Mirtha Corella, advierte que una sobreoferta de micropr\u00e9stamos  puede ocasionar un sobrendeudamiento, cuya cartera puede crear serios problemas  a las microfinancieras.<br \/>&#13;<br \/>\n  \u00a0<br \/>&#13;<br \/>\n  <strong>La cita de la   Cumbre Global del\u00a0 Microcr\u00e9dito 2006\u00a0\u00a0 que se  desarrolla en Halifax, Canad\u00e1, terminar\u00e1 el 15 de noviembre<\/strong>.<\/p>\n<p>&#13;<\/p>\n<h6> 2006-11-14 14:44:54 <\/h6>\n<p><!--\n<link rel=\"stylesheet\" href=\"css\/bootstrap.min.css\">\n\n\n<ul class=\"pagination\">\n\t    \n\t\n\n<li >\n\t<a href='?page_no=29929'>Previous<\/a>\n\t<\/li>\n\n\n       \n    \n\n<li><a href='?page_no=1'>1<\/a><\/li>\n\n\n\n<li><a href='?page_no=2'>2<\/a><\/li>\n\n\n\n<li><a>...<\/a><\/li>\n\n\n\n<li><a href='?page_no=29928'>29928<\/a><\/li>\n\n\n\n<li><a href='?page_no=29929'>29929<\/a><\/li>\n\n\n\n<li class='active'><a>29930<\/a><\/li>\n\n\n\n<li><a href='?page_no=29931'>29931<\/a><\/li>\n\n\n\n<li><a href='?page_no=29932'>29932<\/a><\/li>\n\n\n\n<li><a>...<\/a><\/li>\n\n\n\n<li><a href='?page_no=30472'>30472<\/a><\/li>\n\n\n\n<li><a href='?page_no=30473'>30473<\/a><\/li>\n\n    \n\t\n\n<li >\n\t<a href='?page_no=29931'>Next<\/a>\n\t<\/li>\n\n\n    \n\n<li><a href='?page_no=30473'>Last &rsaquo;&rsaquo;<\/a><\/li>\n\n<\/ul>\n\n\n--><br \/>\n<\/body><\/p>\n","protected":false},"excerpt":{"rendered":"<p>Cumbre Mundial del Microcr\u00e9dito se celebra en Canad\u00e1 &#13; Halifax, Canad\u00e1-Halifax se ha convertido en la sede de una nueva sociedad financiera que busca reducir la pobreza en el mundo.&#13; &#13; M\u00e1s de 2 300 personas que asisten a la Cumbre Mundial del Microcr\u00e9dito se pusieron de pie en el sal\u00f3n principal del Centro de [&hellip;]<\/p>\n","protected":false},"author":3,"featured_media":0,"comment_status":"open","ping_status":"open","sticky":false,"template":"","format":"standard","meta":{"footnotes":""},"categories":[18],"tags":[],"class_list":["post-124050","post","type-post","status-publish","format-standard","hentry","category-economia"],"_links":{"self":[{"href":"https:\/\/diariodominicano.com\/index.php?rest_route=\/wp\/v2\/posts\/124050","targetHints":{"allow":["GET"]}}],"collection":[{"href":"https:\/\/diariodominicano.com\/index.php?rest_route=\/wp\/v2\/posts"}],"about":[{"href":"https:\/\/diariodominicano.com\/index.php?rest_route=\/wp\/v2\/types\/post"}],"author":[{"embeddable":true,"href":"https:\/\/diariodominicano.com\/index.php?rest_route=\/wp\/v2\/users\/3"}],"replies":[{"embeddable":true,"href":"https:\/\/diariodominicano.com\/index.php?rest_route=%2Fwp%2Fv2%2Fcomments&post=124050"}],"version-history":[{"count":0,"href":"https:\/\/diariodominicano.com\/index.php?rest_route=\/wp\/v2\/posts\/124050\/revisions"}],"wp:attachment":[{"href":"https:\/\/diariodominicano.com\/index.php?rest_route=%2Fwp%2Fv2%2Fmedia&parent=124050"}],"wp:term":[{"taxonomy":"category","embeddable":true,"href":"https:\/\/diariodominicano.com\/index.php?rest_route=%2Fwp%2Fv2%2Fcategories&post=124050"},{"taxonomy":"post_tag","embeddable":true,"href":"https:\/\/diariodominicano.com\/index.php?rest_route=%2Fwp%2Fv2%2Ftags&post=124050"}],"curies":[{"name":"wp","href":"https:\/\/api.w.org\/{rel}","templated":true}]}}