{"id":124048,"date":"2006-11-15T10:12:47","date_gmt":"2006-11-15T10:12:47","guid":{"rendered":"http:\/\/diariodominicano.ddns.net\/?p=124048"},"modified":"2006-11-15T10:12:47","modified_gmt":"2006-11-15T10:12:47","slug":"la-mitad-de-los-ninos-latinoamericanos-vive-bajo-la-linea-de-la-pobreza","status":"publish","type":"post","link":"https:\/\/diariodominicano.com\/?p=124048","title":{"rendered":"La mitad de los ni\u00f1os latinoamericanos vive  bajo la l\u00ednea de la pobreza"},"content":{"rendered":"<p><body><\/p>\n<p align=\"justify\" class=\"titulogrande1\">La mitad de los  ni\u00f1os latinoamericanos vive \u00a0bajo la  l\u00ednea de la pobreza<\/p>\n<p>&#13;<\/p>\n<p align=\"justify\" class=\"text1noticias\"><strong>M\u00e9xico<\/strong> &#8211; La mitad de los ni\u00f1os  latinoamericanos vive \u00abvirtualmente\u00bb bajo la l\u00ednea de la pobreza,  dijo el martes \u00a0a EFE el vicepresidente  del Comit\u00e9 para los Derechos del Ni\u00f1o de Naciones Unidas, Norberto Liwski.<br \/>&#13;<br \/>\n  <br \/>&#13;<br \/>\n  Las  \u00abrecurrentes\u00bb crisis econ\u00f3micas de la regi\u00f3n en la \u00faltima d\u00e9cada han  hecho aumentar el n\u00famero de menores que se ven obligados a trabajar, afirm\u00f3 el  funcionario, quien mencion\u00f3 el ejemplo de Argentina.<br \/>&#13;<br \/>\n  <br \/>&#13;<br \/>\n  El n\u00famero de  menores trabajadores en Argentina aument\u00f3 de 210,000 en el 2001 a 1.2 millones en el 2003 a causa de los estragos  de la crisis econ\u00f3mica que vivi\u00f3 ese pa\u00eds.<br \/>&#13;<br \/>\n  <br \/>&#13;<br \/>\n  Liwski, que se  encuentra en M\u00e9xico para transmitir al Gobierno mexicano las recomendaciones  del comit\u00e9 en relaci\u00f3n a sus pol\u00edticas sobre infancia, mencion\u00f3 a Bolivia,  Guatemala, Honduras, El Salvador y Ecuador como los pa\u00edses de la regi\u00f3n donde  hay m\u00e1s trabajo infantil.<br \/>&#13;<br \/>\n  <br \/>&#13;<br \/>\n  La mayor\u00eda de  los menores latinoamericanos que trabajan lo hace en el campo, donde es m\u00e1s dif\u00edcil  el acceso a los mecanismos de protecci\u00f3n social, seg\u00fan la ONU.<br \/>&#13;<br \/>\n  <br \/>&#13;<br \/>\n  El  vicepresidente del comit\u00e9 de los Derechos del Ni\u00f1o de la ONU responsabiliz\u00f3 tambi\u00e9n del  trabajo infantil al abandono escolar.<br \/>&#13;<br \/>\n  <br \/>&#13;<br \/>\n\u00abLa  inversi\u00f3n en educaci\u00f3n no se mantuvo en equilibrio con la expansi\u00f3n de las  pol\u00cdticas de aumento de matr\u00edcula\u00bb, dijo Liwski, quien se\u00f1al\u00f3 que la edad  de abandono escolar est\u00e1 entre los doce y los trece a\u00f1os en Latinoam\u00e9rica.<br \/>&#13;<br \/>\n<br \/>&#13;<br \/>\nEl funcionario  dijo que las crisis econ\u00f3micas en la regi\u00f3n tambi\u00e9n han facilitado un auge del  turismo sexual de la mano del crimen organizado.<br \/>&#13;<br \/>\n<br \/>&#13;<br \/>\n\u00abFaltan  herramientas id\u00f3neas legalmente para proteger a los ni\u00f1os\u00bb, lament\u00f3 el  funcionario de la ONU.<br \/>&#13;<br \/>\n<br \/>&#13;<br \/>\nA pesar de que  muchos pa\u00edses de la regi\u00f3n han aprobado el protocolo facultativo sobre venta,  prostituci\u00f3n infantil y pornograf\u00eda, un \u00abn\u00famero significativo\u00bb de  ellos ha de incorporar a su c\u00f3digo penal leyes espec\u00edficas al respecto.<br \/>&#13;<br \/>\n<br \/>&#13;<br \/>\nEste lunes  Liwsky present\u00f3 a los diputados mexicanos las recomendaciones de la Unicef sobre la ni\u00f1ez y  sugiri\u00f3 elevar la edad de matrimonio, modificar los procedimientos para que se  escuche a los menores en los procesos judiciales y prohibir los castigos  f\u00edsicos, entre otros. <\/p>\n<p>&#13;<\/p>\n<h6> 2006-11-15 10:12:47 <\/h6>\n<p><!--\n<link rel=\"stylesheet\" href=\"css\/bootstrap.min.css\">\n\n\n<ul class=\"pagination\">\n\t    \n\t\n\n<li >\n\t<a href='?page_no=29927'>Previous<\/a>\n\t<\/li>\n\n\n       \n    \n\n<li><a href='?page_no=1'>1<\/a><\/li>\n\n\n\n<li><a href='?page_no=2'>2<\/a><\/li>\n\n\n\n<li><a>...<\/a><\/li>\n\n\n\n<li><a href='?page_no=29926'>29926<\/a><\/li>\n\n\n\n<li><a href='?page_no=29927'>29927<\/a><\/li>\n\n\n\n<li class='active'><a>29928<\/a><\/li>\n\n\n\n<li><a href='?page_no=29929'>29929<\/a><\/li>\n\n\n\n<li><a href='?page_no=29930'>29930<\/a><\/li>\n\n\n\n<li><a>...<\/a><\/li>\n\n\n\n<li><a href='?page_no=30472'>30472<\/a><\/li>\n\n\n\n<li><a href='?page_no=30473'>30473<\/a><\/li>\n\n    \n\t\n\n<li >\n\t<a href='?page_no=29929'>Next<\/a>\n\t<\/li>\n\n\n    \n\n<li><a href='?page_no=30473'>Last &rsaquo;&rsaquo;<\/a><\/li>\n\n<\/ul>\n\n\n--><br \/>\n<\/body><\/p>\n","protected":false},"excerpt":{"rendered":"<p>La mitad de los ni\u00f1os latinoamericanos vive \u00a0bajo la l\u00ednea de la pobreza &#13; M\u00e9xico &#8211; La mitad de los ni\u00f1os latinoamericanos vive \u00abvirtualmente\u00bb bajo la l\u00ednea de la pobreza, dijo el martes \u00a0a EFE el vicepresidente del Comit\u00e9 para los Derechos del Ni\u00f1o de Naciones Unidas, Norberto Liwski.&#13; &#13; Las \u00abrecurrentes\u00bb crisis econ\u00f3micas de [&hellip;]<\/p>\n","protected":false},"author":3,"featured_media":0,"comment_status":"open","ping_status":"open","sticky":false,"template":"","format":"standard","meta":{"footnotes":""},"categories":[18],"tags":[],"class_list":["post-124048","post","type-post","status-publish","format-standard","hentry","category-economia"],"_links":{"self":[{"href":"https:\/\/diariodominicano.com\/index.php?rest_route=\/wp\/v2\/posts\/124048","targetHints":{"allow":["GET"]}}],"collection":[{"href":"https:\/\/diariodominicano.com\/index.php?rest_route=\/wp\/v2\/posts"}],"about":[{"href":"https:\/\/diariodominicano.com\/index.php?rest_route=\/wp\/v2\/types\/post"}],"author":[{"embeddable":true,"href":"https:\/\/diariodominicano.com\/index.php?rest_route=\/wp\/v2\/users\/3"}],"replies":[{"embeddable":true,"href":"https:\/\/diariodominicano.com\/index.php?rest_route=%2Fwp%2Fv2%2Fcomments&post=124048"}],"version-history":[{"count":0,"href":"https:\/\/diariodominicano.com\/index.php?rest_route=\/wp\/v2\/posts\/124048\/revisions"}],"wp:attachment":[{"href":"https:\/\/diariodominicano.com\/index.php?rest_route=%2Fwp%2Fv2%2Fmedia&parent=124048"}],"wp:term":[{"taxonomy":"category","embeddable":true,"href":"https:\/\/diariodominicano.com\/index.php?rest_route=%2Fwp%2Fv2%2Fcategories&post=124048"},{"taxonomy":"post_tag","embeddable":true,"href":"https:\/\/diariodominicano.com\/index.php?rest_route=%2Fwp%2Fv2%2Ftags&post=124048"}],"curies":[{"name":"wp","href":"https:\/\/api.w.org\/{rel}","templated":true}]}}