{"id":123985,"date":"2006-11-22T14:51:29","date_gmt":"2006-11-22T14:51:29","guid":{"rendered":"http:\/\/diariodominicano.ddns.net\/?p=123985"},"modified":"2006-11-22T14:51:29","modified_gmt":"2006-11-22T14:51:29","slug":"botnia-consiguio-financiacion-del-banco-mundial","status":"publish","type":"post","link":"https:\/\/diariodominicano.com\/?p=123985","title":{"rendered":"Botnia consigui\u00f3 financiaci\u00f3n del Banco Mundial"},"content":{"rendered":"<p><body><\/p>\n<h1>Botnia consigui\u00f3 financiaci\u00f3n del Banco Mundial<\/h1>\n<p>&#13;<\/p>\n<p align=\"justify\"><strong>WASHINGTON.-<\/strong> <span class=\"text1noticias\">Bajo  la aclaraci\u00f3n de que la pastera de la empresa finlandesa Botnia operar\u00e1 bajo  las mejores normas mundiales de cuidado del medio ambiente, el Banco Mundial  aprob\u00f3 financiarla con 170 millones de d\u00f3lares. <br \/>&#13;<br \/>\n  <br \/>&#13;<br \/>\n  As\u00ed lo anunci\u00f3 este mediod\u00eda la Corporaci\u00f3n Financiera  Internacional (IFC) y la Agencia Multilateral de Garant\u00eda de Inversiones  (MIGA), que dar\u00e1 un aval de hasta 350 millones de d\u00f3lares para la f\u00e1brica que  ya se construye en Fray Bentos, frente a Gualeguaych\u00fa. <br \/>&#13;<br \/>\n  <br \/>&#13;<br \/>\n  La decisi\u00f3n se tom\u00f3 r\u00e1pidamente, minutos despu\u00e9s del comienzo del encuentro del  directorio que iba a definir el financiamiento. <br \/>&#13;<br \/>\n  <br \/>&#13;<br \/>\n\u00abDespu\u00e9s de completar una revisi\u00f3n meticulosa de los hechos, ambas  organizaciones han concluido que la planta generar\u00e1 beneficios econ\u00f3micos  significativos para Uruguay y no causar\u00e1 ning\u00fan da\u00f1o ambiental\u00bb, sostuvo  la entidad en un comunicado. <br \/>&#13;<br \/>\n  <br \/>&#13;<br \/>\n\u00abLa planta Orion, de propiedad mayoritaria de la compa\u00f1\u00eda finlandesa Oy  Mets\u00e4-Botnia Ab, operar\u00e1 seg\u00fan las normas mundiales m\u00e1s elevadas y cumplir\u00e1 con  las normas ambientales y sociales respectivas de IFC y MIGA. Un informe  independiente recientemente emitido ofreci\u00f3 evidencia concluyente de que la  zona local, que incluye la ciudad argentina de Gualeguaych\u00fa, no experimentar\u00e1  impactos ambientales adversos\u00bb, aclar\u00f3 enseguida el parte de prensa, desde  sus primeros p\u00e1rrafos. <br \/>&#13;<br \/>\n  <br \/>&#13;<br \/>\n  El pr\u00e9stamo para Botnia figur\u00f3 primero en la agenda de temas previstos para la  sesi\u00f3n de hoy, en Washington. <br \/>&#13;<br \/>\n  <br \/>&#13;<br \/>\n  <strong>Beneficios a ambos lados. <\/strong>\u201cLa decisi\u00f3n de hoy allana el camino para que  avancemos y tratemos con las partes interesadas a fin de maximizar los  beneficios econ\u00f3micos, ambientales y sociales para las comunidades locales a  ambos lados del r\u00edo\u201d, dijo Lars Thunell, vicepresidente ejecutivo de la IFC. <br \/>&#13;<br \/>\n  <br \/>&#13;<br \/>\n  Por otra parte, las dos entidades aclararon que \u201cno asumen  ninguna postura acerca del posible resultado final del caso pendiente en la Corte Internacional  de Justicia en La Haya  con relaci\u00f3n a este proyecto\u201d. <br \/>&#13;<br \/>\n  <br \/>&#13;<br \/>\n  Sucede que la Argentina  llev\u00f3 el conflicto al m\u00e1ximo tribunal internacional con la acusaci\u00f3n al  gobierno de Uruguay de haber violado el tratado com\u00fan del R\u00edo Uruguay. <br \/>&#13;<br \/>\n  <br \/>&#13;<br \/>\n  <strong>Justificaci\u00f3n. <\/strong>Adem\u00e1s de aclarar el compromiso en el cuidado del medio  ambiente, el Banco Mundial resalt\u00f3 que la planta \u201crepresenta la mayor inversi\u00f3n  extranjera de la historia de Uruguay y ayudar\u00e1 al pa\u00eds a subir en la cadena de  valor m\u00e1s all\u00e1 de la exportaci\u00f3n de materia prima\u201d. <br \/>&#13;<br \/>\n  <br \/>&#13;<br \/>\n  Inform\u00f3, asimismo, que la inversi\u00f3n \u201cgenerar\u00e1 unos 2500 puestos de trabajo  locales muy necesarios\u201d. <br \/>&#13;<br \/>\n  <br \/>&#13;<br \/>\n  Seg\u00fan indic\u00f3 el organismo en el comunicado, en la reuni\u00f3n se present\u00f3 a los  miembros de la junta directiva, que integra el argentino Alberto Camarasa, las  conclusiones \u201ccontundentes y positivas de un estudio de impacto acumulativo y  un estudio posterior del estudio realizado por expertos independientes\u201d. <br \/>&#13;<br \/>\n  <br \/>&#13;<br \/>\n  Y recordaron que ese an\u00e1lisis determin\u00f3 tambi\u00e9n el impacto de la planta de la  empresa espa\u00f1ola ENCE, que decidi\u00f3 relocalizar la f\u00e1brica por el conflicto que provoc\u00f3  el proyecto de las dos pasteras a escasa distancia. <br \/>&#13;<br \/>\n  <br \/>&#13;<br \/>\n  As\u00ed, la IFC  ratific\u00f3 que ese proyecto est\u00e1 \u201cen espera\u201d de la nueva ubicaci\u00f3n, que la  compa\u00f1\u00eda espa\u00f1ola a\u00fan no determin\u00f3. <br \/>&#13;<br \/>\n  <br \/>&#13;<br \/>\n  <strong>Satisfacci\u00f3n y compromiso. <\/strong>Una hora despu\u00e9s de conocida la decisi\u00f3n del  BM, Botnia celebr\u00f3 el financiamiento y se comprometi\u00f3 a colaborar con Uruguay  en la resoluci\u00f3n del conflicto. <br \/>&#13;<br \/>\n  <br \/>&#13;<br \/>\n\u00abNos alegramos de que este proceso haya llegado a su fin y que los  exhaustivos estudios hayan confirmado los beneficios del proyecto. Tenemos la  esperanza de que los diferentes grupos de inter\u00e9s finalmente vean que la planta  cumplir\u00e1 con las normas ambientales y no se comprometer\u00e1 el bienestar de los  residentes de la zona\u201d, declar\u00f3 el CEO de la empresa, Erkki Varis, a trav\u00e9s de  un comunicado. <br \/>&#13;<br \/>\n  <br \/>&#13;<br \/>\n\u00abEstamos dispuestos a contribuir con la tarea de facilitaci\u00f3n y a  colaborar con el gobierno uruguayo en la b\u00fasqueda de una soluci\u00f3n al conflicto  con Argentina\u00bb, agreg\u00f3 el presidente de Botnia. <br \/>&#13;<br \/>\n  <br \/>&#13;<br \/>\n  <strong>Apuesta. <\/strong>El gobierno argentino hab\u00eda apostado fuertemente a ahogar  financieramente a las plantas. La secretaria de Medio Ambiente, Romina  Picolotti, encabez\u00f3 las \u00faltimas gestiones oficiales al Banco Mundial para  evitar que sus directivos voten en favor del financiamiento de los proyectos.  Uruguay tampoco se qued\u00f3 atr\u00e1s y envi\u00f3 en los \u00faltimos d\u00edas al ministro de  Econom\u00eda, Danilo Astori, y al secretario de la Presidente, Gonzalo  Fern\u00e1ndez. La pulseada se qued\u00f3 esta vez del otro lado del r\u00edo. <\/span><\/p>\n<p>&#13;<\/p>\n<h6> 2006-11-22 14:51:29 <\/h6>\n<p><!--\n<link rel=\"stylesheet\" href=\"css\/bootstrap.min.css\">\n\n\n<ul class=\"pagination\">\n\t    \n\t\n\n<li >\n\t<a href='?page_no=29864'>Previous<\/a>\n\t<\/li>\n\n\n       \n    \n\n<li><a href='?page_no=1'>1<\/a><\/li>\n\n\n\n<li><a href='?page_no=2'>2<\/a><\/li>\n\n\n\n<li><a>...<\/a><\/li>\n\n\n\n<li><a href='?page_no=29863'>29863<\/a><\/li>\n\n\n\n<li><a href='?page_no=29864'>29864<\/a><\/li>\n\n\n\n<li class='active'><a>29865<\/a><\/li>\n\n\n\n<li><a href='?page_no=29866'>29866<\/a><\/li>\n\n\n\n<li><a href='?page_no=29867'>29867<\/a><\/li>\n\n\n\n<li><a>...<\/a><\/li>\n\n\n\n<li><a href='?page_no=30472'>30472<\/a><\/li>\n\n\n\n<li><a href='?page_no=30473'>30473<\/a><\/li>\n\n    \n\t\n\n<li >\n\t<a href='?page_no=29866'>Next<\/a>\n\t<\/li>\n\n\n    \n\n<li><a href='?page_no=30473'>Last &rsaquo;&rsaquo;<\/a><\/li>\n\n<\/ul>\n\n\n--><br \/>\n<\/body><\/p>\n","protected":false},"excerpt":{"rendered":"<p>Botnia consigui\u00f3 financiaci\u00f3n del Banco Mundial &#13; WASHINGTON.- Bajo la aclaraci\u00f3n de que la pastera de la empresa finlandesa Botnia operar\u00e1 bajo las mejores normas mundiales de cuidado del medio ambiente, el Banco Mundial aprob\u00f3 financiarla con 170 millones de d\u00f3lares. &#13; &#13; As\u00ed lo anunci\u00f3 este mediod\u00eda la Corporaci\u00f3n Financiera Internacional (IFC) y la [&hellip;]<\/p>\n","protected":false},"author":3,"featured_media":0,"comment_status":"open","ping_status":"open","sticky":false,"template":"","format":"standard","meta":{"footnotes":""},"categories":[18],"tags":[],"class_list":["post-123985","post","type-post","status-publish","format-standard","hentry","category-economia"],"_links":{"self":[{"href":"https:\/\/diariodominicano.com\/index.php?rest_route=\/wp\/v2\/posts\/123985","targetHints":{"allow":["GET"]}}],"collection":[{"href":"https:\/\/diariodominicano.com\/index.php?rest_route=\/wp\/v2\/posts"}],"about":[{"href":"https:\/\/diariodominicano.com\/index.php?rest_route=\/wp\/v2\/types\/post"}],"author":[{"embeddable":true,"href":"https:\/\/diariodominicano.com\/index.php?rest_route=\/wp\/v2\/users\/3"}],"replies":[{"embeddable":true,"href":"https:\/\/diariodominicano.com\/index.php?rest_route=%2Fwp%2Fv2%2Fcomments&post=123985"}],"version-history":[{"count":0,"href":"https:\/\/diariodominicano.com\/index.php?rest_route=\/wp\/v2\/posts\/123985\/revisions"}],"wp:attachment":[{"href":"https:\/\/diariodominicano.com\/index.php?rest_route=%2Fwp%2Fv2%2Fmedia&parent=123985"}],"wp:term":[{"taxonomy":"category","embeddable":true,"href":"https:\/\/diariodominicano.com\/index.php?rest_route=%2Fwp%2Fv2%2Fcategories&post=123985"},{"taxonomy":"post_tag","embeddable":true,"href":"https:\/\/diariodominicano.com\/index.php?rest_route=%2Fwp%2Fv2%2Ftags&post=123985"}],"curies":[{"name":"wp","href":"https:\/\/api.w.org\/{rel}","templated":true}]}}