{"id":123983,"date":"2006-11-22T14:55:36","date_gmt":"2006-11-22T14:55:36","guid":{"rendered":"http:\/\/diariodominicano.ddns.net\/?p=123983"},"modified":"2006-11-22T14:55:36","modified_gmt":"2006-11-22T14:55:36","slug":"fabricante-de-aviones-airbus-presentara-el-a350","status":"publish","type":"post","link":"https:\/\/diariodominicano.com\/?p=123983","title":{"rendered":"Fabricante de aviones Airbus presentar\u00e1 el A350"},"content":{"rendered":"<p><body><\/p>\n<p align=\"justify\"><span class=\"titulogrande1\">Fabricante  de aviones Airbus presentar\u00e1 el A350 <\/span><br \/>&#13;<br \/>\n  <br \/>&#13;<br \/>\n    <strong>Par\u00eds.- <\/strong><span class=\"text1noticias\">El grupo europeo EADS  inform\u00f3 \u00a0que presentar\u00e1 la semana pr\u00f3xima  su programa industrial para la fabricaci\u00f3n del nuevo avi\u00f3n Airbus A350, despu\u00e9s  de una reuni\u00f3n de su consejo de administraci\u00f3n.<br \/>&#13;<br \/>\n    <br \/>&#13;<br \/>\n    A mediados de la pr\u00f3xima semana  se efectuar\u00e1 ese encuentro, donde se reportar\u00e1 la novedad, luego que los  principales directivos de la firma concreten los \u00faltimos detalles de su agenda.<br \/>&#13;<br \/>\n    <br \/>&#13;<br \/>\n    Oficialmente, EADS no ha querido  dar precisiones de calendario sobre el lanzamiento del A350 -cuyo costo se  acercar\u00e1 a los 10 mil millones de euros.<br \/>&#13;<br \/>\n    <br \/>&#13;<br \/>\n    Ello se debe a la crisis generada  por los retrasos industriales en el avi\u00f3n gigante de Airbus, el A380. La nueva  versi\u00f3n del A350 tendr\u00e1 un fuselaje con un di\u00e1metro de 5,91 metros.<br \/>&#13;<br \/>\n    <br \/>&#13;<br \/>\nSu principal innovaci\u00f3n ser\u00e1 el  empleo de materiales compuestos de fibras de carbono para fabricar el fuselaje,  en lugar de las cl\u00e1sicas aleaciones met\u00e1licas.<\/span><\/p>\n<p>&#13;<\/p>\n<h6> 2006-11-22 14:55:36 <\/h6>\n<p><!--\n<link rel=\"stylesheet\" href=\"css\/bootstrap.min.css\">\n\n\n<ul class=\"pagination\">\n\t    \n\t\n\n<li >\n\t<a href='?page_no=29862'>Previous<\/a>\n\t<\/li>\n\n\n       \n    \n\n<li><a href='?page_no=1'>1<\/a><\/li>\n\n\n\n<li><a href='?page_no=2'>2<\/a><\/li>\n\n\n\n<li><a>...<\/a><\/li>\n\n\n\n<li><a href='?page_no=29861'>29861<\/a><\/li>\n\n\n\n<li><a href='?page_no=29862'>29862<\/a><\/li>\n\n\n\n<li class='active'><a>29863<\/a><\/li>\n\n\n\n<li><a href='?page_no=29864'>29864<\/a><\/li>\n\n\n\n<li><a href='?page_no=29865'>29865<\/a><\/li>\n\n\n\n<li><a>...<\/a><\/li>\n\n\n\n<li><a href='?page_no=30472'>30472<\/a><\/li>\n\n\n\n<li><a href='?page_no=30473'>30473<\/a><\/li>\n\n    \n\t\n\n<li >\n\t<a href='?page_no=29864'>Next<\/a>\n\t<\/li>\n\n\n    \n\n<li><a href='?page_no=30473'>Last &rsaquo;&rsaquo;<\/a><\/li>\n\n<\/ul>\n\n\n--><br \/>\n<\/body><\/p>\n","protected":false},"excerpt":{"rendered":"<p>Fabricante de aviones Airbus presentar\u00e1 el A350 &#13; &#13; Par\u00eds.- El grupo europeo EADS inform\u00f3 \u00a0que presentar\u00e1 la semana pr\u00f3xima su programa industrial para la fabricaci\u00f3n del nuevo avi\u00f3n Airbus A350, despu\u00e9s de una reuni\u00f3n de su consejo de administraci\u00f3n.&#13; &#13; A mediados de la pr\u00f3xima semana se efectuar\u00e1 ese encuentro, donde se reportar\u00e1 la [&hellip;]<\/p>\n","protected":false},"author":3,"featured_media":0,"comment_status":"open","ping_status":"open","sticky":false,"template":"","format":"standard","meta":{"footnotes":""},"categories":[18],"tags":[],"class_list":["post-123983","post","type-post","status-publish","format-standard","hentry","category-economia"],"_links":{"self":[{"href":"https:\/\/diariodominicano.com\/index.php?rest_route=\/wp\/v2\/posts\/123983","targetHints":{"allow":["GET"]}}],"collection":[{"href":"https:\/\/diariodominicano.com\/index.php?rest_route=\/wp\/v2\/posts"}],"about":[{"href":"https:\/\/diariodominicano.com\/index.php?rest_route=\/wp\/v2\/types\/post"}],"author":[{"embeddable":true,"href":"https:\/\/diariodominicano.com\/index.php?rest_route=\/wp\/v2\/users\/3"}],"replies":[{"embeddable":true,"href":"https:\/\/diariodominicano.com\/index.php?rest_route=%2Fwp%2Fv2%2Fcomments&post=123983"}],"version-history":[{"count":0,"href":"https:\/\/diariodominicano.com\/index.php?rest_route=\/wp\/v2\/posts\/123983\/revisions"}],"wp:attachment":[{"href":"https:\/\/diariodominicano.com\/index.php?rest_route=%2Fwp%2Fv2%2Fmedia&parent=123983"}],"wp:term":[{"taxonomy":"category","embeddable":true,"href":"https:\/\/diariodominicano.com\/index.php?rest_route=%2Fwp%2Fv2%2Fcategories&post=123983"},{"taxonomy":"post_tag","embeddable":true,"href":"https:\/\/diariodominicano.com\/index.php?rest_route=%2Fwp%2Fv2%2Ftags&post=123983"}],"curies":[{"name":"wp","href":"https:\/\/api.w.org\/{rel}","templated":true}]}}