{"id":123977,"date":"2006-11-23T06:49:26","date_gmt":"2006-11-23T06:49:26","guid":{"rendered":"http:\/\/diariodominicano.ddns.net\/?p=123977"},"modified":"2006-11-23T06:49:26","modified_gmt":"2006-11-23T06:49:26","slug":"asumira-calderon-costos-de-retribucion-a-estados-carstens-2","status":"publish","type":"post","link":"https:\/\/diariodominicano.com\/?p=123977","title":{"rendered":"Asumir\u00e1 Calder\u00f3n costos de retribuci\u00f3n a estados: Carstens"},"content":{"rendered":"<p><body><\/p>\n<p align=\"justify\" class=\"titulogrande1\">Asumir\u00e1 Calder\u00f3n costos de retribuci\u00f3n  a estados: Carstens <\/p>\n<p>&#13;<\/p>\n<p align=\"justify\" class=\"text1noticias\"><img loading=\"lazy\" decoding=\"async\" src=\"http:\/\/localhost:8080\/economia\/pictures\/agustin Carstens.jpg\" alt=\"Agustin Carstens\" width=\"192\" height=\"293\" hspace=\"4\" align=\"left\" \/>CIUDAD MEXICO.-  El presidente electo, Felipe Calder\u00f3n Hinojosa, ofreci\u00f3 asumir alguno de los  riesgos que impliquen el retorno de los recursos recortados a los estados,  correspondientes al Apoyo al Programa de Fortalecimiento de las Entidades  Federativas, cuyo monto es de 4 mil 500 millones de pesos. <br \/>&#13;<br \/>\n  <br \/>&#13;<br \/>\n  Lo anterior fue expuesto por el reci\u00e9n  nombrado secretario de Hacienda y Cr\u00e9dito P\u00fablico del presidente electo,  Agust\u00edn Carstens Carstens, en el marco de la XXXVI Reuni\u00f3n  Nacional de Funcionarios Fiscales. <br \/>&#13;<br \/>\n  <br \/>&#13;<br \/>\n  Carstens indic\u00f3 que espera que en breve  el jefe del Ejecutivo federal, Vicente Fox, pueda tomar esta decisi\u00f3n de  retribuir dichos recursos. <br \/>&#13;<br \/>\n  <br \/>&#13;<br \/>\nEn respuesta a los planteamientos de los  tesoreros de las 32 entidades federativas, reunidos en Culiac\u00e1n, Carstens  Carstens hizo ver que pese a la captaci\u00f3n este a\u00f1o de 260 mil millones de pesos  de recursos adicionales que tuvo la federaci\u00f3n, fue muy dif\u00edcil sostener el  compromiso de distribuci\u00f3n de 22 mil millones de pesos de Apoyos al Programa de  Fortalecimiento de las Entidades Federativas, por lo que en el futuro tendr\u00e1  que darse certidumbre.<\/p>\n<p>&#13;<\/p>\n<h6> 2006-11-23 06:49:26 <\/h6>\n<p><!--\n<link rel=\"stylesheet\" href=\"css\/bootstrap.min.css\">\n\n\n<ul class=\"pagination\">\n\t    \n\t\n\n<li >\n\t<a href='?page_no=29856'>Previous<\/a>\n\t<\/li>\n\n\n       \n    \n\n<li><a href='?page_no=1'>1<\/a><\/li>\n\n\n\n<li><a href='?page_no=2'>2<\/a><\/li>\n\n\n\n<li><a>...<\/a><\/li>\n\n\n\n<li><a href='?page_no=29855'>29855<\/a><\/li>\n\n\n\n<li><a href='?page_no=29856'>29856<\/a><\/li>\n\n\n\n<li class='active'><a>29857<\/a><\/li>\n\n\n\n<li><a href='?page_no=29858'>29858<\/a><\/li>\n\n\n\n<li><a href='?page_no=29859'>29859<\/a><\/li>\n\n\n\n<li><a>...<\/a><\/li>\n\n\n\n<li><a href='?page_no=30472'>30472<\/a><\/li>\n\n\n\n<li><a href='?page_no=30473'>30473<\/a><\/li>\n\n    \n\t\n\n<li >\n\t<a href='?page_no=29858'>Next<\/a>\n\t<\/li>\n\n\n    \n\n<li><a href='?page_no=30473'>Last &rsaquo;&rsaquo;<\/a><\/li>\n\n<\/ul>\n\n\n--><br \/>\n<\/body><\/p>\n","protected":false},"excerpt":{"rendered":"<p>Asumir\u00e1 Calder\u00f3n costos de retribuci\u00f3n a estados: Carstens &#13; CIUDAD MEXICO.- El presidente electo, Felipe Calder\u00f3n Hinojosa, ofreci\u00f3 asumir alguno de los riesgos que impliquen el retorno de los recursos recortados a los estados, correspondientes al Apoyo al Programa de Fortalecimiento de las Entidades Federativas, cuyo monto es de 4 mil 500 millones de pesos. [&hellip;]<\/p>\n","protected":false},"author":3,"featured_media":0,"comment_status":"open","ping_status":"open","sticky":false,"template":"","format":"standard","meta":{"footnotes":""},"categories":[18],"tags":[],"class_list":["post-123977","post","type-post","status-publish","format-standard","hentry","category-economia"],"_links":{"self":[{"href":"https:\/\/diariodominicano.com\/index.php?rest_route=\/wp\/v2\/posts\/123977","targetHints":{"allow":["GET"]}}],"collection":[{"href":"https:\/\/diariodominicano.com\/index.php?rest_route=\/wp\/v2\/posts"}],"about":[{"href":"https:\/\/diariodominicano.com\/index.php?rest_route=\/wp\/v2\/types\/post"}],"author":[{"embeddable":true,"href":"https:\/\/diariodominicano.com\/index.php?rest_route=\/wp\/v2\/users\/3"}],"replies":[{"embeddable":true,"href":"https:\/\/diariodominicano.com\/index.php?rest_route=%2Fwp%2Fv2%2Fcomments&post=123977"}],"version-history":[{"count":0,"href":"https:\/\/diariodominicano.com\/index.php?rest_route=\/wp\/v2\/posts\/123977\/revisions"}],"wp:attachment":[{"href":"https:\/\/diariodominicano.com\/index.php?rest_route=%2Fwp%2Fv2%2Fmedia&parent=123977"}],"wp:term":[{"taxonomy":"category","embeddable":true,"href":"https:\/\/diariodominicano.com\/index.php?rest_route=%2Fwp%2Fv2%2Fcategories&post=123977"},{"taxonomy":"post_tag","embeddable":true,"href":"https:\/\/diariodominicano.com\/index.php?rest_route=%2Fwp%2Fv2%2Ftags&post=123977"}],"curies":[{"name":"wp","href":"https:\/\/api.w.org\/{rel}","templated":true}]}}