{"id":123976,"date":"2006-11-23T06:51:15","date_gmt":"2006-11-23T06:51:15","guid":{"rendered":"http:\/\/diariodominicano.ddns.net\/?p=123976"},"modified":"2006-11-23T06:51:15","modified_gmt":"2006-11-23T06:51:15","slug":"nestor-kirchner-llama-a-mantener-la-politica-economica-2","status":"publish","type":"post","link":"https:\/\/diariodominicano.com\/?p=123976","title":{"rendered":"N\u00e9stor Kirchner llama a mantener la pol\u00edtica econ\u00f3mica"},"content":{"rendered":"<p><body><\/p>\n<p align=\"justify\" class=\"titulogrande1\">N\u00e9stor Kirchner  llama a mantener la pol\u00edtica econ\u00f3mica<\/p>\n<p>&#13;<\/p>\n<p align=\"justify\" class=\"text1noticias\"><img loading=\"lazy\" decoding=\"async\" src=\"http:\/\/localhost:8080\/economia\/pictures\/N%C3%A9stor%20Kirchner.jpg\" width=\"269\" height=\"192\" hspace=\"4\" align=\"left\" \/>BUENOS AIRES.- El  presidente N\u00e9stor Kirchner repas\u00f3 anoche los principales aspectos de su gesti\u00f3n  y llam\u00f3 a mantener la pol\u00edtica econ\u00f3mica. Adem\u00e1s, reclam\u00f3 trabajar para consolidar  un \u00abmodelo argentino\u00bb, que ponga el acento en un \u00abreparto m\u00e1s  equitativo del ingreso\u00bb. <br \/>&#13;<br \/>\n  <br \/>&#13;<br \/>\n\u00abSe termin\u00f3 la \u00e9poca del <strong>fundamentalismo y la imprevisibilidad<\/strong>\u00ab,  afirm\u00f3 el jefe de Estado durante el cierre del Encuentro Anual de la C\u00e1mara Argentina  de la Construcci\u00f3n. Y  asegur\u00f3 que la pol\u00edtica del Gobierno tiene como objetivos \u00abel  desendeudamiento, la recomposici\u00f3n de la deuda, la consolidaci\u00f3n del super\u00e1vit,  combatir a la pobreza y consolidar un pa\u00eds industrializado\u00bb. <br \/>&#13;<br \/>\n  <br \/>&#13;<br \/>\n  Precisamente, Kirchner calific\u00f3 al super\u00e1vit fiscal y comercial como un <strong>\u00abelemento  central\u00bb<\/strong> de la pol\u00edtica econ\u00f3mica, que debe mantenerse de \u00abmanera  definitiva\u00bb. Asimismo, cuestion\u00f3 a administraciones anteriores, al afirmar  que \u00ab<strong>ya sabemos a lo que nos llev\u00f3<\/strong> la teor\u00eda del d\u00e9ficit fiscal  permanente\u00bb. <br \/>&#13;<br \/>\n  <br \/>&#13;<br \/>\n  El Presidente, adem\u00e1s, record\u00f3 que en la d\u00e9cada del 90 \u00abla gente <strong>se  angustiaba ante cambios de ministros de Econom\u00eda<\/strong>\u00ab. Y pidi\u00f3 trabajar  para <strong>consolidar un \u00abmodelo argentino\u00bb<\/strong>, que ponga el acento en  un \u00abreparto m\u00e1s equitativo del ingreso\u00bb. <br \/>&#13;<br \/>\n  <br \/>&#13;<br \/>\n  El jefe de Estado, por otra parte, volvi\u00f3 a reiterar que en diciembre del a\u00f1o  que viene espera anunciar \u00abla salida del infierno\u00bb, al tiempo que  expres\u00f3 que \u00ablos argentinos est\u00e1n recuperando la autoestima\u00bb. <\/p>\n<p>&#13;<\/p>\n<h6> 2006-11-23 06:51:15 <\/h6>\n<p><!--\n<link rel=\"stylesheet\" href=\"css\/bootstrap.min.css\">\n\n\n<ul class=\"pagination\">\n\t    \n\t\n\n<li >\n\t<a href='?page_no=29855'>Previous<\/a>\n\t<\/li>\n\n\n       \n    \n\n<li><a href='?page_no=1'>1<\/a><\/li>\n\n\n\n<li><a href='?page_no=2'>2<\/a><\/li>\n\n\n\n<li><a>...<\/a><\/li>\n\n\n\n<li><a href='?page_no=29854'>29854<\/a><\/li>\n\n\n\n<li><a href='?page_no=29855'>29855<\/a><\/li>\n\n\n\n<li class='active'><a>29856<\/a><\/li>\n\n\n\n<li><a href='?page_no=29857'>29857<\/a><\/li>\n\n\n\n<li><a href='?page_no=29858'>29858<\/a><\/li>\n\n\n\n<li><a>...<\/a><\/li>\n\n\n\n<li><a href='?page_no=30472'>30472<\/a><\/li>\n\n\n\n<li><a href='?page_no=30473'>30473<\/a><\/li>\n\n    \n\t\n\n<li >\n\t<a href='?page_no=29857'>Next<\/a>\n\t<\/li>\n\n\n    \n\n<li><a href='?page_no=30473'>Last &rsaquo;&rsaquo;<\/a><\/li>\n\n<\/ul>\n\n\n--><br \/>\n<\/body><\/p>\n","protected":false},"excerpt":{"rendered":"<p>N\u00e9stor Kirchner llama a mantener la pol\u00edtica econ\u00f3mica &#13; BUENOS AIRES.- El presidente N\u00e9stor Kirchner repas\u00f3 anoche los principales aspectos de su gesti\u00f3n y llam\u00f3 a mantener la pol\u00edtica econ\u00f3mica. Adem\u00e1s, reclam\u00f3 trabajar para consolidar un \u00abmodelo argentino\u00bb, que ponga el acento en un \u00abreparto m\u00e1s equitativo del ingreso\u00bb. &#13; &#13; \u00abSe termin\u00f3 la \u00e9poca [&hellip;]<\/p>\n","protected":false},"author":3,"featured_media":0,"comment_status":"open","ping_status":"open","sticky":false,"template":"","format":"standard","meta":{"footnotes":""},"categories":[18],"tags":[],"class_list":["post-123976","post","type-post","status-publish","format-standard","hentry","category-economia"],"_links":{"self":[{"href":"https:\/\/diariodominicano.com\/index.php?rest_route=\/wp\/v2\/posts\/123976","targetHints":{"allow":["GET"]}}],"collection":[{"href":"https:\/\/diariodominicano.com\/index.php?rest_route=\/wp\/v2\/posts"}],"about":[{"href":"https:\/\/diariodominicano.com\/index.php?rest_route=\/wp\/v2\/types\/post"}],"author":[{"embeddable":true,"href":"https:\/\/diariodominicano.com\/index.php?rest_route=\/wp\/v2\/users\/3"}],"replies":[{"embeddable":true,"href":"https:\/\/diariodominicano.com\/index.php?rest_route=%2Fwp%2Fv2%2Fcomments&post=123976"}],"version-history":[{"count":0,"href":"https:\/\/diariodominicano.com\/index.php?rest_route=\/wp\/v2\/posts\/123976\/revisions"}],"wp:attachment":[{"href":"https:\/\/diariodominicano.com\/index.php?rest_route=%2Fwp%2Fv2%2Fmedia&parent=123976"}],"wp:term":[{"taxonomy":"category","embeddable":true,"href":"https:\/\/diariodominicano.com\/index.php?rest_route=%2Fwp%2Fv2%2Fcategories&post=123976"},{"taxonomy":"post_tag","embeddable":true,"href":"https:\/\/diariodominicano.com\/index.php?rest_route=%2Fwp%2Fv2%2Ftags&post=123976"}],"curies":[{"name":"wp","href":"https:\/\/api.w.org\/{rel}","templated":true}]}}