{"id":123973,"date":"2006-11-23T13:46:51","date_gmt":"2006-11-23T13:46:51","guid":{"rendered":"http:\/\/diariodominicano.ddns.net\/?p=123973"},"modified":"2006-11-23T13:46:51","modified_gmt":"2006-11-23T13:46:51","slug":"bcv-preve-que-inflacion-de-este-ano-sea-inferior-a-15","status":"publish","type":"post","link":"https:\/\/diariodominicano.com\/?p=123973","title":{"rendered":"BCV prev\u00e9 que inflaci\u00f3n de este a\u00f1o sea inferior a 15%"},"content":{"rendered":"<p><body><\/p>\n<p class=\"titulogrande1\">BCV  prev\u00e9 que inflaci\u00f3n de este a\u00f1o sea inferior a 15% <\/p>\n<p>&#13;<\/p>\n<p align=\"justify\"><strong>Caracas, 22 Nov. ABN.-<\/strong> <span class=\"text1noticias\">El director del Banco  Central de Venezuela (BCV), Armando Le\u00f3n, prev\u00e9 que la inflaci\u00f3n del presente  ejercicio econ\u00f3mico sea inferior a la estimada originalmente y espec\u00edficamente  menor a 15%. <br \/>&#13;<br \/>\n  <br \/>&#13;<br \/>\n  Durante el foro Balance y Perspectivas de  la Econom\u00eda   Venezolana 2006-2007, celebrado este mi\u00e9rcoles en la Asamblea Nacional,  el economista se\u00f1al\u00f3 que hubo un resultado negativo de este indicador entre  mayo, junio y julio. <br \/>&#13;<br \/>\n  <br \/>&#13;<br \/>\n  Explic\u00f3 que ese desempe\u00f1o negativo se  debi\u00f3, \u00abm\u00e1s que por factores coyunturales e institucionales, a la existencia de  un desfase en el tema de correlaci\u00f3n de pol\u00edticas que, de hecho, fue  perfectamente corregido\u00bb, dijo. <br \/>&#13;<br \/>\n  <br \/>&#13;<br \/>\n  A su juicio, la velocidad con la que  ven\u00eda creciendo la presi\u00f3n de los precios disminuy\u00f3 en octubre. \u00abMi l\u00f3gica me  dice que en noviembre debe mantenerse una menor presi\u00f3n inflacionaria al igual  que en diciembre\u00bb, agreg\u00f3. <br \/>&#13;<br \/>\n  <br \/>&#13;<br \/>\n\u00abEs m\u00e1s, la inflaci\u00f3n debe ser menor a lo  que se estaba esperando, debe estar en torno a 15%, o quiz\u00e1s un poco menos\u00bb,  precis\u00f3. <br \/>&#13;<br \/>\n  <br \/>&#13;<br \/>\n  En cuanto a la liquidez monetaria  (billetes, monedas, dep\u00f3sitos de ahorro y a plazo) destac\u00f3 que \u00e9sta no se ha  desbordado. <br \/>&#13;<br \/>\n  <br \/>&#13;<br \/>\n  Bajo su \u00f3ptica, el organismo emisor tom\u00f3 en su momento un conjunto  de medidas que corrigieron los desequilibrios que hubo cuando se produjeron  inyecciones muy fuertes de liquidez. <br \/>&#13;<br \/>\n  <br \/>&#13;<br \/>\n\u00abEl mecanismo de encaje legal adicional  de 15% funciona de manera eficiente. La velocidad con que ven\u00edan creciendo las  captaciones del BCV ha disminuido, el nivel con que ven\u00eda creciendo la liquidez  en manos del p\u00fablico tambi\u00e9n ha mermado y ah\u00ed se debe reconocer que no  solamente es una actuaci\u00f3n del BCV, sino que la coordinaci\u00f3n que ha estado  funcionando con el Ministerio de Finanzas ha sido muy eficiente\u00bb, se\u00f1al\u00f3. <br \/>&#13;<br \/>\n  <br \/>&#13;<br \/>\n  La cantidad de dinero en la calle se ha  moderado de manera importante y a pesar de que se realiz\u00f3 el pago de utilidades  de finales de a\u00f1o no hubo presi\u00f3n en la liquidez monetaria. <br \/>&#13;<br \/>\n  <br \/>&#13;<br \/>\nA pesar de todas las expectativas que  exist\u00edan de que a finales de a\u00f1o se producir\u00eda un desborde de la liquidez, \u00ablos  niveles que estamos observando son compatibles, por lo que no hay preocupaci\u00f3n  sobre esta materia\u00bb. <\/span><\/p>\n<p>&#13;<\/p>\n<h6> 2006-11-23 13:46:51 <\/h6>\n<p><!--\n<link rel=\"stylesheet\" href=\"css\/bootstrap.min.css\">\n\n\n<ul class=\"pagination\">\n\t    \n\t\n\n<li >\n\t<a href='?page_no=29852'>Previous<\/a>\n\t<\/li>\n\n\n       \n    \n\n<li><a href='?page_no=1'>1<\/a><\/li>\n\n\n\n<li><a href='?page_no=2'>2<\/a><\/li>\n\n\n\n<li><a>...<\/a><\/li>\n\n\n\n<li><a href='?page_no=29851'>29851<\/a><\/li>\n\n\n\n<li><a href='?page_no=29852'>29852<\/a><\/li>\n\n\n\n<li class='active'><a>29853<\/a><\/li>\n\n\n\n<li><a href='?page_no=29854'>29854<\/a><\/li>\n\n\n\n<li><a href='?page_no=29855'>29855<\/a><\/li>\n\n\n\n<li><a>...<\/a><\/li>\n\n\n\n<li><a href='?page_no=30472'>30472<\/a><\/li>\n\n\n\n<li><a href='?page_no=30473'>30473<\/a><\/li>\n\n    \n\t\n\n<li >\n\t<a href='?page_no=29854'>Next<\/a>\n\t<\/li>\n\n\n    \n\n<li><a href='?page_no=30473'>Last &rsaquo;&rsaquo;<\/a><\/li>\n\n<\/ul>\n\n\n--><br \/>\n<\/body><\/p>\n","protected":false},"excerpt":{"rendered":"<p>BCV prev\u00e9 que inflaci\u00f3n de este a\u00f1o sea inferior a 15% &#13; Caracas, 22 Nov. ABN.- El director del Banco Central de Venezuela (BCV), Armando Le\u00f3n, prev\u00e9 que la inflaci\u00f3n del presente ejercicio econ\u00f3mico sea inferior a la estimada originalmente y espec\u00edficamente menor a 15%. &#13; &#13; Durante el foro Balance y Perspectivas de la [&hellip;]<\/p>\n","protected":false},"author":3,"featured_media":0,"comment_status":"open","ping_status":"open","sticky":false,"template":"","format":"standard","meta":{"footnotes":""},"categories":[18],"tags":[],"class_list":["post-123973","post","type-post","status-publish","format-standard","hentry","category-economia"],"_links":{"self":[{"href":"https:\/\/diariodominicano.com\/index.php?rest_route=\/wp\/v2\/posts\/123973","targetHints":{"allow":["GET"]}}],"collection":[{"href":"https:\/\/diariodominicano.com\/index.php?rest_route=\/wp\/v2\/posts"}],"about":[{"href":"https:\/\/diariodominicano.com\/index.php?rest_route=\/wp\/v2\/types\/post"}],"author":[{"embeddable":true,"href":"https:\/\/diariodominicano.com\/index.php?rest_route=\/wp\/v2\/users\/3"}],"replies":[{"embeddable":true,"href":"https:\/\/diariodominicano.com\/index.php?rest_route=%2Fwp%2Fv2%2Fcomments&post=123973"}],"version-history":[{"count":0,"href":"https:\/\/diariodominicano.com\/index.php?rest_route=\/wp\/v2\/posts\/123973\/revisions"}],"wp:attachment":[{"href":"https:\/\/diariodominicano.com\/index.php?rest_route=%2Fwp%2Fv2%2Fmedia&parent=123973"}],"wp:term":[{"taxonomy":"category","embeddable":true,"href":"https:\/\/diariodominicano.com\/index.php?rest_route=%2Fwp%2Fv2%2Fcategories&post=123973"},{"taxonomy":"post_tag","embeddable":true,"href":"https:\/\/diariodominicano.com\/index.php?rest_route=%2Fwp%2Fv2%2Ftags&post=123973"}],"curies":[{"name":"wp","href":"https:\/\/api.w.org\/{rel}","templated":true}]}}