{"id":123972,"date":"2006-11-23T13:50:15","date_gmt":"2006-11-23T13:50:15","guid":{"rendered":"http:\/\/diariodominicano.ddns.net\/?p=123972"},"modified":"2006-11-23T13:50:15","modified_gmt":"2006-11-23T13:50:15","slug":"sojo-anuncia-dos-programas-para-crecimiento-economico","status":"publish","type":"post","link":"https:\/\/diariodominicano.com\/?p=123972","title":{"rendered":"Sojo anuncia dos programas para crecimiento econ\u00f3mico"},"content":{"rendered":"<p><body><\/p>\n<p class=\"titulogrande1\">Sojo anuncia dos programas para crecimiento  econ\u00f3mico<strong> <\/strong> <\/p>\n<p>&#13;<\/p>\n<p align=\"justify\"><strong>CIUDAD MEXICO.-<\/strong>  <span class=\"text1noticias\">En los \u00faltimos 25 a\u00f1os M\u00e9xico experiment\u00f3 un crecimiento promedio anual de  2.4%, generando \u00fanicamente 290 mil empleos al a\u00f1o, lo cual representa el gran  desaf\u00edo del nuevo gobierno, afirm\u00f3 el pr\u00f3ximo secretario de Econom\u00eda, Eduardo  Sojo Garza-Aldape.  <br \/>&#13;<br \/>\n  <br \/>&#13;<br \/>\n  Ante comerciantes que festejan el 89  Aniversario de la   Confederaci\u00f3n de C\u00e1maras de Comercio (Concanaco), el  funcionario anticip\u00f3 que para hacer frente a esta problem\u00e1tica la nueva  administraci\u00f3n de Felipe Calder\u00f3n pondr\u00e1 en marcha dos nuevos programas: el de  cr\u00e9dito a la vivienda para aquellos trabajadores que ganen hasta tres salarios  m\u00ednimos, y el concepto del primer empleo, prometido en la campa\u00f1a de Calder\u00f3n,  el cual se prev\u00e9 exentar del primer a\u00f1o de cuotas al IMSS a las empresas que  contraten a j\u00f3venes egresados. <br \/>&#13;<br \/>\n  <br \/>&#13;<br \/>\n  Entrevistado al finalizar su  participaci\u00f3n en este foro, Sojo Garza-Aldame, urgi\u00f3 a profundizar el sistema  financiero mexicano, ya que alert\u00f3 que las comisiones y las altas tasas de  inter\u00e9s no permiten que los empresarios sean competitivos a nivel mundial,  adem\u00e1s de que no re\u00fane las condiciones que hoy requieren todos los mexicanos en  cuanto al acceso a cr\u00e9ditos. <br \/>&#13;<br \/>\n  <br \/>&#13;<br \/>\n  Sojo Garza-Aldape coment\u00f3 que en los dos  \u00faltimos meses, el equipo de transici\u00f3n se ha enfocado a pulir las que ser\u00e1n las  l\u00edneas de acci\u00f3n del gobierno de Felipe Calder\u00f3n, entre las que destacan siete  estrategias: la primera, garantizar una transici\u00f3n ordenada y suave, la  adopci\u00f3n temprana de los principales prog ramas econ\u00f3micos y sociales por parte  de los futuros secretarios de Estado, concentraci\u00f3n de proyectos ofrecidos en  campa\u00f1a; adem\u00e1s de que desde el primer d\u00eda de gobierno se aplicar\u00e1 el programa  de cr\u00e9dito a la vivienda para aquellos trabajadores que ganen menos de tres  salarios m\u00ednimos, adem\u00e1s de que el pr\u00f3ximo a\u00f1o entrar\u00e1n en acci\u00f3n el apoyo al  primer empleo a j\u00f3venes y un sistema de guarder\u00edas para mujeres trabajadoras. <br \/>&#13;<br \/>\n  <br \/>&#13;<br \/>\n  M\u00e1s tarde, el secretario de Econom\u00eda,  Sergio Garc\u00eda de Alba, coment\u00f3 que de no resolverse el problema de los  ingenios, existe el riesgo de que repercuta en el mercado de los endulzantes,  por lo que es probable que se autoricen nuevos cupos de importaci\u00f3n.  <br \/>&#13;<br \/>\n  <br \/>&#13;<br \/>\nPor otra parte, aclar\u00f3 que no se espera  un aumento sorpresa en el precio del gas LP.<\/span><\/p>\n<p>&#13;<\/p>\n<h6> 2006-11-23 13:50:15 <\/h6>\n<p><!--\n<link rel=\"stylesheet\" href=\"css\/bootstrap.min.css\">\n\n\n<ul class=\"pagination\">\n\t    \n\t\n\n<li >\n\t<a href='?page_no=29851'>Previous<\/a>\n\t<\/li>\n\n\n       \n    \n\n<li><a href='?page_no=1'>1<\/a><\/li>\n\n\n\n<li><a href='?page_no=2'>2<\/a><\/li>\n\n\n\n<li><a>...<\/a><\/li>\n\n\n\n<li><a href='?page_no=29850'>29850<\/a><\/li>\n\n\n\n<li><a href='?page_no=29851'>29851<\/a><\/li>\n\n\n\n<li class='active'><a>29852<\/a><\/li>\n\n\n\n<li><a href='?page_no=29853'>29853<\/a><\/li>\n\n\n\n<li><a href='?page_no=29854'>29854<\/a><\/li>\n\n\n\n<li><a>...<\/a><\/li>\n\n\n\n<li><a href='?page_no=30472'>30472<\/a><\/li>\n\n\n\n<li><a href='?page_no=30473'>30473<\/a><\/li>\n\n    \n\t\n\n<li >\n\t<a href='?page_no=29853'>Next<\/a>\n\t<\/li>\n\n\n    \n\n<li><a href='?page_no=30473'>Last &rsaquo;&rsaquo;<\/a><\/li>\n\n<\/ul>\n\n\n--><br \/>\n<\/body><\/p>\n","protected":false},"excerpt":{"rendered":"<p>Sojo anuncia dos programas para crecimiento econ\u00f3mico &#13; CIUDAD MEXICO.- En los \u00faltimos 25 a\u00f1os M\u00e9xico experiment\u00f3 un crecimiento promedio anual de 2.4%, generando \u00fanicamente 290 mil empleos al a\u00f1o, lo cual representa el gran desaf\u00edo del nuevo gobierno, afirm\u00f3 el pr\u00f3ximo secretario de Econom\u00eda, Eduardo Sojo Garza-Aldape. &#13; &#13; Ante comerciantes que festejan el [&hellip;]<\/p>\n","protected":false},"author":3,"featured_media":0,"comment_status":"open","ping_status":"open","sticky":false,"template":"","format":"standard","meta":{"footnotes":""},"categories":[18],"tags":[],"class_list":["post-123972","post","type-post","status-publish","format-standard","hentry","category-economia"],"_links":{"self":[{"href":"https:\/\/diariodominicano.com\/index.php?rest_route=\/wp\/v2\/posts\/123972","targetHints":{"allow":["GET"]}}],"collection":[{"href":"https:\/\/diariodominicano.com\/index.php?rest_route=\/wp\/v2\/posts"}],"about":[{"href":"https:\/\/diariodominicano.com\/index.php?rest_route=\/wp\/v2\/types\/post"}],"author":[{"embeddable":true,"href":"https:\/\/diariodominicano.com\/index.php?rest_route=\/wp\/v2\/users\/3"}],"replies":[{"embeddable":true,"href":"https:\/\/diariodominicano.com\/index.php?rest_route=%2Fwp%2Fv2%2Fcomments&post=123972"}],"version-history":[{"count":0,"href":"https:\/\/diariodominicano.com\/index.php?rest_route=\/wp\/v2\/posts\/123972\/revisions"}],"wp:attachment":[{"href":"https:\/\/diariodominicano.com\/index.php?rest_route=%2Fwp%2Fv2%2Fmedia&parent=123972"}],"wp:term":[{"taxonomy":"category","embeddable":true,"href":"https:\/\/diariodominicano.com\/index.php?rest_route=%2Fwp%2Fv2%2Fcategories&post=123972"},{"taxonomy":"post_tag","embeddable":true,"href":"https:\/\/diariodominicano.com\/index.php?rest_route=%2Fwp%2Fv2%2Ftags&post=123972"}],"curies":[{"name":"wp","href":"https:\/\/api.w.org\/{rel}","templated":true}]}}