{"id":123971,"date":"2006-11-23T13:53:06","date_gmt":"2006-11-23T13:53:06","guid":{"rendered":"http:\/\/diariodominicano.ddns.net\/?p=123971"},"modified":"2006-11-23T13:53:06","modified_gmt":"2006-11-23T13:53:06","slug":"2007-sera-excelente-ano-para-telefonia-movil","status":"publish","type":"post","link":"https:\/\/diariodominicano.com\/?p=123971","title":{"rendered":"2007 ser\u00e1 excelente a\u00f1o para telefon\u00eda m\u00f3vil"},"content":{"rendered":"<p><body><\/p>\n<p align=\"justify\"><strong class=\"titulogrande1\">2007 ser\u00e1 excelente a\u00f1o para telefon\u00eda m\u00f3vil<\/strong> <br \/>&#13;<br \/>\n  <br \/>&#13;<br \/>\n    <strong>\u00c1msterdam.- <\/strong><span class=\"text1noticias\">Las ventas mundiales  de celulares tendr\u00e1n en 2007 un fuerte crecimiento con una demanda de estos  aparatos estimada en mil 100 millones, de acuerdo con un informe oficial  publicado.<br \/>&#13;<br \/>\n    <br \/>&#13;<br \/>\n    La firma de estudios Gratner  se\u00f1al\u00f3 que el crecimiento en este sector ser\u00e1 del 10 por ciento para el a\u00f1o  pr\u00f3ximo.<br \/>&#13;<br \/>\n    <br \/>&#13;<br \/>\n    Gartner elev\u00f3 su previsi\u00f3n de  ventas a los consumidores en el 2006   a 986 millones de terminales, desde un pron\u00f3stico  inicial de 960 millones, lo que supone 21 por ciento m\u00e1s que los 817 millones  de unidades vendidas en el 2005.<br \/>&#13;<br \/>\n    <br \/>&#13;<br \/>\n    La mayor\u00eda de los observadores de  la industria auguraron un aumento de las ventas de m\u00f3viles en el orbe de entre  10 y 15 por ciento para el 2006, pero por primera vez aument\u00f3 la demanda de los  compradores en mercados como China, India y Africa.<br \/>&#13;<br \/>\n    <br \/>&#13;<br \/>\n    El tel\u00e9fono m\u00f3vil es el  dispositivo electr\u00f3nico m\u00e1s popular entre los consumidores del mundo, seguidos  por las computadoras personales, y los televisores, cuyas ventas anuales llegan  a unas 200 millones de unidades cada uno.<br \/>&#13;<br \/>\n    <br \/>&#13;<br \/>\nEn cuanto a participaci\u00f3n de  mercado, el l\u00edder lo constituye la empresa Nokia que controlaba el 35,1 por  ciento al cerrar el tercer trimestre, seguida por Motorola con 20,6 por ciento,  Samsung con 12,2 por ciento y Sony Ericsson 7,7 por ciento.<\/span><\/p>\n<p>&#13;<\/p>\n<h6> 2006-11-23 13:53:06 <\/h6>\n<p><!--\n<link rel=\"stylesheet\" href=\"css\/bootstrap.min.css\">\n\n\n<ul class=\"pagination\">\n\t    \n\t\n\n<li >\n\t<a href='?page_no=29850'>Previous<\/a>\n\t<\/li>\n\n\n       \n    \n\n<li><a href='?page_no=1'>1<\/a><\/li>\n\n\n\n<li><a href='?page_no=2'>2<\/a><\/li>\n\n\n\n<li><a>...<\/a><\/li>\n\n\n\n<li><a href='?page_no=29849'>29849<\/a><\/li>\n\n\n\n<li><a href='?page_no=29850'>29850<\/a><\/li>\n\n\n\n<li class='active'><a>29851<\/a><\/li>\n\n\n\n<li><a href='?page_no=29852'>29852<\/a><\/li>\n\n\n\n<li><a href='?page_no=29853'>29853<\/a><\/li>\n\n\n\n<li><a>...<\/a><\/li>\n\n\n\n<li><a href='?page_no=30472'>30472<\/a><\/li>\n\n\n\n<li><a href='?page_no=30473'>30473<\/a><\/li>\n\n    \n\t\n\n<li >\n\t<a href='?page_no=29852'>Next<\/a>\n\t<\/li>\n\n\n    \n\n<li><a href='?page_no=30473'>Last &rsaquo;&rsaquo;<\/a><\/li>\n\n<\/ul>\n\n\n--><br \/>\n<\/body><\/p>\n","protected":false},"excerpt":{"rendered":"<p>2007 ser\u00e1 excelente a\u00f1o para telefon\u00eda m\u00f3vil &#13; &#13; \u00c1msterdam.- Las ventas mundiales de celulares tendr\u00e1n en 2007 un fuerte crecimiento con una demanda de estos aparatos estimada en mil 100 millones, de acuerdo con un informe oficial publicado.&#13; &#13; La firma de estudios Gratner se\u00f1al\u00f3 que el crecimiento en este sector ser\u00e1 del 10 [&hellip;]<\/p>\n","protected":false},"author":3,"featured_media":0,"comment_status":"open","ping_status":"open","sticky":false,"template":"","format":"standard","meta":{"footnotes":""},"categories":[18],"tags":[],"class_list":["post-123971","post","type-post","status-publish","format-standard","hentry","category-economia"],"_links":{"self":[{"href":"https:\/\/diariodominicano.com\/index.php?rest_route=\/wp\/v2\/posts\/123971","targetHints":{"allow":["GET"]}}],"collection":[{"href":"https:\/\/diariodominicano.com\/index.php?rest_route=\/wp\/v2\/posts"}],"about":[{"href":"https:\/\/diariodominicano.com\/index.php?rest_route=\/wp\/v2\/types\/post"}],"author":[{"embeddable":true,"href":"https:\/\/diariodominicano.com\/index.php?rest_route=\/wp\/v2\/users\/3"}],"replies":[{"embeddable":true,"href":"https:\/\/diariodominicano.com\/index.php?rest_route=%2Fwp%2Fv2%2Fcomments&post=123971"}],"version-history":[{"count":0,"href":"https:\/\/diariodominicano.com\/index.php?rest_route=\/wp\/v2\/posts\/123971\/revisions"}],"wp:attachment":[{"href":"https:\/\/diariodominicano.com\/index.php?rest_route=%2Fwp%2Fv2%2Fmedia&parent=123971"}],"wp:term":[{"taxonomy":"category","embeddable":true,"href":"https:\/\/diariodominicano.com\/index.php?rest_route=%2Fwp%2Fv2%2Fcategories&post=123971"},{"taxonomy":"post_tag","embeddable":true,"href":"https:\/\/diariodominicano.com\/index.php?rest_route=%2Fwp%2Fv2%2Ftags&post=123971"}],"curies":[{"name":"wp","href":"https:\/\/api.w.org\/{rel}","templated":true}]}}