{"id":123966,"date":"2006-11-23T14:06:50","date_gmt":"2006-11-23T14:06:50","guid":{"rendered":"http:\/\/diariodominicano.ddns.net\/?p=123966"},"modified":"2006-11-23T14:06:50","modified_gmt":"2006-11-23T14:06:50","slug":"eeuu-y-colombia-firman-tratado-de-libre-comercio","status":"publish","type":"post","link":"https:\/\/diariodominicano.com\/?p=123966","title":{"rendered":"EEUU y Colombia firman Tratado de Libre Comercio"},"content":{"rendered":"<p><body><\/p>\n<p class=\"titulogrande1\">EEUU  y Colombia firman Tratado de Libre Comercio <\/p>\n<p>&#13;<\/p>\n<p align=\"justify\"><strong>WASHINGTON.-<\/strong> <span class=\"text1noticias\">Estados Unidos y  Colombia firmaron \u00a0un tratado comercial  que contempla la reducci\u00f3n de los aranceles y establece normas comunes para la  protecci\u00f3n a la propiedad intelectual y a los inversionistas, entre otras  disposiciones.<\/span><\/p>\n<p>&#13;<\/p>\n<p align=\"justify\" class=\"text1noticias\">\u00abEsta es una victoria  simb\u00f3lica para la democracia en Colombia\u00bb, dijo el \u00abn\u00famero dos\u00bb  en materia de comercio exterior de EEUU, John Veroneau, quien suscribi\u00f3 el  acuerdo en nombre de su pa\u00eds.<\/p>\n<p>&#13;<\/p>\n<p align=\"justify\" class=\"text1noticias\">Por el lado colombiano, la  firma fue del ministro de Comercio, Industria y Turismo, Jorge Humberto Botero,  quien tambi\u00e9n resalt\u00f3 el impacto del acuerdo m\u00e1s all\u00e1 del \u00e1mbito econ\u00f3mico.<\/p>\n<p>&#13;<\/p>\n<p align=\"justify\" class=\"text1noticias\">\u00abEste tratado es de gran  importancia en el marco de la lucha denodada y sin cuartel que libra Colombia,  con el decidido apoyo de Estados Unidos, contra el tr\u00e1fico de drogas y el  terrorismo\u00bb, dijo Botero en el acto, que tuvo lugar en el Banco  Interamericano de Desarrollo (BID).<\/p>\n<p>&#13;<\/p>\n<p align=\"justify\" class=\"text1noticias\">La firma llega despu\u00e9s de 14  rondas de conversaciones durante 22 meses, unas negociaciones que Colombia  inici\u00f3 junto con Per\u00fa y Ecuador.<\/p>\n<p>&#13;<\/p>\n<p align=\"justify\" class=\"text1noticias\">Per\u00fa ya firm\u00f3 y ratific\u00f3 su  propio acuerdo, que precisa de la aprobaci\u00f3n del Congreso de EEUU para su  entrada en vigor, mientras que el proceso entre Quito y Washington est\u00e1 en  suspenso.<\/p>\n<p>&#13;<\/p>\n<p align=\"justify\" class=\"text1noticias\">El TLC entre Colombia y EEUU  se comenzar\u00e1 a aplicar una vez que reciba el visto bueno de las legislaturas de  ambos pa\u00edses, as\u00ed como de la Corte Constitucional de Colombia.<\/p>\n<p>&#13;<\/p>\n<p align=\"justify\" class=\"text1noticias\">En declaraciones a la prensa  tras la ceremonia, Botero dijo esperar que el Congreso de EEUU pueda iniciar el  debate sobre el TLC \u00ablo antes posible\u00bb.<\/p>\n<p>&#13;<\/p>\n<p align=\"justify\" class=\"text1noticias\">Para Colombia, la principal  ventaja del acuerdo es un acceso \u00abseguro\u00bb al mayor mercado del mundo,  seg\u00fan destac\u00f3 Veroneau.<\/p>\n<p>&#13;<\/p>\n<p align=\"justify\" class=\"text1noticias\">Actualmente, la mayor\u00eda de  las exportaciones del pa\u00eds andino entra en EEUU sin pagar aranceles gracias a  la llamada Ley de Preferencias Arancelarias Andinas y Erradicaci\u00f3n de Drogas  (ATPDEA).<\/p>\n<p>&#13;<\/p>\n<p align=\"justify\" class=\"text1noticias\">Pero este privilegio es  temporal y depende de la renovaci\u00f3n por el Congreso, como se pone de manifiesto  actualmente, dado que la Ley  expira en diciembre.<\/p>\n<p>&#13;<\/p>\n<p align=\"justify\" class=\"text1noticias\">En cambio, para Estados  Unidos el Tratado eliminar\u00e1 las barreras a la participaci\u00f3n de empresas de su  pa\u00eds en el sector de los servicios en Colombia, proteger\u00e1 la propiedad  intelectual de sus farmac\u00e9uticas y otras compa\u00f1\u00edas, y establecer\u00e1 un mecanismo  para la resoluci\u00f3n de disputas de inversi\u00f3n, dijo Veroneau.<\/p>\n<p>&#13;<\/p>\n<p align=\"justify\" class=\"text1noticias\">Adem\u00e1s, facilitar\u00e1 la entrada  de las exportaciones de EEUU en el mercado colombiano, de 44 millones de  personas. <\/p>\n<p>&#13;<\/p>\n<h6> 2006-11-23 14:06:50 <\/h6>\n<p><!--\n<link rel=\"stylesheet\" href=\"css\/bootstrap.min.css\">\n\n\n<ul class=\"pagination\">\n\t    \n\t\n\n<li >\n\t<a href='?page_no=29845'>Previous<\/a>\n\t<\/li>\n\n\n       \n    \n\n<li><a href='?page_no=1'>1<\/a><\/li>\n\n\n\n<li><a href='?page_no=2'>2<\/a><\/li>\n\n\n\n<li><a>...<\/a><\/li>\n\n\n\n<li><a href='?page_no=29844'>29844<\/a><\/li>\n\n\n\n<li><a href='?page_no=29845'>29845<\/a><\/li>\n\n\n\n<li class='active'><a>29846<\/a><\/li>\n\n\n\n<li><a href='?page_no=29847'>29847<\/a><\/li>\n\n\n\n<li><a href='?page_no=29848'>29848<\/a><\/li>\n\n\n\n<li><a>...<\/a><\/li>\n\n\n\n<li><a href='?page_no=30472'>30472<\/a><\/li>\n\n\n\n<li><a href='?page_no=30473'>30473<\/a><\/li>\n\n    \n\t\n\n<li >\n\t<a href='?page_no=29847'>Next<\/a>\n\t<\/li>\n\n\n    \n\n<li><a href='?page_no=30473'>Last &rsaquo;&rsaquo;<\/a><\/li>\n\n<\/ul>\n\n\n--><br \/>\n<\/body><\/p>\n","protected":false},"excerpt":{"rendered":"<p>EEUU y Colombia firman Tratado de Libre Comercio &#13; WASHINGTON.- Estados Unidos y Colombia firmaron \u00a0un tratado comercial que contempla la reducci\u00f3n de los aranceles y establece normas comunes para la protecci\u00f3n a la propiedad intelectual y a los inversionistas, entre otras disposiciones. &#13; \u00abEsta es una victoria simb\u00f3lica para la democracia en Colombia\u00bb, dijo [&hellip;]<\/p>\n","protected":false},"author":3,"featured_media":0,"comment_status":"open","ping_status":"open","sticky":false,"template":"","format":"standard","meta":{"footnotes":""},"categories":[18],"tags":[],"class_list":["post-123966","post","type-post","status-publish","format-standard","hentry","category-economia"],"_links":{"self":[{"href":"https:\/\/diariodominicano.com\/index.php?rest_route=\/wp\/v2\/posts\/123966","targetHints":{"allow":["GET"]}}],"collection":[{"href":"https:\/\/diariodominicano.com\/index.php?rest_route=\/wp\/v2\/posts"}],"about":[{"href":"https:\/\/diariodominicano.com\/index.php?rest_route=\/wp\/v2\/types\/post"}],"author":[{"embeddable":true,"href":"https:\/\/diariodominicano.com\/index.php?rest_route=\/wp\/v2\/users\/3"}],"replies":[{"embeddable":true,"href":"https:\/\/diariodominicano.com\/index.php?rest_route=%2Fwp%2Fv2%2Fcomments&post=123966"}],"version-history":[{"count":0,"href":"https:\/\/diariodominicano.com\/index.php?rest_route=\/wp\/v2\/posts\/123966\/revisions"}],"wp:attachment":[{"href":"https:\/\/diariodominicano.com\/index.php?rest_route=%2Fwp%2Fv2%2Fmedia&parent=123966"}],"wp:term":[{"taxonomy":"category","embeddable":true,"href":"https:\/\/diariodominicano.com\/index.php?rest_route=%2Fwp%2Fv2%2Fcategories&post=123966"},{"taxonomy":"post_tag","embeddable":true,"href":"https:\/\/diariodominicano.com\/index.php?rest_route=%2Fwp%2Fv2%2Ftags&post=123966"}],"curies":[{"name":"wp","href":"https:\/\/api.w.org\/{rel}","templated":true}]}}