{"id":123140,"date":"2007-06-16T16:08:39","date_gmt":"2007-06-16T16:08:39","guid":{"rendered":"http:\/\/diariodominicano.ddns.net\/?p=123140"},"modified":"2007-06-16T16:08:39","modified_gmt":"2007-06-16T16:08:39","slug":"bagricola-llama-a-profesionales-a-desarrollar-proyectos-con-proincube-2","status":"publish","type":"post","link":"https:\/\/diariodominicano.com\/?p=123140","title":{"rendered":"Bagr\u00edcola llama a profesionales a desarrollar proyectos con Proincube"},"content":{"rendered":"<p><body><\/p>\n<p align=\"justify\" class=\"text1noticias\"><span class=\"titulogrande1\"><strong>Bagr\u00edcola llama a  profesionales a desarrollar proyectos con Proincube<\/strong><\/span><br \/>&#13;\n<\/p>\n<p>&#13;<\/p>\n<p align=\"justify\" class=\"text1noticias\">Santo Domingo.-El administrador  del Banco Agr\u00edcola, \u00a0Pa\u00edno Abreu Collado,  hizo un llamado a los j\u00f3venes profesionales  con inter\u00e9s y vocaci\u00f3n en desarrollar proyectos empresariales y ampliar  negocios a solicitar pr\u00e9stamos innovadores en el Programa Nacional de Incubaci\u00f3n de  Empresas (Proincube) que se ejecuta en coordinaci\u00f3n con la Corporaci\u00f3n de Fomento  Industrial.<br \/>&#13;<br \/>\n  \u00a0<br \/>&#13;<br \/>\n  Lament\u00f3 que Proincube s\u00f3lo  haya desembolsado 5.1 millones de pesos durante los 11 meses que lleva  funcionando, a pesar de la tasa de inter\u00e9s blanda que rige el proyecto.<br \/>&#13;<br \/>\n  \u00a0<br \/>&#13;<br \/>\n  Afirm\u00f3 que Proincube tiene  como objetivo fundamental lograr que los proyectos a desarrollar se constituyan  en entes que mejoren considerablemente la calidad de vida de la poblaci\u00f3n a trav\u00e9s de  la creaci\u00f3n de nuevas oportunidades de trabajo.<\/p>\n<p>&#13;<\/p>\n<p align=\"justify\" class=\"text1noticias\">Explic\u00f3 que el Proincube puede financiar  hasta un mill\u00f3n de pesos con una tasa de inter\u00e9s por debajo de la que existe en  el mercado financiero formal, porque el deseo es que los j\u00f3venes  profesionales puedan insertarse en el campo empresarial.<br \/>&#13;<br \/>\n\u00a0\u00a0\u00a0 <br \/>&#13;<br \/>\nComent\u00f3 que los pr\u00e9stamos son  dirigidos a propietarios de empresas que cumplan los requerimientos del  programa y fundamentalmente que tengan potencial de crecimiento.<br \/>&#13;<br \/>\n\u00a0\u00a0\u00a0 <br \/>&#13;<br \/>\nAsegur\u00f3 que el programa lo que persigue es  un desarrollo de las micros, peque\u00f1as y medianas empresas dedicadas a las  actividades agroindustriales, comercio y servicios.<br \/>&#13;<br \/>\n  \u00a0<br \/>&#13;<br \/>\n  Se\u00f1al\u00f3 que un equipo de t\u00e9cnicos de la Corporaci\u00f3n de Fomento  Industrial tiene bajo su responsabilidad la evaluaci\u00f3n de las solicitudes de  recursos para la instalaci\u00f3n o el desarrollo  de negocios en operaci\u00f3n.<\/p>\n<p>&#13;<\/p>\n<p align=\"justify\" class=\"text1noticias\">Indic\u00f3 que en vista de que  muchos proyectos desaparecen temprano por la falta de recursos el Banco Agr\u00edcola  y la Corporaci\u00f3n  de Fomento Industrial acordaron poner en ejecuci\u00f3n el Programa  Nacional de Incubaci\u00f3n de Empresas con miras a facilitar el dinero que  requieran para mantener sus operaciones. <\/p>\n<p>&#13;<\/p>\n<p align=\"justify\" class=\"text1noticias\">Inform\u00f3 que muy pocos j\u00f3venes  est\u00e1n acudiendo a la sede de la Corporaci\u00f3n de Fomento  Industrial a solicitar\u00a0 pr\u00e9stamos de  incubaci\u00f3n de empresas, a pesar de lo atractivo de la tasa de inter\u00e9s, que s\u00f3lo  alcanza el 8 por ciento.<br \/>&#13;<br \/>\n  \u00a0<br \/>&#13;<br \/>\n  Precis\u00f3 que el inter\u00e9s es  respaldar ideas innovadoras en la creaci\u00f3n de peque\u00f1os y medianos negocios que  se destaquen por su potencial desarrollo.<br \/>&#13;<br \/>\n  \u00a0<br \/>&#13;<br \/>\n  Afirm\u00f3 que el programa debe  impactar en la econom\u00eda con la generaci\u00f3n de empleos, en la creaci\u00f3n de  riquezas y en la expansi\u00f3n productiva porque aumentar\u00e1 la producci\u00f3n de bienes y servicios, lo que  incidir\u00e1 en el crecimiento del Producto Interno Bruto.<\/p>\n<p>&#13;<\/p>\n<h6> 2007-06-16 16:08:39 <\/h6>\n<p><!--\n<link rel=\"stylesheet\" href=\"css\/bootstrap.min.css\">\n\n\n<ul class=\"pagination\">\n\t    \n\t\n\n<li >\n\t<a href='?page_no=29019'>Previous<\/a>\n\t<\/li>\n\n\n       \n    \n\n<li><a href='?page_no=1'>1<\/a><\/li>\n\n\n\n<li><a href='?page_no=2'>2<\/a><\/li>\n\n\n\n<li><a>...<\/a><\/li>\n\n\n\n<li><a href='?page_no=29018'>29018<\/a><\/li>\n\n\n\n<li><a href='?page_no=29019'>29019<\/a><\/li>\n\n\n\n<li class='active'><a>29020<\/a><\/li>\n\n\n\n<li><a href='?page_no=29021'>29021<\/a><\/li>\n\n\n\n<li><a href='?page_no=29022'>29022<\/a><\/li>\n\n\n\n<li><a>...<\/a><\/li>\n\n\n\n<li><a href='?page_no=30472'>30472<\/a><\/li>\n\n\n\n<li><a href='?page_no=30473'>30473<\/a><\/li>\n\n    \n\t\n\n<li >\n\t<a href='?page_no=29021'>Next<\/a>\n\t<\/li>\n\n\n    \n\n<li><a href='?page_no=30473'>Last &rsaquo;&rsaquo;<\/a><\/li>\n\n<\/ul>\n\n\n--><br \/>\n<\/body><\/p>\n","protected":false},"excerpt":{"rendered":"<p>Bagr\u00edcola llama a profesionales a desarrollar proyectos con Proincube&#13; &#13; Santo Domingo.-El administrador del Banco Agr\u00edcola, \u00a0Pa\u00edno Abreu Collado, hizo un llamado a los j\u00f3venes profesionales con inter\u00e9s y vocaci\u00f3n en desarrollar proyectos empresariales y ampliar negocios a solicitar pr\u00e9stamos innovadores en el Programa Nacional de Incubaci\u00f3n de Empresas (Proincube) que se ejecuta en coordinaci\u00f3n [&hellip;]<\/p>\n","protected":false},"author":3,"featured_media":0,"comment_status":"open","ping_status":"open","sticky":false,"template":"","format":"standard","meta":{"footnotes":""},"categories":[18],"tags":[],"class_list":["post-123140","post","type-post","status-publish","format-standard","hentry","category-economia"],"_links":{"self":[{"href":"https:\/\/diariodominicano.com\/index.php?rest_route=\/wp\/v2\/posts\/123140","targetHints":{"allow":["GET"]}}],"collection":[{"href":"https:\/\/diariodominicano.com\/index.php?rest_route=\/wp\/v2\/posts"}],"about":[{"href":"https:\/\/diariodominicano.com\/index.php?rest_route=\/wp\/v2\/types\/post"}],"author":[{"embeddable":true,"href":"https:\/\/diariodominicano.com\/index.php?rest_route=\/wp\/v2\/users\/3"}],"replies":[{"embeddable":true,"href":"https:\/\/diariodominicano.com\/index.php?rest_route=%2Fwp%2Fv2%2Fcomments&post=123140"}],"version-history":[{"count":0,"href":"https:\/\/diariodominicano.com\/index.php?rest_route=\/wp\/v2\/posts\/123140\/revisions"}],"wp:attachment":[{"href":"https:\/\/diariodominicano.com\/index.php?rest_route=%2Fwp%2Fv2%2Fmedia&parent=123140"}],"wp:term":[{"taxonomy":"category","embeddable":true,"href":"https:\/\/diariodominicano.com\/index.php?rest_route=%2Fwp%2Fv2%2Fcategories&post=123140"},{"taxonomy":"post_tag","embeddable":true,"href":"https:\/\/diariodominicano.com\/index.php?rest_route=%2Fwp%2Fv2%2Ftags&post=123140"}],"curies":[{"name":"wp","href":"https:\/\/api.w.org\/{rel}","templated":true}]}}