{"id":123133,"date":"2007-06-17T15:54:58","date_gmt":"2007-06-17T15:54:58","guid":{"rendered":"http:\/\/diariodominicano.ddns.net\/?p=123133"},"modified":"2007-06-17T15:54:58","modified_gmt":"2007-06-17T15:54:58","slug":"inician-este-martes-convivencia-academica-empresarial-dedicadas-a-las-pymes","status":"publish","type":"post","link":"https:\/\/diariodominicano.com\/?p=123133","title":{"rendered":"Inician este martes convivencia acad\u00e9mica empresarial  dedicadas a las PYMES"},"content":{"rendered":"<p><body><\/p>\n<p class=\"titulogrande1\"><strong>Inician este martes convivencia acad\u00e9mica  empresarial \u00a0dedicadas a las PYMES<\/strong> <\/p>\n<p>&#13;<\/p>\n<p align=\"justify\"><strong>Santo Domingo.-<\/strong> <span class=\"text1noticias\">El decanato de  Mercadotecnia de la   Universidad Apec (UNAPEC) anunci\u00f3 para este martes 19, la  celebraci\u00f3n de la \u201cConvivencia Acad\u00e9mica Empresarial 2007\u201d , que tendr\u00e1 como tema  central la competitividad de la   PYME ante los nuevos retos y proporcionar\u00e1 informaci\u00f3n  actualizada de fuentes especializadas para la formaci\u00f3n de un nuevo individuo,  motivado, emprendedor, visionario y capaz de identificar oportunidades en proyectos  propios. <\/span><\/p>\n<p>&#13;<\/p>\n<p align=\"justify\" class=\"text1noticias\">El evento fue dado a conocer durante un  encuentro efectuado en el sal\u00f3n de conferencia doctor Leonel Rodr\u00edguez Rib,  presidido por \u00a0Justo Pedro Catellanos,  rector en funciones de UNAPEC; Marisela Alm\u00e1nzar, decana de mercadotecnia y  otras autoridades docentes. <\/p>\n<p>&#13;<\/p>\n<p align=\"justify\" class=\"text1noticias\">Alm\u00e1nzar explic\u00f3 que este evento se  inscribir\u00e1 en la b\u00fasqueda constante de temas de actualidad, que permitan a los  estudiantes encontrarse con realidades que los conduzcan a desarrollar las  habilidades necesarias para labrarse un futuro provisor. <\/p>\n<p>&#13;<\/p>\n<p align=\"justify\" class=\"text1noticias\">Dijo que de esta forma se pretende  enfrentar a los estudiantes con la realidad, ofreciendo conocimientos  actualizados y despertar en ellos una visi\u00f3n cr\u00edtica que les permita  desarrollar capacidad para identificar las oportunidades que les ofrece el  entorno en el cual se desempe\u00f1an. <\/p>\n<p>&#13;<\/p>\n<p align=\"justify\" class=\"text1noticias\">Inform\u00f3 que los alumnos ser\u00e1n motivados  para lograr una interacci\u00f3n con los diferentes sectores empresariales e  instituciones especializadas en el desarrollo de micro, peque\u00f1a y mediana  empresas. <\/p>\n<p>&#13;<\/p>\n<p align=\"justify\" class=\"text1noticias\">Explic\u00f3 que el programa de actividades  ser\u00e1 desarrollado en cuatro conferencias, las cuales comenzar\u00e1n a dictarse el  martes 19 de junio y terminar\u00e1n el viernes 22, y que ser\u00e1n \u00a0en el  auditorio Leonel Rodriguez Rib del campus principal de UNAPEC,\u00a0 en el horario  de 8:00\u00a0 a 10:00 de la noche. <\/p>\n<p>&#13;<\/p>\n<p align=\"justify\" class=\"text1noticias\">El martes 19 de junio se presentar\u00e1  el tema, c\u00f3mo una idea puede cambiar tu vida, a cargo de Orlando P\u00e9rez Richiez,  gerente promoci\u00f3n y capacitaci\u00f3n de Emprendedores. <\/p>\n<p>&#13;<\/p>\n<p align=\"justify\" class=\"text1noticias\">El mi\u00e9rcoles\u00a0 20\u00a0 ser\u00e1  desarrollada la conferencia de emprendedores a empresarios, la cual  estar\u00e1\u00a0 a cargo del se\u00f1or Jos\u00e9 M. Checo, representante de la Corporaci\u00f3n Nacional  de Fomento Industrial y proyecto PROINCUBE 2007. <\/p>\n<p>&#13;<\/p>\n<p align=\"justify\" class=\"text1noticias\">El jueves 21 ser\u00e1 abordado el tema c\u00f3mo  hacer competitivas a las Mipymes en un mundo globalizado, y que estar\u00e1 bajo la  conducci\u00f3n de Franklin V\u00e1squez, consultor privado especialista en proyectos  PYME. <\/p>\n<p>&#13;<\/p>\n<p align=\"justify\" class=\"text1noticias\">El viernes 22 ser\u00e1 clausurado el evento  con una conferencia en torno a la evoluci\u00f3n de las PYME en la Rep\u00fablica Dominicana  , por la licenciada Marina Ortiz , experta en PYMES. <\/p>\n<p>&#13;<\/p>\n<h6> 2007-06-17 15:54:58 <\/h6>\n<p><!--\n<link rel=\"stylesheet\" href=\"css\/bootstrap.min.css\">\n\n\n<ul class=\"pagination\">\n\t    \n\t\n\n<li >\n\t<a href='?page_no=29012'>Previous<\/a>\n\t<\/li>\n\n\n       \n    \n\n<li><a href='?page_no=1'>1<\/a><\/li>\n\n\n\n<li><a href='?page_no=2'>2<\/a><\/li>\n\n\n\n<li><a>...<\/a><\/li>\n\n\n\n<li><a href='?page_no=29011'>29011<\/a><\/li>\n\n\n\n<li><a href='?page_no=29012'>29012<\/a><\/li>\n\n\n\n<li class='active'><a>29013<\/a><\/li>\n\n\n\n<li><a href='?page_no=29014'>29014<\/a><\/li>\n\n\n\n<li><a href='?page_no=29015'>29015<\/a><\/li>\n\n\n\n<li><a>...<\/a><\/li>\n\n\n\n<li><a href='?page_no=30472'>30472<\/a><\/li>\n\n\n\n<li><a href='?page_no=30473'>30473<\/a><\/li>\n\n    \n\t\n\n<li >\n\t<a href='?page_no=29014'>Next<\/a>\n\t<\/li>\n\n\n    \n\n<li><a href='?page_no=30473'>Last &rsaquo;&rsaquo;<\/a><\/li>\n\n<\/ul>\n\n\n--><br \/>\n<\/body><\/p>\n","protected":false},"excerpt":{"rendered":"<p>Inician este martes convivencia acad\u00e9mica empresarial \u00a0dedicadas a las PYMES &#13; Santo Domingo.- El decanato de Mercadotecnia de la Universidad Apec (UNAPEC) anunci\u00f3 para este martes 19, la celebraci\u00f3n de la \u201cConvivencia Acad\u00e9mica Empresarial 2007\u201d , que tendr\u00e1 como tema central la competitividad de la PYME ante los nuevos retos y proporcionar\u00e1 informaci\u00f3n actualizada de [&hellip;]<\/p>\n","protected":false},"author":3,"featured_media":0,"comment_status":"open","ping_status":"open","sticky":false,"template":"","format":"standard","meta":{"footnotes":""},"categories":[18],"tags":[],"class_list":["post-123133","post","type-post","status-publish","format-standard","hentry","category-economia"],"_links":{"self":[{"href":"https:\/\/diariodominicano.com\/index.php?rest_route=\/wp\/v2\/posts\/123133","targetHints":{"allow":["GET"]}}],"collection":[{"href":"https:\/\/diariodominicano.com\/index.php?rest_route=\/wp\/v2\/posts"}],"about":[{"href":"https:\/\/diariodominicano.com\/index.php?rest_route=\/wp\/v2\/types\/post"}],"author":[{"embeddable":true,"href":"https:\/\/diariodominicano.com\/index.php?rest_route=\/wp\/v2\/users\/3"}],"replies":[{"embeddable":true,"href":"https:\/\/diariodominicano.com\/index.php?rest_route=%2Fwp%2Fv2%2Fcomments&post=123133"}],"version-history":[{"count":0,"href":"https:\/\/diariodominicano.com\/index.php?rest_route=\/wp\/v2\/posts\/123133\/revisions"}],"wp:attachment":[{"href":"https:\/\/diariodominicano.com\/index.php?rest_route=%2Fwp%2Fv2%2Fmedia&parent=123133"}],"wp:term":[{"taxonomy":"category","embeddable":true,"href":"https:\/\/diariodominicano.com\/index.php?rest_route=%2Fwp%2Fv2%2Fcategories&post=123133"},{"taxonomy":"post_tag","embeddable":true,"href":"https:\/\/diariodominicano.com\/index.php?rest_route=%2Fwp%2Fv2%2Ftags&post=123133"}],"curies":[{"name":"wp","href":"https:\/\/api.w.org\/{rel}","templated":true}]}}