{"id":123131,"date":"2007-06-17T15:59:51","date_gmt":"2007-06-17T15:59:51","guid":{"rendered":"http:\/\/diariodominicano.ddns.net\/?p=123131"},"modified":"2007-06-17T15:59:51","modified_gmt":"2007-06-17T15:59:51","slug":"en-noveno-congreso-arapf-farmaceuticos-debatiran-realidad-de-produccion-y-comercio-de-medicamentos-en-rd-y-el-mundo","status":"publish","type":"post","link":"https:\/\/diariodominicano.com\/?p=123131","title":{"rendered":"En Noveno Congreso ARAPF: Farmac\u00e9uticos debatir\u00e1n realidad de producci\u00f3n y comercio de medicamentos en RD y el mundo"},"content":{"rendered":"<p><body><\/p>\n<p align=\"justify\" class=\"titulogrande1\">En Noveno  Congreso ARAPF: Farmac\u00e9uticos  debatir\u00e1n realidad de producci\u00f3n y comercio de medicamentos en RD y el mundo<\/p>\n<p>&#13;<\/p>\n<p align=\"justify\"><strong>SANTO DOMINGO.- <\/strong><span class=\"text1noticias\">La realidad de la producci\u00f3n y el comercio  nacional e internacional de medicamentos, ser\u00e1 debatida por la Asociaci\u00f3n de Representantes,  Agentes y Productores Farmac\u00e9uticos (ARAPF) durante el Noveno Congreso Nacional  sobre Medicamentos, que esta vez tendr\u00e1 como t\u00edtulo \u201cInnovaci\u00f3n, Log\u00edstica y  Acreditaci\u00f3n\u201d para el desarrollo farmac\u00e9utico del pa\u00eds. <\/span><\/p>\n<p>&#13;<\/p>\n<p align=\"justify\" class=\"text1noticias\">Donato Pe\u00f1a Mirabal, presidente del Comit\u00e9 Organizador del  Congreso,\u00a0\u00a0 que esta actividad acad\u00e9mica,  abierta a todo el sector farmac\u00e9utico del pa\u00eds, se realizar\u00e1 durante los d\u00edas  6, 7 y 8 de septiembre pr\u00f3ximo, en el Gran Hotel Lina &amp; Casino, de esta  capital. <\/p>\n<p>&#13;<\/p>\n<p align=\"justify\" class=\"text1noticias\">Inform\u00f3 que las inscripciones para participar en este noveno  Congreso Nacional sobre Medicamentos ya est\u00e1n abiertas en la sede de la  entidad, ubicada en el quinto piso de la Torre Empresarial  AIRD, de la avenida Sarasota n\u00famero 20, esquina Abraham Lincoln. La  preinscripci\u00f3n se puede realizar a trav\u00e9s del tel\u00e9fono de la instituci\u00f3n, cuyo  n\u00famero es 809 \u2013 381 \u2013 0108. <\/p>\n<p>&#13;<\/p>\n<p align=\"justify\" class=\"text1noticias\">\u201cIgual que en las ocho versiones anteriores, hemos trabajado  arduamente para elaborar un programa acad\u00e9mico de primera calidad y contribuir  de manera significativa a la educaci\u00f3n continuada y actualizaci\u00f3n del recurso  humano de las empresas farmac\u00e9uticas de nuestro pa\u00eds\u201d expres\u00f3 Pe\u00f1a  Mirabal,\u00a0 presidente del Comit\u00e9  Organizador. <\/p>\n<p>&#13;<\/p>\n<p align=\"justify\" class=\"text1noticias\">Dijo que con el prop\u00f3sito de que se beneficie la mayor cantidad de  t\u00e9cnicos y personal que labora en el sector, \u201chemos dejado el costo de  participaci\u00f3n al mismo nivel que hace dos a\u00f1os. <\/p>\n<p>&#13;<\/p>\n<p align=\"justify\" class=\"text1noticias\">Explic\u00f3 que con esta medida, la ARAPF est\u00e1 absorbiendo el costo de la inflaci\u00f3n  acumulada en este per\u00edodo en aras de una mayor participaci\u00f3n en nuestra actividad  acad\u00e9mica\u201d. <\/p>\n<p>&#13;<\/p>\n<p align=\"justify\" class=\"text1noticias\">El vocero de la entidad farmac\u00e9utica exhort\u00f3 al personal que  labora en el sector a formalizar su inscripci\u00f3n en el noveno Congreso Nacional  sobre Medicamentos, a la mayor brevedad, toda vez que el cupo es limitado y  ser\u00eda lamentable que se pierda esta excelente oportunidad de mantenerse  actualizados. <\/p>\n<p>&#13;<\/p>\n<h6> 2007-06-17 15:59:51 <\/h6>\n<p><!--\n<link rel=\"stylesheet\" href=\"css\/bootstrap.min.css\">\n\n\n<ul class=\"pagination\">\n\t    \n\t\n\n<li >\n\t<a href='?page_no=29010'>Previous<\/a>\n\t<\/li>\n\n\n       \n    \n\n<li><a href='?page_no=1'>1<\/a><\/li>\n\n\n\n<li><a href='?page_no=2'>2<\/a><\/li>\n\n\n\n<li><a>...<\/a><\/li>\n\n\n\n<li><a href='?page_no=29009'>29009<\/a><\/li>\n\n\n\n<li><a href='?page_no=29010'>29010<\/a><\/li>\n\n\n\n<li class='active'><a>29011<\/a><\/li>\n\n\n\n<li><a href='?page_no=29012'>29012<\/a><\/li>\n\n\n\n<li><a href='?page_no=29013'>29013<\/a><\/li>\n\n\n\n<li><a>...<\/a><\/li>\n\n\n\n<li><a href='?page_no=30472'>30472<\/a><\/li>\n\n\n\n<li><a href='?page_no=30473'>30473<\/a><\/li>\n\n    \n\t\n\n<li >\n\t<a href='?page_no=29012'>Next<\/a>\n\t<\/li>\n\n\n    \n\n<li><a href='?page_no=30473'>Last &rsaquo;&rsaquo;<\/a><\/li>\n\n<\/ul>\n\n\n--><br \/>\n<\/body><\/p>\n","protected":false},"excerpt":{"rendered":"<p>En Noveno Congreso ARAPF: Farmac\u00e9uticos debatir\u00e1n realidad de producci\u00f3n y comercio de medicamentos en RD y el mundo &#13; SANTO DOMINGO.- La realidad de la producci\u00f3n y el comercio nacional e internacional de medicamentos, ser\u00e1 debatida por la Asociaci\u00f3n de Representantes, Agentes y Productores Farmac\u00e9uticos (ARAPF) durante el Noveno Congreso Nacional sobre Medicamentos, que esta [&hellip;]<\/p>\n","protected":false},"author":3,"featured_media":0,"comment_status":"open","ping_status":"open","sticky":false,"template":"","format":"standard","meta":{"footnotes":""},"categories":[18],"tags":[],"class_list":["post-123131","post","type-post","status-publish","format-standard","hentry","category-economia"],"_links":{"self":[{"href":"https:\/\/diariodominicano.com\/index.php?rest_route=\/wp\/v2\/posts\/123131","targetHints":{"allow":["GET"]}}],"collection":[{"href":"https:\/\/diariodominicano.com\/index.php?rest_route=\/wp\/v2\/posts"}],"about":[{"href":"https:\/\/diariodominicano.com\/index.php?rest_route=\/wp\/v2\/types\/post"}],"author":[{"embeddable":true,"href":"https:\/\/diariodominicano.com\/index.php?rest_route=\/wp\/v2\/users\/3"}],"replies":[{"embeddable":true,"href":"https:\/\/diariodominicano.com\/index.php?rest_route=%2Fwp%2Fv2%2Fcomments&post=123131"}],"version-history":[{"count":0,"href":"https:\/\/diariodominicano.com\/index.php?rest_route=\/wp\/v2\/posts\/123131\/revisions"}],"wp:attachment":[{"href":"https:\/\/diariodominicano.com\/index.php?rest_route=%2Fwp%2Fv2%2Fmedia&parent=123131"}],"wp:term":[{"taxonomy":"category","embeddable":true,"href":"https:\/\/diariodominicano.com\/index.php?rest_route=%2Fwp%2Fv2%2Fcategories&post=123131"},{"taxonomy":"post_tag","embeddable":true,"href":"https:\/\/diariodominicano.com\/index.php?rest_route=%2Fwp%2Fv2%2Ftags&post=123131"}],"curies":[{"name":"wp","href":"https:\/\/api.w.org\/{rel}","templated":true}]}}