{"id":123128,"date":"2007-06-17T22:33:34","date_gmt":"2007-06-17T22:33:34","guid":{"rendered":"http:\/\/diariodominicano.ddns.net\/?p=123128"},"modified":"2007-06-17T22:33:34","modified_gmt":"2007-06-17T22:33:34","slug":"empresarios-extranjeros-invierten-rd400-millones-en-cultivo-de-tabaco","status":"publish","type":"post","link":"https:\/\/diariodominicano.com\/?p=123128","title":{"rendered":"Empresarios extranjeros invierten RD$400 millones en cultivo de tabaco"},"content":{"rendered":"<p><body><\/p>\n<p align=\"justify\" class=\"titulogrande1\"><strong>Empresarios extranjeros invierten RD$400 millones en cultivo de  tabaco<\/strong><\/p>\n<p>&#13;<\/p>\n<p align=\"justify\" class=\"text1noticias\"><strong><img loading=\"lazy\" decoding=\"async\" src=\"http:\/\/localhost:8080\/economia\/pictures\/tabaco.jpg\" width=\"268\" height=\"203\" hspace=\"4\" align=\"left\" \/>SANTIAGO.-<\/strong> Empresas extranjeras que se han  instalado en las zonas francas de esta ciudad realizan una inversi\u00f3n por el  orden de los 400 millones de d\u00f3lares en el procesamiento del tabaco nacional,  inform\u00f3 el director ejecutivo del Instituto del Tabaco, ingeniero agr\u00f3nomo  Adalberto Rosa.<br \/>&#13;<br \/>\n  <br \/>&#13;<br \/>\n  El funcionario gubernamental consider\u00f3  que esos empresarios extranjeros decidieron establecerse en esta parte del pa\u00eds  \u201cpor el clima de confianza que hay aqu\u00ed para los inversionistas y por la  calidad de la hoja de tabaco que se cosecha en esta regi\u00f3n\u201d.<br \/>&#13;<br \/>\n  <br \/>&#13;<br \/>\n  Rosa explic\u00f3 que las empresas que han  abierto sus puertas en los meses recientes, est\u00e1n dando trabajo a m\u00e1s de 16 mil  personas, con empleos directos.<br \/>&#13;<br \/>\n  <br \/>&#13;<br \/>\n\u201cpor lo que estimo que nosotros tenemos  un compromiso para mantener el sector tabaquero que es vital para el pa\u00eds pero,  de manera especial, para Santiago y el Cibao\u201d.<br \/>&#13;<br \/>\n<br \/>&#13;<br \/>\nRosa emiti\u00f3 ese criterio antenoche, al  encabezar una actividad realizada en el Hotel Matum, con motivo del aniversario  45 del Instituto del Tabaco, donde se reconocieron 11 productores de diferentes  variedades de tabaco.<br \/>&#13;<br \/>\n<br \/>&#13;<br \/>\n\u00a0Por otro lado, se mostr\u00f3 contrario  con que el gobierno destine 70 millones de pesos para el empaque de lo que  resta del excedente de la cosecha de 1998, como lo reclaman productores y  cosecheros.<br \/>&#13;<br \/>\n<br \/>&#13;<br \/>\nRosa dijo que el Intabaco ignora si  ciertamente en los almacenes de esas instituciones exista el producto en  cuesti\u00f3n \u201cy ellos, lamentablemente, no tienen la credibilidad para garantizarnos  que cualquier aporte que haga el gobierno ser\u00e1 bien utilizado\u201d.<br \/>&#13;<br \/>\n<br \/>&#13;<br \/>\nRecientemente, cosecheros y productores  agrupados en varias instituciones enviaron al presidente Leonel Fern\u00e1ndez una  correspondencia, en la que le solicitan 70 millones de pesos \u201cpara el empaque  que todav\u00eda nos queda en el \u00e1mbito de ranchos\u201d. Por medio de esa misiva  plantean, adem\u00e1s, que Fern\u00e1ndez reciba una comisi\u00f3n de peque\u00f1os y medianos  productores de tabaco \u201cy as\u00ed quede edificado sobre nuestra situaci\u00f3n y pueda  ayudar a resolverla\u201d.<br \/>&#13;<br \/>\n<br \/>&#13;<br \/>\nEn su exposici\u00f3n de anteanoche, el  ingeniero agr\u00f3nomo Rosa dijo que, en caso de que el gobierno acepte los  reclamos en cuesti\u00f3n, surgir\u00eda el inconveniente de a qui\u00e9n le vender\u00e1 el  Intabaco ese supuesto o real excedente.<br \/>&#13;<br \/>\n<br \/>&#13;<br \/>\nDijo que es partidario de que los productores  de tabaco participen en el proceso de elaboraci\u00f3n, pero lo condicion\u00f3 a que se  lleve a cabo en coordinaci\u00f3n con el sector privado, que debe garantizar la  compra y la calidad de ese producto.<br \/>&#13;<br \/>\n<br \/>&#13;<br \/>\n\u201cPero, que un proyecto de esa naturaleza  sea rentable, porque no es que el gobierno preste 20 millones de pesos y que al  final se pierda ese dinero, pues por ah\u00ed no avanzamos\u201d, expres\u00f3 el director  ejecutivo del Intabaco, quien agreg\u00f3 que la rentabilidad y la pol\u00edtica de  precio de la arom\u00e1tica hoja deben estar ligadas a su calidad.<br \/>&#13;<br \/>\n<br \/>&#13;<br \/>\n<span class=\"textopq\">\u00a0Hoy<\/span><\/p>\n<p>&#13;<\/p>\n<h6> 2007-06-17 22:33:34 <\/h6>\n<p><!--\n<link rel=\"stylesheet\" href=\"css\/bootstrap.min.css\">\n\n\n<ul class=\"pagination\">\n\t    \n\t\n\n<li >\n\t<a href='?page_no=29007'>Previous<\/a>\n\t<\/li>\n\n\n       \n    \n\n<li><a href='?page_no=1'>1<\/a><\/li>\n\n\n\n<li><a href='?page_no=2'>2<\/a><\/li>\n\n\n\n<li><a>...<\/a><\/li>\n\n\n\n<li><a href='?page_no=29006'>29006<\/a><\/li>\n\n\n\n<li><a href='?page_no=29007'>29007<\/a><\/li>\n\n\n\n<li class='active'><a>29008<\/a><\/li>\n\n\n\n<li><a href='?page_no=29009'>29009<\/a><\/li>\n\n\n\n<li><a href='?page_no=29010'>29010<\/a><\/li>\n\n\n\n<li><a>...<\/a><\/li>\n\n\n\n<li><a href='?page_no=30472'>30472<\/a><\/li>\n\n\n\n<li><a href='?page_no=30473'>30473<\/a><\/li>\n\n    \n\t\n\n<li >\n\t<a href='?page_no=29009'>Next<\/a>\n\t<\/li>\n\n\n    \n\n<li><a href='?page_no=30473'>Last &rsaquo;&rsaquo;<\/a><\/li>\n\n<\/ul>\n\n\n--><br \/>\n<\/body><\/p>\n","protected":false},"excerpt":{"rendered":"<p>Empresarios extranjeros invierten RD$400 millones en cultivo de tabaco &#13; SANTIAGO.- Empresas extranjeras que se han instalado en las zonas francas de esta ciudad realizan una inversi\u00f3n por el orden de los 400 millones de d\u00f3lares en el procesamiento del tabaco nacional, inform\u00f3 el director ejecutivo del Instituto del Tabaco, ingeniero agr\u00f3nomo Adalberto Rosa.&#13; &#13; [&hellip;]<\/p>\n","protected":false},"author":3,"featured_media":0,"comment_status":"open","ping_status":"open","sticky":false,"template":"","format":"standard","meta":{"footnotes":""},"categories":[18],"tags":[],"class_list":["post-123128","post","type-post","status-publish","format-standard","hentry","category-economia"],"_links":{"self":[{"href":"https:\/\/diariodominicano.com\/index.php?rest_route=\/wp\/v2\/posts\/123128","targetHints":{"allow":["GET"]}}],"collection":[{"href":"https:\/\/diariodominicano.com\/index.php?rest_route=\/wp\/v2\/posts"}],"about":[{"href":"https:\/\/diariodominicano.com\/index.php?rest_route=\/wp\/v2\/types\/post"}],"author":[{"embeddable":true,"href":"https:\/\/diariodominicano.com\/index.php?rest_route=\/wp\/v2\/users\/3"}],"replies":[{"embeddable":true,"href":"https:\/\/diariodominicano.com\/index.php?rest_route=%2Fwp%2Fv2%2Fcomments&post=123128"}],"version-history":[{"count":0,"href":"https:\/\/diariodominicano.com\/index.php?rest_route=\/wp\/v2\/posts\/123128\/revisions"}],"wp:attachment":[{"href":"https:\/\/diariodominicano.com\/index.php?rest_route=%2Fwp%2Fv2%2Fmedia&parent=123128"}],"wp:term":[{"taxonomy":"category","embeddable":true,"href":"https:\/\/diariodominicano.com\/index.php?rest_route=%2Fwp%2Fv2%2Fcategories&post=123128"},{"taxonomy":"post_tag","embeddable":true,"href":"https:\/\/diariodominicano.com\/index.php?rest_route=%2Fwp%2Fv2%2Ftags&post=123128"}],"curies":[{"name":"wp","href":"https:\/\/api.w.org\/{rel}","templated":true}]}}