{"id":123126,"date":"2007-06-18T12:57:48","date_gmt":"2007-06-18T12:57:48","guid":{"rendered":"http:\/\/diariodominicano.ddns.net\/?p=123126"},"modified":"2007-06-18T12:57:48","modified_gmt":"2007-06-18T12:57:48","slug":"eligen-a-enrique-de-marchena-kaluche-presidente-de-la-asociacion-de-hoteles-de-caribe","status":"publish","type":"post","link":"https:\/\/diariodominicano.com\/?p=123126","title":{"rendered":"Eligen a Enrique de Marchena Kaluche presidente de la Asociaci\u00f3n de Hoteles de Caribe"},"content":{"rendered":"<p><body><\/p>\n<p align=\"justify\"><span class=\"titulogrande1\">Eligen a Enrique de Marchena Kaluche presidente de la Asociaci\u00f3n de Hoteles  de Caribe<\/span><br \/>&#13;<br \/>\n  <br \/>&#13;<br \/>\n    <strong>MIAMI.\u00a0<\/strong> <span class=\"text1noticias\">El dominicano Enrique de Marchena Kaluche  fue elegido presidente de la   Asociaci\u00f3n de Hoteles de Caribe (CHA) para el per\u00edodo  2008-2010, presentado a unanimidad como candidato del comit\u00e9 de nominaciones en  la Convenci\u00f3n  de Hoteles del Caribe que se realiza hasta ma\u00f1ana martes en esta ciudad.<br \/>&#13;<br \/>\n    <br \/>&#13;<br \/>\n\u201cEsta elecci\u00f3n me honra y la recibo como un testimonio  del liderazgo alcanzado por Rep\u00fablica Dominicana en el desarrollo del turismo  en la regi\u00f3n, y tambi\u00e9n como un compromiso para asumir el reto de continuar el  excelente trabajo y liderazgo desarrollado desde esta instituci\u00f3n por tantos  l\u00edderes caribe\u00f1os\u201d, expres\u00f3 De Marchena.<br \/>&#13;<br \/>\n<br \/>&#13;<br \/>\nEs el segundo dominicano y segundo hispanoparlante del  Caribe en alcanzar esta posici\u00f3n, a la cual llega con apenas cuatro a\u00f1os como  miembro del Consejo de Directores de la CHA. El primer dominicano en ocupar esta posici\u00f3n  fue Sim\u00f3n Su\u00e1rez.<br \/>&#13;<br \/>\n<br \/>&#13;<br \/>\nDe Marchena fue presidente de la Asociaci\u00f3n de Hoteles y  Restaurantes (Asonahores) y es socio del Grupo Elliot, de capital canadiense,  que tiene a su cargo la gesti\u00f3n del hotel Sun Village en Costambar, Puerto  Plata, con 400 habitaciones. Tambi\u00e9n est\u00e1 desarrollando un nuevo  establecimiento en Juan Dolio.<br \/>&#13;<br \/>\n<br \/>&#13;<br \/>\nLa CHA celebra en esta convenci\u00f3n su 45 aniversario y  representa 36 asociaciones de hoteles que suman 849 establecimientos y 125,000  habitaciones.\u00a0 <\/span><\/p>\n<p>&#13;<\/p>\n<h6> 2007-06-18 12:57:48 <\/h6>\n<p><!--\n<link rel=\"stylesheet\" href=\"css\/bootstrap.min.css\">\n\n\n<ul class=\"pagination\">\n\t    \n\t\n\n<li >\n\t<a href='?page_no=29005'>Previous<\/a>\n\t<\/li>\n\n\n       \n    \n\n<li><a href='?page_no=1'>1<\/a><\/li>\n\n\n\n<li><a href='?page_no=2'>2<\/a><\/li>\n\n\n\n<li><a>...<\/a><\/li>\n\n\n\n<li><a href='?page_no=29004'>29004<\/a><\/li>\n\n\n\n<li><a href='?page_no=29005'>29005<\/a><\/li>\n\n\n\n<li class='active'><a>29006<\/a><\/li>\n\n\n\n<li><a href='?page_no=29007'>29007<\/a><\/li>\n\n\n\n<li><a href='?page_no=29008'>29008<\/a><\/li>\n\n\n\n<li><a>...<\/a><\/li>\n\n\n\n<li><a href='?page_no=30472'>30472<\/a><\/li>\n\n\n\n<li><a href='?page_no=30473'>30473<\/a><\/li>\n\n    \n\t\n\n<li >\n\t<a href='?page_no=29007'>Next<\/a>\n\t<\/li>\n\n\n    \n\n<li><a href='?page_no=30473'>Last &rsaquo;&rsaquo;<\/a><\/li>\n\n<\/ul>\n\n\n--><br \/>\n<\/body><\/p>\n","protected":false},"excerpt":{"rendered":"<p>Eligen a Enrique de Marchena Kaluche presidente de la Asociaci\u00f3n de Hoteles de Caribe&#13; &#13; MIAMI.\u00a0 El dominicano Enrique de Marchena Kaluche fue elegido presidente de la Asociaci\u00f3n de Hoteles de Caribe (CHA) para el per\u00edodo 2008-2010, presentado a unanimidad como candidato del comit\u00e9 de nominaciones en la Convenci\u00f3n de Hoteles del Caribe que se [&hellip;]<\/p>\n","protected":false},"author":3,"featured_media":0,"comment_status":"open","ping_status":"open","sticky":false,"template":"","format":"standard","meta":{"footnotes":""},"categories":[18],"tags":[],"class_list":["post-123126","post","type-post","status-publish","format-standard","hentry","category-economia"],"_links":{"self":[{"href":"https:\/\/diariodominicano.com\/index.php?rest_route=\/wp\/v2\/posts\/123126","targetHints":{"allow":["GET"]}}],"collection":[{"href":"https:\/\/diariodominicano.com\/index.php?rest_route=\/wp\/v2\/posts"}],"about":[{"href":"https:\/\/diariodominicano.com\/index.php?rest_route=\/wp\/v2\/types\/post"}],"author":[{"embeddable":true,"href":"https:\/\/diariodominicano.com\/index.php?rest_route=\/wp\/v2\/users\/3"}],"replies":[{"embeddable":true,"href":"https:\/\/diariodominicano.com\/index.php?rest_route=%2Fwp%2Fv2%2Fcomments&post=123126"}],"version-history":[{"count":0,"href":"https:\/\/diariodominicano.com\/index.php?rest_route=\/wp\/v2\/posts\/123126\/revisions"}],"wp:attachment":[{"href":"https:\/\/diariodominicano.com\/index.php?rest_route=%2Fwp%2Fv2%2Fmedia&parent=123126"}],"wp:term":[{"taxonomy":"category","embeddable":true,"href":"https:\/\/diariodominicano.com\/index.php?rest_route=%2Fwp%2Fv2%2Fcategories&post=123126"},{"taxonomy":"post_tag","embeddable":true,"href":"https:\/\/diariodominicano.com\/index.php?rest_route=%2Fwp%2Fv2%2Ftags&post=123126"}],"curies":[{"name":"wp","href":"https:\/\/api.w.org\/{rel}","templated":true}]}}