{"id":123125,"date":"2007-06-19T11:40:35","date_gmt":"2007-06-19T11:40:35","guid":{"rendered":"http:\/\/diariodominicano.ddns.net\/?p=123125"},"modified":"2007-06-19T11:40:35","modified_gmt":"2007-06-19T11:40:35","slug":"proyecto-busca-instituciones-estatales-compren-en-mipymes","status":"publish","type":"post","link":"https:\/\/diariodominicano.com\/?p=123125","title":{"rendered":"Proyecto busca instituciones estatales compren en Mipymes"},"content":{"rendered":"<p><body><\/p>\n<p align=\"justify\" class=\"titulogrande1\"><strong>Proyecto  busca instituciones estatales compren en Mipymes<\/strong><\/p>\n<p>&#13;<\/p>\n<p align=\"justify\" class=\"textogrande\"><strong>Por Roberto Rodr\u00edguez <\/strong><\/p>\n<p>&#13;<\/p>\n<p align=\"justify\" class=\"text1noticias\"> <img loading=\"lazy\" decoding=\"async\" src=\"http:\/\/localhost:8080\/economia\/pictures\/saludos.jpg\" width=\"218\" height=\"233\" hspace=\"4\" align=\"left\" \/>SANTO DOMINGO.- El presidente de la Comisi\u00f3n Permanente  de Industria, Comercio y Zonas Francas del Senado de la Rep\u00fablica, Heinz Vieluf  Cabrera, abog\u00f3 para que en el proyecto sobre las PYMES se consigne\u00a0 que  las instituciones estatales -al momento de realizar sus compras de bienes y  servicios- adquieran el 10% de las mismas en las llamadas\u00a0 MIPYMES,  amparado en las excepciones que establece el tratado comercial DR-CAFTA en lo  que tiene que ver con las compras y contrataciones. <br \/>&#13;<br \/>\n  <br \/>&#13;<br \/>\n  La\u00a0 propuesta hecha por\u00a0 Vieluf\u00a0 Cabrera se recoge en una  modificaci\u00f3n al proyecto donde el legislador sugiere dos nuevos art\u00edculos que  definen \u00a0lo relativo\u00a0 a las compras de bienes y servicios, y en  segundo lugar \u00a0respecto a las facilidades de las Mipymes dirigidas por  Mujeres. <br \/>&#13;<br \/>\n\u00a0\u00a0\u00a0\u00a0\u00a0\u00a0\u00a0 <br \/>&#13;<br \/>\nAgreg\u00f3  que \u201cen el caso de micro, peque\u00f1as y medianas empresas dirigidas \u00a0por  mujeres, las instituciones estatales, al momento de realizar las compras de  bienes y servicios, deben de efectuar el 15% de las mismas a las MIPYMES\u201d, se  establece en el art\u00edculo 26 que introdujo Heinz Vieluf\u00a0 a este proyecto de  ley. <br \/>&#13;<br \/>\n\u00a0\u00a0\u00a0\u00a0\u00a0\u00a0\u00a0 <br \/>&#13;<br \/>\nA  juicio del representante senatorial por la provincia de Montecristi la ley  \u201ctiene como objetivo promover pol\u00edticas que impulsen la creaci\u00f3n de  instrumentos financieros que faciliten el acceso al cr\u00e9dito, a la capacitaci\u00f3n  y a la asistencia t\u00e9cnica y otras formas de desarrollo empresarial de las  Mipymes\u201d. <\/p>\n<p>&#13;<\/p>\n<p align=\"justify\" class=\"text1noticias\">\u201cLa presente ley tiene por objeto crear un marco regulatorio y un organismo  rector que promueva estrategias integradas de desarrollo de las micro, peque\u00f1as  y medianas empresas, en adelante Mipymes, y que contribuya al crecimiento  econ\u00f3mico y social del pa\u00eds, mediante la generaci\u00f3n de empleos y el  mejoramiento de las condiciones productivas y de acceso a la riqueza\u201d, dijo. <\/p>\n<p>&#13;<\/p>\n<h6> 2007-06-19 11:40:35 <\/h6>\n<p><!--\n<link rel=\"stylesheet\" href=\"css\/bootstrap.min.css\">\n\n\n<ul class=\"pagination\">\n\t    \n\t\n\n<li >\n\t<a href='?page_no=29004'>Previous<\/a>\n\t<\/li>\n\n\n       \n    \n\n<li><a href='?page_no=1'>1<\/a><\/li>\n\n\n\n<li><a href='?page_no=2'>2<\/a><\/li>\n\n\n\n<li><a>...<\/a><\/li>\n\n\n\n<li><a href='?page_no=29003'>29003<\/a><\/li>\n\n\n\n<li><a href='?page_no=29004'>29004<\/a><\/li>\n\n\n\n<li class='active'><a>29005<\/a><\/li>\n\n\n\n<li><a href='?page_no=29006'>29006<\/a><\/li>\n\n\n\n<li><a href='?page_no=29007'>29007<\/a><\/li>\n\n\n\n<li><a>...<\/a><\/li>\n\n\n\n<li><a href='?page_no=30472'>30472<\/a><\/li>\n\n\n\n<li><a href='?page_no=30473'>30473<\/a><\/li>\n\n    \n\t\n\n<li >\n\t<a href='?page_no=29006'>Next<\/a>\n\t<\/li>\n\n\n    \n\n<li><a href='?page_no=30473'>Last &rsaquo;&rsaquo;<\/a><\/li>\n\n<\/ul>\n\n\n--><br \/>\n<\/body><\/p>\n","protected":false},"excerpt":{"rendered":"<p>Proyecto busca instituciones estatales compren en Mipymes &#13; Por Roberto Rodr\u00edguez &#13; SANTO DOMINGO.- El presidente de la Comisi\u00f3n Permanente de Industria, Comercio y Zonas Francas del Senado de la Rep\u00fablica, Heinz Vieluf Cabrera, abog\u00f3 para que en el proyecto sobre las PYMES se consigne\u00a0 que las instituciones estatales -al momento de realizar sus compras [&hellip;]<\/p>\n","protected":false},"author":3,"featured_media":0,"comment_status":"open","ping_status":"open","sticky":false,"template":"","format":"standard","meta":{"footnotes":""},"categories":[18],"tags":[],"class_list":["post-123125","post","type-post","status-publish","format-standard","hentry","category-economia"],"_links":{"self":[{"href":"https:\/\/diariodominicano.com\/index.php?rest_route=\/wp\/v2\/posts\/123125","targetHints":{"allow":["GET"]}}],"collection":[{"href":"https:\/\/diariodominicano.com\/index.php?rest_route=\/wp\/v2\/posts"}],"about":[{"href":"https:\/\/diariodominicano.com\/index.php?rest_route=\/wp\/v2\/types\/post"}],"author":[{"embeddable":true,"href":"https:\/\/diariodominicano.com\/index.php?rest_route=\/wp\/v2\/users\/3"}],"replies":[{"embeddable":true,"href":"https:\/\/diariodominicano.com\/index.php?rest_route=%2Fwp%2Fv2%2Fcomments&post=123125"}],"version-history":[{"count":0,"href":"https:\/\/diariodominicano.com\/index.php?rest_route=\/wp\/v2\/posts\/123125\/revisions"}],"wp:attachment":[{"href":"https:\/\/diariodominicano.com\/index.php?rest_route=%2Fwp%2Fv2%2Fmedia&parent=123125"}],"wp:term":[{"taxonomy":"category","embeddable":true,"href":"https:\/\/diariodominicano.com\/index.php?rest_route=%2Fwp%2Fv2%2Fcategories&post=123125"},{"taxonomy":"post_tag","embeddable":true,"href":"https:\/\/diariodominicano.com\/index.php?rest_route=%2Fwp%2Fv2%2Ftags&post=123125"}],"curies":[{"name":"wp","href":"https:\/\/api.w.org\/{rel}","templated":true}]}}