{"id":123123,"date":"2007-06-20T02:27:18","date_gmt":"2007-06-20T02:27:18","guid":{"rendered":"http:\/\/diariodominicano.ddns.net\/?p=123123"},"modified":"2007-06-20T02:27:18","modified_gmt":"2007-06-20T02:27:18","slug":"empresarios-de-brasil-anuncian-interes-de-invertir-en-area-textil-de-rd-3","status":"publish","type":"post","link":"https:\/\/diariodominicano.com\/?p=123123","title":{"rendered":"Empresarios de Brasil anuncian inter\u00e9s de invertir en \u00e1rea textil de RD"},"content":{"rendered":"<p><body><\/p>\n<p class=\"titulogrande1\"><strong>Empresarios de Brasil anuncian inter\u00e9s de invertir en \u00e1rea textil de RD<\/strong><\/p>\n<p>&#13;<\/p>\n<p align=\"justify\"><strong>SAO PAULO, Brasil.-<\/strong> <span class=\"text1noticias\">Empresarios  brasile\u00f1os del \u00e1rea textil manifestaron este martes su disposici\u00f3n de  establecerse en la   Rep\u00fablica Dominicana realizando inversiones millonarias en  zonas francas, tras anunciar que en una primera etapa podr\u00edan instalarse en la  provincia de Montecristi y el municipio de Esperanza.<br \/>&#13;<br \/>\n  <br \/>&#13;<br \/>\n  As\u00ed lo manifest\u00f3 el  textilero Jos\u00e9 Gomes, director ejecutivo de la empresa Cotemina, quien adelant\u00f3  que una comisi\u00f3n t\u00e9cnica de inversionistas de Brasil visitar\u00e1 pr\u00f3ximamente el  pa\u00eds caribe\u00f1o, para dar los primeros pasos en ese sentido.<br \/>&#13;<br \/>\n  <br \/>&#13;<br \/>\n  El presidente Leonel  Fern\u00e1ndez, como parte de su agenda de trabajo en esa naci\u00f3n suramericana,  recibi\u00f3 en el hotel donde se hospeda en Sao Paulo al grupo de inversionistas de  zonas francas, con quienes dialog\u00f3 amenamente por varios minutos.<br \/>&#13;<br \/>\n  <br \/>&#13;<br \/>\n  Concluido el  encuentro, Jos\u00e9 Gomes habl\u00f3 a la prensa significando que \u00abquedamos  encantados con la conversaci\u00f3n con el presidente Fern\u00e1ndez y en los pr\u00f3ximos  d\u00edas enviaremos una comisi\u00f3n t\u00e9cnica a la Rep\u00fablica Dominica  para iniciar los contactos de lugar\u00bb.<br \/>&#13;<br \/>\n  <br \/>&#13;<br \/>\n  Asimismo, el  empresario, quien es hijo del vicepresidente de Brasil, Jos\u00e9 Alencar Gomes da  Silva, refiri\u00f3 que el equipo har\u00e1 un levantamiento de suelo de las \u00e1reas que  consideran m\u00e1s propicias para la instalaci\u00f3n de las empresas.<br \/>&#13;<br \/>\n  <br \/>&#13;<br \/>\n  De su lado, la  directora del Consejo Nacional de Zonas Francas, Luc\u00eda Fern\u00e1ndez, dijo que en  una primera etapa la inversi\u00f3n podr\u00eda generar cerca de ocho mil nuevos empleos  directos para trabajadores de diferentes \u00e1reas de producci\u00f3n.<br \/>&#13;<br \/>\n  <br \/>&#13;<br \/>\n  Sostuvo que, adem\u00e1s,  las nuevas instalaciones generar\u00e1n dos mil empleos con un alto nivel t\u00e9cnico y  calificado en las \u00e1reas de dise\u00f1os y procesos productivos en partes industriales.<br \/>&#13;<br \/>\n  <br \/>&#13;<br \/>\n  Luisa Fern\u00e1ndez  destac\u00f3 que la decisi\u00f3n de los empresarios de Brasil de instalarse en Rep\u00fablica  Dominicana es una se\u00f1al clara del clima de estabilidad que existe en el pa\u00eds  para la inversi\u00f3n extranjera y el inter\u00e9s del Gobierno por dinamizar la econom\u00eda  nacional.<br \/>&#13;<br \/>\n  <br \/>&#13;<br \/>\n  En la reuni\u00f3n  encabezada por el presidente Fern\u00e1ndez participaron los empresarios de zonas  francas dominicanos Miguel Lama, Aquiles Berm\u00fadez, Manolo Taveras, M\u00edcalo  Bermudez, y la embajadora C\u00e1ndida Hern\u00e1ndez. <\/span><\/p>\n<p>&#13;<\/p>\n<h6> 2007-06-20 02:27:18 <\/h6>\n<p><!--\n<link rel=\"stylesheet\" href=\"css\/bootstrap.min.css\">\n\n\n<ul class=\"pagination\">\n\t    \n\t\n\n<li >\n\t<a href='?page_no=29002'>Previous<\/a>\n\t<\/li>\n\n\n       \n    \n\n<li><a href='?page_no=1'>1<\/a><\/li>\n\n\n\n<li><a href='?page_no=2'>2<\/a><\/li>\n\n\n\n<li><a>...<\/a><\/li>\n\n\n\n<li><a href='?page_no=29001'>29001<\/a><\/li>\n\n\n\n<li><a href='?page_no=29002'>29002<\/a><\/li>\n\n\n\n<li class='active'><a>29003<\/a><\/li>\n\n\n\n<li><a href='?page_no=29004'>29004<\/a><\/li>\n\n\n\n<li><a href='?page_no=29005'>29005<\/a><\/li>\n\n\n\n<li><a>...<\/a><\/li>\n\n\n\n<li><a href='?page_no=30472'>30472<\/a><\/li>\n\n\n\n<li><a href='?page_no=30473'>30473<\/a><\/li>\n\n    \n\t\n\n<li >\n\t<a href='?page_no=29004'>Next<\/a>\n\t<\/li>\n\n\n    \n\n<li><a href='?page_no=30473'>Last &rsaquo;&rsaquo;<\/a><\/li>\n\n<\/ul>\n\n\n--><br \/>\n<\/body><\/p>\n","protected":false},"excerpt":{"rendered":"<p>Empresarios de Brasil anuncian inter\u00e9s de invertir en \u00e1rea textil de RD &#13; SAO PAULO, Brasil.- Empresarios brasile\u00f1os del \u00e1rea textil manifestaron este martes su disposici\u00f3n de establecerse en la Rep\u00fablica Dominicana realizando inversiones millonarias en zonas francas, tras anunciar que en una primera etapa podr\u00edan instalarse en la provincia de Montecristi y el municipio [&hellip;]<\/p>\n","protected":false},"author":3,"featured_media":0,"comment_status":"open","ping_status":"open","sticky":false,"template":"","format":"standard","meta":{"footnotes":""},"categories":[18],"tags":[],"class_list":["post-123123","post","type-post","status-publish","format-standard","hentry","category-economia"],"_links":{"self":[{"href":"https:\/\/diariodominicano.com\/index.php?rest_route=\/wp\/v2\/posts\/123123","targetHints":{"allow":["GET"]}}],"collection":[{"href":"https:\/\/diariodominicano.com\/index.php?rest_route=\/wp\/v2\/posts"}],"about":[{"href":"https:\/\/diariodominicano.com\/index.php?rest_route=\/wp\/v2\/types\/post"}],"author":[{"embeddable":true,"href":"https:\/\/diariodominicano.com\/index.php?rest_route=\/wp\/v2\/users\/3"}],"replies":[{"embeddable":true,"href":"https:\/\/diariodominicano.com\/index.php?rest_route=%2Fwp%2Fv2%2Fcomments&post=123123"}],"version-history":[{"count":0,"href":"https:\/\/diariodominicano.com\/index.php?rest_route=\/wp\/v2\/posts\/123123\/revisions"}],"wp:attachment":[{"href":"https:\/\/diariodominicano.com\/index.php?rest_route=%2Fwp%2Fv2%2Fmedia&parent=123123"}],"wp:term":[{"taxonomy":"category","embeddable":true,"href":"https:\/\/diariodominicano.com\/index.php?rest_route=%2Fwp%2Fv2%2Fcategories&post=123123"},{"taxonomy":"post_tag","embeddable":true,"href":"https:\/\/diariodominicano.com\/index.php?rest_route=%2Fwp%2Fv2%2Ftags&post=123123"}],"curies":[{"name":"wp","href":"https:\/\/api.w.org\/{rel}","templated":true}]}}