{"id":123121,"date":"2007-06-20T10:28:46","date_gmt":"2007-06-20T10:28:46","guid":{"rendered":"http:\/\/diariodominicano.ddns.net\/?p=123121"},"modified":"2007-06-20T10:28:46","modified_gmt":"2007-06-20T10:28:46","slug":"inversionistas-aeronauticos-se-instalaran-en-el-pais-inversion-inicial-sera-de-us18-millones","status":"publish","type":"post","link":"https:\/\/diariodominicano.com\/?p=123121","title":{"rendered":"Inversionistas aeron\u00e1uticos se instalar\u00e1n en el pa\u00eds; inversi\u00f3n inicial ser\u00e1 de US$18 millones"},"content":{"rendered":"<p><body><\/p>\n<p align=\"justify\" class=\"titulogrande1\"><strong>Inversionistas aeron\u00e1uticos se instalar\u00e1n en el pa\u00eds; inversi\u00f3n inicial  ser\u00e1 de US$18 millones<\/strong><\/p>\n<p>&#13;<\/p>\n<p align=\"justify\" class=\"text1noticias\"><strong><img loading=\"lazy\" decoding=\"async\" src=\"http:\/\/localhost:8080\/economia\/pictures\/leonel desayuno sao paulo .jpg\" width=\"269\" height=\"416\" hspace=\"4\" align=\"left\" \/>El anuncio lo hizo el  empresario Eduardo Silva Costa, presidente del Grupo Sol Airlines, luego de  reunirse con el presidente Leonel Fern\u00e1ndez, en el hotel donde se hospeda en  esta ciudad brasile\u00f1a.<\/strong><\/p>\n<p>&#13;<\/p>\n<p align=\"justify\" class=\"text1noticias\"><strong>SAO PAULO, Brasil.-<\/strong> La Rep\u00fablica Dominicana  se convertir\u00e1 en el destino administrativo de un grupo de empresarios de la  industria de la aeron\u00e1utica civil y comercial de Brasil que se establecer\u00e1 en La Romana con una inversi\u00f3n  inicial de 18 millones de d\u00f3lares.<br \/>&#13;<br \/>\n  El anuncio lo hizo el  empresario Eduardo Silva Costa, presidente del Grupo Sol Airlines, luego de  reunirse con el presidente Leonel Fern\u00e1ndez, en el hotel donde se hospeda en esta  ciudad brasile\u00f1a.<br \/>&#13;<br \/>\n  <br \/>&#13;<br \/>\n  Terminado el  encuentro, Silva Costa explic\u00f3 que present\u00f3 al Jefe del Estado dominicano las  propuestas de inversi\u00f3n que tienen, las que permitir\u00e1n que la Rep\u00fablica Dominicana  se convierta en proveedora de rutas y conexiones de vuelos desde el Aeropuerto  Internacional de La Romana  hacia varios destinos del mundo.<br \/>&#13;<br \/>\n  <br \/>&#13;<br \/>\n  El empresario destac\u00f3\u00a0 que esa inversi\u00f3n est\u00e1 avalada bajo el  concepto de HUB, que significa Distribuci\u00f3n, Conexiones y Proveedoras de rutas.  Indic\u00f3 que entre los destinos se incluyen Curazao, Aruba, Caracas, Miami, Nueva  York, Sao Paulo, Brasil y Argentina.<br \/>&#13;<br \/>\n  <br \/>&#13;<br \/>\n  Adelant\u00f3 que el grupo  que representa est\u00e1 contemplando iniciar las operaciones entre los meses de  julio y agosto del presente a\u00f1o, con viajes charter desde Sao Paulo hacia el  aeropuerto internacional de La   Romana.<br \/>&#13;<br \/>\n  <br \/>&#13;<br \/>\n  Refiri\u00f3 que operar\u00e1n  bajo el nombre de Sol Dominicana Airlines, tras precisar que en una segunda  etapa ampliar\u00e1n sus rutas hacia los destinos tur\u00edsticos de B\u00e1varo y Punta Cana.<br \/>&#13;<br \/>\n  <br \/>&#13;<br \/>\n  Eduardo Silva Costa  se\u00f1al\u00f3 que su empresa tiene confianza en el potencial de desarrollo de la zona  del Caribe, espec\u00edficamente en la Rep\u00fablica Dominicana  para ejecutar este nuevo concepto de aeron\u00e1utica civil y comercial.<br \/>&#13;<br \/>\n  <br \/>&#13;<br \/>\n  Durante el encuentro  el Presidente estuvo acompa\u00f1ado del canciller dominicano Carlos Morales  Troncoso y el secretario Administrativo de la Presidencia, Luis  Manuel Bonetti, entre otros funcionarios.<\/p>\n<p>&#13;<\/p>\n<h6> 2007-06-20 10:28:46 <\/h6>\n<p><!--\n<link rel=\"stylesheet\" href=\"css\/bootstrap.min.css\">\n\n\n<ul class=\"pagination\">\n\t    \n\t\n\n<li >\n\t<a href='?page_no=29000'>Previous<\/a>\n\t<\/li>\n\n\n       \n    \n\n<li><a href='?page_no=1'>1<\/a><\/li>\n\n\n\n<li><a href='?page_no=2'>2<\/a><\/li>\n\n\n\n<li><a>...<\/a><\/li>\n\n\n\n<li><a href='?page_no=28999'>28999<\/a><\/li>\n\n\n\n<li><a href='?page_no=29000'>29000<\/a><\/li>\n\n\n\n<li class='active'><a>29001<\/a><\/li>\n\n\n\n<li><a href='?page_no=29002'>29002<\/a><\/li>\n\n\n\n<li><a href='?page_no=29003'>29003<\/a><\/li>\n\n\n\n<li><a>...<\/a><\/li>\n\n\n\n<li><a href='?page_no=30472'>30472<\/a><\/li>\n\n\n\n<li><a href='?page_no=30473'>30473<\/a><\/li>\n\n    \n\t\n\n<li >\n\t<a href='?page_no=29002'>Next<\/a>\n\t<\/li>\n\n\n    \n\n<li><a href='?page_no=30473'>Last &rsaquo;&rsaquo;<\/a><\/li>\n\n<\/ul>\n\n\n--><br \/>\n<\/body><\/p>\n","protected":false},"excerpt":{"rendered":"<p>Inversionistas aeron\u00e1uticos se instalar\u00e1n en el pa\u00eds; inversi\u00f3n inicial ser\u00e1 de US$18 millones &#13; El anuncio lo hizo el empresario Eduardo Silva Costa, presidente del Grupo Sol Airlines, luego de reunirse con el presidente Leonel Fern\u00e1ndez, en el hotel donde se hospeda en esta ciudad brasile\u00f1a. &#13; SAO PAULO, Brasil.- La Rep\u00fablica Dominicana se convertir\u00e1 [&hellip;]<\/p>\n","protected":false},"author":3,"featured_media":0,"comment_status":"open","ping_status":"open","sticky":false,"template":"","format":"standard","meta":{"footnotes":""},"categories":[18],"tags":[],"class_list":["post-123121","post","type-post","status-publish","format-standard","hentry","category-economia"],"_links":{"self":[{"href":"https:\/\/diariodominicano.com\/index.php?rest_route=\/wp\/v2\/posts\/123121","targetHints":{"allow":["GET"]}}],"collection":[{"href":"https:\/\/diariodominicano.com\/index.php?rest_route=\/wp\/v2\/posts"}],"about":[{"href":"https:\/\/diariodominicano.com\/index.php?rest_route=\/wp\/v2\/types\/post"}],"author":[{"embeddable":true,"href":"https:\/\/diariodominicano.com\/index.php?rest_route=\/wp\/v2\/users\/3"}],"replies":[{"embeddable":true,"href":"https:\/\/diariodominicano.com\/index.php?rest_route=%2Fwp%2Fv2%2Fcomments&post=123121"}],"version-history":[{"count":0,"href":"https:\/\/diariodominicano.com\/index.php?rest_route=\/wp\/v2\/posts\/123121\/revisions"}],"wp:attachment":[{"href":"https:\/\/diariodominicano.com\/index.php?rest_route=%2Fwp%2Fv2%2Fmedia&parent=123121"}],"wp:term":[{"taxonomy":"category","embeddable":true,"href":"https:\/\/diariodominicano.com\/index.php?rest_route=%2Fwp%2Fv2%2Fcategories&post=123121"},{"taxonomy":"post_tag","embeddable":true,"href":"https:\/\/diariodominicano.com\/index.php?rest_route=%2Fwp%2Fv2%2Ftags&post=123121"}],"curies":[{"name":"wp","href":"https:\/\/api.w.org\/{rel}","templated":true}]}}