{"id":123115,"date":"2007-06-21T10:43:35","date_gmt":"2007-06-21T10:43:35","guid":{"rendered":"http:\/\/diariodominicano.ddns.net\/?p=123115"},"modified":"2007-06-21T10:43:35","modified_gmt":"2007-06-21T10:43:35","slug":"valdez-albizu-afirma-economia-de-rd-entra-en-nueva-etapa","status":"publish","type":"post","link":"https:\/\/diariodominicano.com\/?p=123115","title":{"rendered":"Valdez Albizu afirma econom\u00eda de RD entra en nueva etapa"},"content":{"rendered":"<p><body><\/p>\n<p align=\"justify\" class=\"text1noticias\"><span class=\"titulogrande1\"><strong>Valdez Albizu afirma econom\u00eda de RD entra en nueva etapa <\/strong><\/span><br \/>&#13;<br \/>\n  <br \/>&#13;<br \/>\n    <img loading=\"lazy\" decoding=\"async\" src=\"http:\/\/localhost:8080\/economia\/pictures\/hector valdez.jpg\" width=\"163\" height=\"228\" hspace=\"4\" align=\"left\" \/>El Gobernador del Banco Central, \u00a0H\u00e9ctor Valdez Albizu, asegur\u00f3 \u00a0que el pa\u00eds ha iniciado una nueva etapa  econ\u00f3mica luego de su inserci\u00f3n en nuevos mercados a trav\u00e9s del Acuerdo de  Libre Comercio con Estados Unidos y Centroam\u00e9rica (DR-CAFTA), convenio que ser\u00e1  complementado\u00a0 con iniciativas comerciales del mismo tipo con Canad\u00e1 y  M\u00e9xico. <br \/>&#13;<br \/>\n  <br \/>&#13;<br \/>\n  Destac\u00f3 el proceso de  negociaci\u00f3n del acuerdo de Asociaci\u00f3n Econ\u00f3mica con la Uni\u00f3n Europea, cuya  conclusi\u00f3n se espera para el presente a\u00f1o.\u00a0 <br \/>&#13;<br \/>\n  <br \/>&#13;<br \/>\n  Valdez Albizu afirm\u00f3 que con estas iniciativas se consolida el proceso  de apertura de la econom\u00eda dominicana, una de las principales banderas  levantadas por el presidente Leonel Fern\u00e1ndez. <br \/>&#13;<br \/>\n  <br \/>&#13;<br \/>\n  El gobernador del Banco Central se expres\u00f3 de esta manera al pronunciar  las palabras de apertura en el encuentro \u201cServicios Financieros bajo el  DR-CAFTA\u201d, auspiciado por la   Agencia de los Estados Unidos para el Desarrollo (USAID), la C\u00e1mara Americana  de Comercio, la Secretar\u00eda  de Industria y Comercio y la   Direcci\u00f3n de Comercio Exterior. <br \/>&#13;<br \/>\n  <br \/>&#13;<br \/>\n  Refiri\u00e9ndose al reto que significa la apertura a nuevos mercados, Valdez  Albizu dijo que el \u00e9xito de esta experiencia depender\u00e1 de la manera en que unan  sus esfuerzos el sector p\u00fablico y el privado \u201cpara\u00a0 realizar las  transformaciones de nuestra base institucional, con el objetivo de contar con  los incentivos que faciliten las innovaciones necesarias para la producci\u00f3n de  m\u00e1s y mejores bienes y servicios en beneficio de la sociedad dominicana\u201d. <br \/>&#13;<br \/>\n  El gobernador del Banco Central sostuvo que el marco de integraci\u00f3n que  se deriva del DR-CAFTA, profundiza los beneficios atribuidos a la globalizaci\u00f3n  financiera, al estimular la competencia de los mercados financieros, lo que  favorece la reducci\u00f3n de los costos de la intermediaci\u00f3n financiera y facilita  la explotaci\u00f3n de econom\u00edas de escala. <br \/>&#13;<br \/>\n  <br \/>&#13;<br \/>\n  \u201cEl ejemplo paradigm\u00e1tico de integraci\u00f3n financiera es la zona euro,  donde se han reducido los costos de transacci\u00f3n y se ha mejorado la cobertura  de riesgos\u201d, indic\u00f3. <br \/>&#13;<br \/>\n  <br \/>&#13;<br \/>\n  Con relaci\u00f3n a los ajustes que debe hacer Rep\u00fablica Dominicana para  aprovechar al m\u00e1ximo estos acuerdos, Valdez Albizu ponder\u00f3 el Proyecto de  Modificaci\u00f3n de la Ley   Monetaria y Financiera No.183-02, recientemente entregado al  Congreso Nacional por el presidente \u00a0Fern\u00e1ndez, que busca fortalecer aun m\u00e1s el  marco legal del pa\u00eds, adecu\u00e1ndolo a las mejores pr\u00e1cticas internacionales en  materia monetaria y\u00a0 financiera. <br \/>&#13;<br \/>\n  <br \/>&#13;<br \/>\n  Dijo que con esta iniciativa se busca, adem\u00e1s, mejorar las bases  institucionales del sector financiero, incluyendo a los organismos reguladores  y supervisores de la Administraci\u00f3n Monetaria y Financiera. <br \/>&#13;<br \/>\n  <br \/>&#13;<br \/>\n\u00a0Record\u00f3 que el DR CAFTA proporciona un  entorno de seguridad jur\u00eddica favorable al intercambio comercial y a las  inversiones y que para obtener los mejores resultados se hace necesaria una  actitud\u00a0 proactiva por parte de aquellos que tenemos la responsabilidad de  garantizar las condiciones para que los agentes econ\u00f3micos interesados puedan  tener un mejor aprovechamiento de los beneficios de este acuerdo. \u00a0 <br \/>&#13;<br \/>\n<br \/>&#13;<br \/>\n\u201cEsta actitud proactiva debemos complementarla con el  mejoramiento de nuestra capacidad de adaptaci\u00f3n a un entorno comercial  particularmente din\u00e1mico como el que caracteriza a los servicios financieros,  matizado por instrumentos cada vez m\u00e1s complejos, tecnolog\u00edas y h\u00e1bitos de  consumos cambiantes, que llevan a las autoridades a perfeccionar y  actualizar\u00a0 sus estructuras y de responder a los retos inherentes a un  mercado en evoluci\u00f3n constante\u201d, se\u00f1al\u00f3 el  gobernador.\u00a0\u00a0\u00a0\u00a0\u00a0\u00a0\u00a0 <br \/>&#13;<br \/>\n<br \/>&#13;<br \/>\n\u00a0Llam\u00f3 a los participantes a que aprovechen al m\u00e1ximo la jornada,  evaluando los retos que deben ser abordados para capitalizar los beneficios que  potencialmente se deriven del DR-CAFTA, y priorizar y organizar una agenda de  trabajo para la implementaci\u00f3n oportuna y eficiente de los compromisos asumidos  en el sector financiero.\u00a0 <br \/>&#13;<br \/>\n<br \/>&#13;<br \/>\nEn la apertura del seminario, acompa\u00f1aron al gobernador \u00a0la  vicegobernadora del Banco Central, Clarissa de la Rocha de Torres; el subgerente  T\u00e9cnico Rolando Reyes; los asesores de la Gobernaci\u00f3n Olga  D\u00edaz y Julio Estrella; la directora del Departamento Internacional Ana Beatriz  Rodr\u00edguez, y Olga Morel de la Consultor\u00eda Jur\u00eddica. <\/p>\n<h6> 2007-06-21 10:43:35 <\/h6>\n<p><!--\n<link rel=\"stylesheet\" href=\"css\/bootstrap.min.css\">\n\n\n<ul class=\"pagination\">\n\t    \n\t\n\n<li >\n\t<a href='?page_no=28994'>Previous<\/a>\n\t<\/li>\n\n\n       \n    \n\n<li><a href='?page_no=1'>1<\/a><\/li>\n\n\n\n<li><a href='?page_no=2'>2<\/a><\/li>\n\n\n\n<li><a>...<\/a><\/li>\n\n\n\n<li><a href='?page_no=28993'>28993<\/a><\/li>\n\n\n\n<li><a href='?page_no=28994'>28994<\/a><\/li>\n\n\n\n<li class='active'><a>28995<\/a><\/li>\n\n\n\n<li><a href='?page_no=28996'>28996<\/a><\/li>\n\n\n\n<li><a href='?page_no=28997'>28997<\/a><\/li>\n\n\n\n<li><a>...<\/a><\/li>\n\n\n\n<li><a href='?page_no=30472'>30472<\/a><\/li>\n\n\n\n<li><a href='?page_no=30473'>30473<\/a><\/li>\n\n    \n\t\n\n<li >\n\t<a href='?page_no=28996'>Next<\/a>\n\t<\/li>\n\n\n    \n\n<li><a href='?page_no=30473'>Last &rsaquo;&rsaquo;<\/a><\/li>\n\n<\/ul>\n\n\n--><br \/>\n<\/body><\/p>\n","protected":false},"excerpt":{"rendered":"<p>Valdez Albizu afirma econom\u00eda de RD entra en nueva etapa &#13; &#13; El Gobernador del Banco Central, \u00a0H\u00e9ctor Valdez Albizu, asegur\u00f3 \u00a0que el pa\u00eds ha iniciado una nueva etapa econ\u00f3mica luego de su inserci\u00f3n en nuevos mercados a trav\u00e9s del Acuerdo de Libre Comercio con Estados Unidos y Centroam\u00e9rica (DR-CAFTA), convenio que ser\u00e1 complementado\u00a0 con [&hellip;]<\/p>\n","protected":false},"author":3,"featured_media":0,"comment_status":"open","ping_status":"open","sticky":false,"template":"","format":"standard","meta":{"footnotes":""},"categories":[18],"tags":[],"class_list":["post-123115","post","type-post","status-publish","format-standard","hentry","category-economia"],"_links":{"self":[{"href":"https:\/\/diariodominicano.com\/index.php?rest_route=\/wp\/v2\/posts\/123115","targetHints":{"allow":["GET"]}}],"collection":[{"href":"https:\/\/diariodominicano.com\/index.php?rest_route=\/wp\/v2\/posts"}],"about":[{"href":"https:\/\/diariodominicano.com\/index.php?rest_route=\/wp\/v2\/types\/post"}],"author":[{"embeddable":true,"href":"https:\/\/diariodominicano.com\/index.php?rest_route=\/wp\/v2\/users\/3"}],"replies":[{"embeddable":true,"href":"https:\/\/diariodominicano.com\/index.php?rest_route=%2Fwp%2Fv2%2Fcomments&post=123115"}],"version-history":[{"count":0,"href":"https:\/\/diariodominicano.com\/index.php?rest_route=\/wp\/v2\/posts\/123115\/revisions"}],"wp:attachment":[{"href":"https:\/\/diariodominicano.com\/index.php?rest_route=%2Fwp%2Fv2%2Fmedia&parent=123115"}],"wp:term":[{"taxonomy":"category","embeddable":true,"href":"https:\/\/diariodominicano.com\/index.php?rest_route=%2Fwp%2Fv2%2Fcategories&post=123115"},{"taxonomy":"post_tag","embeddable":true,"href":"https:\/\/diariodominicano.com\/index.php?rest_route=%2Fwp%2Fv2%2Ftags&post=123115"}],"curies":[{"name":"wp","href":"https:\/\/api.w.org\/{rel}","templated":true}]}}