{"id":123113,"date":"2007-06-21T16:50:04","date_gmt":"2007-06-21T16:50:04","guid":{"rendered":"http:\/\/diariodominicano.ddns.net\/?p=123113"},"modified":"2007-06-21T16:50:04","modified_gmt":"2007-06-21T16:50:04","slug":"leonel-y-lula-firman-protocolo-para-promover-la-produccion-de-biodiesel-a-partir-de-la-semilla-de-mamona","status":"publish","type":"post","link":"https:\/\/diariodominicano.com\/?p=123113","title":{"rendered":"Leonel y Lula firman protocolo para promover la producci\u00f3n de biodiesel, a partir de la semilla de mamona"},"content":{"rendered":"<p><body><\/p>\n<p align=\"justify\" class=\"titulogrande1\"><strong>Leonel y Lula firman  protocolo para promover la producci\u00f3n de biodiesel, a partir de la semilla de  mamona<\/strong><\/p>\n<p>&#13;<\/p>\n<p align=\"justify\"><strong>Brasilia<\/strong>.- <span class=\"text1noticias\">El presidente de Rep\u00fablica Dominicana, Leonel Fern\u00e1ndez,  suscribi\u00f3 \u00a0en Brasilia un protocolo de  intenciones con su par brasile\u00f1o Luiz Inacio Lula da Silva, destinado a  promover la producci\u00f3n de biodiesel a partir de semillas de mamona, una planta  oleaginosa. <br \/>&#13;<br \/>\n  <br \/>&#13;<br \/>\n  La visita de Estado realizada por Fern\u00e1ndez a Brasilia result\u00f3 adem\u00e1s en otro  acuerdo, relativo a promover asociaciones entre Rep\u00fablica Dominicana y Brasil  en el sector audiovisual. <br \/>&#13;<br \/>\n  <br \/>&#13;<br \/>\n  El mandatario brasile\u00f1o salud\u00f3 los acuerdos, y prometi\u00f3 fomentar una creciente  cooperaci\u00f3n con el pa\u00eds centroamericano: \u00abEmpresas e inversiones  brasile\u00f1as ya est\u00e1n ayudando a generar empleos y mejorar la infraestructura  imprescindible para la vitalidad econ\u00f3mica de Rep\u00fablica Domninicana\u00bb,  expres\u00f3. <br \/>&#13;<br \/>\n  <br \/>&#13;<br \/>\n  Seg\u00fan Lula, en ese pa\u00eds \u00abya est\u00e1 en marcha, con apoyo brasile\u00f1o, el  proyecto de adaptaci\u00f3n de la ca\u00f1a de az\u00facar local a la producci\u00f3n de  etanol\u00bb. <br \/>&#13;<br \/>\n  <br \/>&#13;<br \/>\n  El mandatario brasile\u00f1o agreg\u00f3 que esos programas representan una respuesta a  \u00ablos desaf\u00edos fundamentales del siglo XXI: encontrar alternativas  energ\u00e9ticas sostenibles y, al mismo tiempo, reducir los efectos del cambio  clim\u00e1tico y ofrecer oportunidad de empleo y renta\u00bb. <br \/>&#13;<br \/>\n  <br \/>&#13;<br \/>\n  Asimismo, Fern\u00e1ndez apunt\u00f3 los programas de combustibles alternativos como  importantes para frenar el proceso de calentamiento global, que \u00abnos  afecta a todos\u00bb y advirti\u00f3 que, de no detenerse el ritmo de deshielo en  los polos, la isla La   Espa\u00f1ola, que comparte su pa\u00eds con Hait\u00ed, \u00abest\u00e1  amenazada iento\u00bb. <br \/>&#13;<br \/>\n  <br \/>&#13;<br \/>\n  Durante la reuni\u00f3n de una hora que sostuvieron en Brasilia, Fern\u00e1ndez defendi\u00f3  un aumento del comercio bilateral y pidi\u00f3 m\u00e1s inversiones brasile\u00f1as en  Rep\u00fablica Dominicana. Lula, a su vez, asegur\u00f3 que Brasil se dispone a  intensificar las relaciones con el pa\u00eds centroamericano. <br \/>&#13;<br \/>\n  <br \/>&#13;<br \/>\n  Lula dijo que \u00abmuchas veces la forma de superar las tasas (de importaci\u00f3n)  que impone Estados Unidos a Brasil para comprar ciertos productos es  producirlos en pa\u00edses de Centroam\u00e9rica. Les pedir\u00e9 siempre a los empresarios  que no teman convertirse en transnacionales y buscar nuevos socios\u00bb. <br \/>&#13;<br \/>\n  <br \/>&#13;<br \/>\n  A\u00f1adi\u00f3 que \u00abestamos negociando proyectos en transportes urbanos e  investigaciones agropecuarias. En el campo de saneamiento, estamos construyendo  el acueducto de la   L\u00ednea Noroeste, la m\u00e1s grande obra hidr\u00e1ulica del Caribe, por  un valor de 150 millones de d\u00f3lares. Con ayuda brasile\u00f1a, se est\u00e1 creando un  banco de leche humana para garantizar la salud de las nuevas  generaciones\u00bb. <br \/>&#13;<br \/>\n  <br \/>&#13;<br \/>\n  Fern\u00e1ndez lleg\u00f3 \u00a0a Brasilia en el marco  de una gira de una semana por Brasil que ya lo llev\u00f3 a Salvador de Bah\u00eda, a Sao  Jos\u00e9 dos Campos -donde visit\u00f3 la f\u00e1brica de aviones Embraer- y a Sao Paulo,  donde se entrevist\u00f3 con empresarios en la sede de la poderosa Federaci\u00f3n de  Industrias del Estado de Sao Paulo (FIESP). <br \/>&#13;<br \/>\n  <br \/>&#13;<br \/>\n  Tras ser homenajeado por Lula con un almuerzo en el Palacio Itamaraty (sede de la Canciller\u00eda), el  mandatario dominicano realiz\u00f3 visitas protocolares al Congreso brasile\u00f1o y al  Supremo Tribunal Federal (STF). <br \/>&#13;<br \/>\n  <br \/>&#13;<br \/>\n  El presidente dominicano abandonar\u00e1 Brasilia hoy jueves, para seguir su gira  brasile\u00f1a con visitas a la capital del Estado de Minas GeraHorizonte, a R\u00edo de  Janeiro y a la ciudad amaz\u00f3nica de Manaos, desde donde viajar\u00e1 el s\u00e1bado  pr\u00f3ximo de regreso a Panam\u00e1.<\/span><\/p>\n<p>&#13;<\/p>\n<h6> 2007-06-21 16:50:04 <\/h6>\n<p><!--\n<link rel=\"stylesheet\" href=\"css\/bootstrap.min.css\">\n\n\n<ul class=\"pagination\">\n\t    \n\t\n\n<li >\n\t<a href='?page_no=28992'>Previous<\/a>\n\t<\/li>\n\n\n       \n    \n\n<li><a href='?page_no=1'>1<\/a><\/li>\n\n\n\n<li><a href='?page_no=2'>2<\/a><\/li>\n\n\n\n<li><a>...<\/a><\/li>\n\n\n\n<li><a href='?page_no=28991'>28991<\/a><\/li>\n\n\n\n<li><a href='?page_no=28992'>28992<\/a><\/li>\n\n\n\n<li class='active'><a>28993<\/a><\/li>\n\n\n\n<li><a href='?page_no=28994'>28994<\/a><\/li>\n\n\n\n<li><a href='?page_no=28995'>28995<\/a><\/li>\n\n\n\n<li><a>...<\/a><\/li>\n\n\n\n<li><a href='?page_no=30472'>30472<\/a><\/li>\n\n\n\n<li><a href='?page_no=30473'>30473<\/a><\/li>\n\n    \n\t\n\n<li >\n\t<a href='?page_no=28994'>Next<\/a>\n\t<\/li>\n\n\n    \n\n<li><a href='?page_no=30473'>Last &rsaquo;&rsaquo;<\/a><\/li>\n\n<\/ul>\n\n\n--><br \/>\n<\/body><\/p>\n","protected":false},"excerpt":{"rendered":"<p>Leonel y Lula firman protocolo para promover la producci\u00f3n de biodiesel, a partir de la semilla de mamona &#13; Brasilia.- El presidente de Rep\u00fablica Dominicana, Leonel Fern\u00e1ndez, suscribi\u00f3 \u00a0en Brasilia un protocolo de intenciones con su par brasile\u00f1o Luiz Inacio Lula da Silva, destinado a promover la producci\u00f3n de biodiesel a partir de semillas de [&hellip;]<\/p>\n","protected":false},"author":3,"featured_media":0,"comment_status":"open","ping_status":"open","sticky":false,"template":"","format":"standard","meta":{"footnotes":""},"categories":[18],"tags":[],"class_list":["post-123113","post","type-post","status-publish","format-standard","hentry","category-economia"],"_links":{"self":[{"href":"https:\/\/diariodominicano.com\/index.php?rest_route=\/wp\/v2\/posts\/123113","targetHints":{"allow":["GET"]}}],"collection":[{"href":"https:\/\/diariodominicano.com\/index.php?rest_route=\/wp\/v2\/posts"}],"about":[{"href":"https:\/\/diariodominicano.com\/index.php?rest_route=\/wp\/v2\/types\/post"}],"author":[{"embeddable":true,"href":"https:\/\/diariodominicano.com\/index.php?rest_route=\/wp\/v2\/users\/3"}],"replies":[{"embeddable":true,"href":"https:\/\/diariodominicano.com\/index.php?rest_route=%2Fwp%2Fv2%2Fcomments&post=123113"}],"version-history":[{"count":0,"href":"https:\/\/diariodominicano.com\/index.php?rest_route=\/wp\/v2\/posts\/123113\/revisions"}],"wp:attachment":[{"href":"https:\/\/diariodominicano.com\/index.php?rest_route=%2Fwp%2Fv2%2Fmedia&parent=123113"}],"wp:term":[{"taxonomy":"category","embeddable":true,"href":"https:\/\/diariodominicano.com\/index.php?rest_route=%2Fwp%2Fv2%2Fcategories&post=123113"},{"taxonomy":"post_tag","embeddable":true,"href":"https:\/\/diariodominicano.com\/index.php?rest_route=%2Fwp%2Fv2%2Ftags&post=123113"}],"curies":[{"name":"wp","href":"https:\/\/api.w.org\/{rel}","templated":true}]}}