{"id":123112,"date":"2007-06-21T16:52:06","date_gmt":"2007-06-21T16:52:06","guid":{"rendered":"http:\/\/diariodominicano.ddns.net\/?p=123112"},"modified":"2007-06-21T16:52:06","modified_gmt":"2007-06-21T16:52:06","slug":"presidente-fernandez-muestra-apoyo-por-la-conferencia-usa-dr-cafta-expo-a-celebrarse-en-el-hotel-gran-almirante-de-santiago","status":"publish","type":"post","link":"https:\/\/diariodominicano.com\/?p=123112","title":{"rendered":"Presidente Fern\u00e1ndez muestra apoyo por la Conferencia USA\/DR-CAFTA Expo a celebrarse en el  Hotel Gran Almirante de Santiago"},"content":{"rendered":"<p><body><\/p>\n<p align=\"justify\" class=\"titulogrande1\">Presidente Fern\u00e1ndez muestra  apoyo por la   Conferencia USA\/DR-CAFTA Expo a celebrarse en el \u00a0Hotel Gran Almirante de Santiago<\/p>\n<p>&#13;<\/p>\n<p><strong>Consejo Consultivo  presidencial de la Florida,  entregar\u00e1 reconocimiento a la   C\u00e1mara de Comercio Hispana.<\/strong><\/p>\n<p>&#13;<\/p>\n<p align=\"justify\"><strong>Miami, FL. \u2013 <\/strong><span class=\"text1noticias\">Lideres de la C\u00e1mara de Comercio Hispana  del Suroeste de la Florida  tuvieron la oportunidad de reunirse con el Presidente de la Rep\u00fablica Dominicana,\u00a0 Leonel Fern\u00e1ndez, en el Aeropuerto  Internacional de Miami el s\u00e1bado 14 de junio durante una visita breve que el  mandatario dominicano hizo en Miami en ruta a Brazil en una misi\u00f3n  gubernamental.<\/span><\/p>\n<p>&#13;<\/p>\n<p align=\"justify\" class=\"text1noticias\">Leonardo Garc\u00eda, Director  Ejecutivo de la C\u00e1mara  de Comercio Hispana del Suroeste de la Florida y \u00a0Rhina P\u00e9rez, Vicepresidente del Comit\u00e9 Internacional  de dicha organizaci\u00f3n, le informaron a Fern\u00e1ndez que la C\u00e1mara ya tenia cerca de  110 personas entre comercio y dignatarios que participar\u00e1n en dicha conferencia  a celebrarse en el hotel Gran Almirante de Santiago del 28 de junio al 1ero de  julio.<\/p>\n<p>&#13;<\/p>\n<p align=\"justify\" class=\"text1noticias\">Fern\u00e1ndez pidi\u00f3 al C\u00f3nsul General  dominicano en Miami,\u00a0 Manuel Almanzar, \u00a0colaborar con la C\u00e1mara de Comercio Hispana  para asegurar el \u00e9xito de la conferencia.\u00a0\u00a0  El c\u00f3nsul anuncio que de parte del Presidente, los dignatarios a  participar en dicho evento ser\u00e1n reconocidos por el Consulado General en Miami,  entre los reconocidos est\u00e1n el Senador de la Florida, Burt L. Saunders; Ricardo A. Rivera  Cardona, Secretario de Comercio de Puerto Rico; Isabelo \u201cChabelo\u201d Molina  Hern\u00e1ndez, Alcalde de Vega Alta Puerto Rico; Rene A. Salazar, Director  Administrativo de Tratados Comerciales de El Salvador, quienes viajaran a la Rep\u00fablica Dominicana  para asistir a la conferencia.<\/p>\n<p>&#13;<\/p>\n<p><strong>Consejo Consultivo entregar\u00e1 reconocimiento de parte  del Presidente Fern\u00e1ndez.<\/strong><\/p>\n<p>&#13;<\/p>\n<p align=\"justify\" class=\"text1noticias\">Por otra parte, Jos\u00e9 Zaiter,  Presidente del Consejo Consultivo de la Presidencia para Dominicanos en el Exterior  Florida, har\u00e1 un reconocimiento especial de parte del Presidente Fern\u00e1ndez, a la C\u00e1mara de Comercio Hispana  del Suroeste de la Florida  por los esfuerzos que hace esta organizaci\u00f3n promoviendo el tratado de libre  comercio USA\/DR-CAFTA.\u00a0 <\/p>\n<p>&#13;<\/p>\n<p align=\"justify\" class=\"text1noticias\">Zaiter y Ram\u00f3n Barros tambi\u00e9n  directivo del Consejo viajar\u00e1n a la Rep\u00fablica Dominicana  especialmente para hacer este reconocimiento el 28 de junio.<br \/>&#13;<br \/>\n  \u00a0<br \/>&#13;<br \/>\n  Adujo que el \u00e9xito del empresariado  dominicano en el tratado de libre comercio, es el \u00e9xito y la prosperidad del  pa\u00eds, \u201cConsider\u00f3, que el DR-CAFTA es un compromiso de todos\u201d <br \/>&#13;<br \/>\n  \u00a0<br \/>&#13;<br \/>\n  El pasado 9 de Junio, El  Consejo Consultivo y el Consejo de Competitividad firmaron un acuerdo conjunto  para impulsar el DR-CAFTA en el exterior, dicho convenio de cooperaci\u00f3n  compromete a las partes a impulsar el establecimiento de alianzas estrat\u00e9gicas  comerciales entre empresarios de origen dominicano radicados en el exterior y  productores nacionales,\u00a0 el Secretario de  Estado, Alejandro Santos expres\u00f3 que a partir de este convenio \u201cse inicia el  proceso para identificar el potencial comercial que existe entre los  empresarios dominicanos en el exterior para establecer una estrategia conjunta  de c\u00f3mo potencializar la comercializaci\u00f3n de los productos dominicanos\u201d. El  acuerdo fue firmado por Alejandro Santos y Andres Van der Horst Alvares quienes  dirigen ambas entidades.<\/p>\n<p>&#13;<\/p>\n<p align=\"justify\" class=\"text1noticias\">De igual forma, Ram\u00f3n Barros,  Director de RD Noticias, quien ha sido invitado a participar en la importante  conferencia, argument\u00f3 que la funci\u00f3n de las C\u00e1maras de Comercios es vital para  los intercambios fluidos entre los empresarios, apoy\u00f3 la fruct\u00edfera labor de la C\u00e1mara de Comercio Hispana  en favor de las relaciones comerciales entre RD y los Estados Unidos.<\/p>\n<p>&#13;<\/p>\n<p align=\"justify\" class=\"text1noticias\">Barros, dirige Commerce and  Economic Development, entidad que trabaja en apoyo log\u00edstico a los empresarios  dominicanos para radicarse en los Estados Unidos y aprovechar los incentivos y  ventajas del DR-CAFTA.<\/p>\n<p>&#13;<\/p>\n<h6> 2007-06-21 16:52:06 <\/h6>\n<p><!--\n<link rel=\"stylesheet\" href=\"css\/bootstrap.min.css\">\n\n\n<ul class=\"pagination\">\n\t    \n\t\n\n<li >\n\t<a href='?page_no=28991'>Previous<\/a>\n\t<\/li>\n\n\n       \n    \n\n<li><a href='?page_no=1'>1<\/a><\/li>\n\n\n\n<li><a href='?page_no=2'>2<\/a><\/li>\n\n\n\n<li><a>...<\/a><\/li>\n\n\n\n<li><a href='?page_no=28990'>28990<\/a><\/li>\n\n\n\n<li><a href='?page_no=28991'>28991<\/a><\/li>\n\n\n\n<li class='active'><a>28992<\/a><\/li>\n\n\n\n<li><a href='?page_no=28993'>28993<\/a><\/li>\n\n\n\n<li><a href='?page_no=28994'>28994<\/a><\/li>\n\n\n\n<li><a>...<\/a><\/li>\n\n\n\n<li><a href='?page_no=30472'>30472<\/a><\/li>\n\n\n\n<li><a href='?page_no=30473'>30473<\/a><\/li>\n\n    \n\t\n\n<li >\n\t<a href='?page_no=28993'>Next<\/a>\n\t<\/li>\n\n\n    \n\n<li><a href='?page_no=30473'>Last &rsaquo;&rsaquo;<\/a><\/li>\n\n<\/ul>\n\n\n--><br \/>\n<\/body><\/p>\n","protected":false},"excerpt":{"rendered":"<p>Presidente Fern\u00e1ndez muestra apoyo por la Conferencia USA\/DR-CAFTA Expo a celebrarse en el \u00a0Hotel Gran Almirante de Santiago &#13; Consejo Consultivo presidencial de la Florida, entregar\u00e1 reconocimiento a la C\u00e1mara de Comercio Hispana. &#13; Miami, FL. \u2013 Lideres de la C\u00e1mara de Comercio Hispana del Suroeste de la Florida tuvieron la oportunidad de reunirse con [&hellip;]<\/p>\n","protected":false},"author":3,"featured_media":0,"comment_status":"open","ping_status":"open","sticky":false,"template":"","format":"standard","meta":{"footnotes":""},"categories":[18],"tags":[],"class_list":["post-123112","post","type-post","status-publish","format-standard","hentry","category-economia"],"_links":{"self":[{"href":"https:\/\/diariodominicano.com\/index.php?rest_route=\/wp\/v2\/posts\/123112","targetHints":{"allow":["GET"]}}],"collection":[{"href":"https:\/\/diariodominicano.com\/index.php?rest_route=\/wp\/v2\/posts"}],"about":[{"href":"https:\/\/diariodominicano.com\/index.php?rest_route=\/wp\/v2\/types\/post"}],"author":[{"embeddable":true,"href":"https:\/\/diariodominicano.com\/index.php?rest_route=\/wp\/v2\/users\/3"}],"replies":[{"embeddable":true,"href":"https:\/\/diariodominicano.com\/index.php?rest_route=%2Fwp%2Fv2%2Fcomments&post=123112"}],"version-history":[{"count":0,"href":"https:\/\/diariodominicano.com\/index.php?rest_route=\/wp\/v2\/posts\/123112\/revisions"}],"wp:attachment":[{"href":"https:\/\/diariodominicano.com\/index.php?rest_route=%2Fwp%2Fv2%2Fmedia&parent=123112"}],"wp:term":[{"taxonomy":"category","embeddable":true,"href":"https:\/\/diariodominicano.com\/index.php?rest_route=%2Fwp%2Fv2%2Fcategories&post=123112"},{"taxonomy":"post_tag","embeddable":true,"href":"https:\/\/diariodominicano.com\/index.php?rest_route=%2Fwp%2Fv2%2Ftags&post=123112"}],"curies":[{"name":"wp","href":"https:\/\/api.w.org\/{rel}","templated":true}]}}