{"id":123109,"date":"2007-06-23T15:17:49","date_gmt":"2007-06-23T15:17:49","guid":{"rendered":"http:\/\/diariodominicano.ddns.net\/?p=123109"},"modified":"2007-06-23T15:17:49","modified_gmt":"2007-06-23T15:17:49","slug":"manifiestan-interes-en-invertir-en-rd","status":"publish","type":"post","link":"https:\/\/diariodominicano.com\/?p=123109","title":{"rendered":"Manifiestan inter\u00e9s en invertir en RD"},"content":{"rendered":"<p><body><\/p>\n<p align=\"justify\" class=\"text1noticias\"><strong class=\"titulogrande1\">Manifiestan inter\u00e9s en invertir en RD<\/strong><br \/>&#13;<br \/>\n  <br \/>&#13;<br \/>\n  <strong><img loading=\"lazy\" decoding=\"async\" src=\"http:\/\/localhost:8080\/economia\/pictures\/leonel brazil getulio vargas.jpg\" width=\"269\" height=\"367\" hspace=\"4\" align=\"left\" \/>RIO DE JANEIRO, Brasil.-<\/strong> Representantes de por lo\u00a0 menos 15  empresas brasile\u00f1as del \u00e1rea de la tecnolog\u00eda decidieron explorar las  posibilidades de invertir en la Rep\u00fablica Dominicana, ya sea a trav\u00e9s de  iniciativas individuales o mediante acuerdos de Joine Venture con empresas  locales, se anunci\u00f3 oficialmente ayer en esta ciudad.<br \/>&#13;<br \/>\n    <br \/>&#13;<br \/>\n  El director del Centro de Inversi\u00f3n y  Exportaci\u00f3n de la   Rep\u00fablica Dominicana, dijo que los empresarios se\u00a0  interesaron en las\u00a0 ventajas del Tratado de Libre Comercio con Estados  Unidos y Centroam\u00e9rica (DR-CAFTA).<br \/>&#13;<br \/>\n  <br \/>&#13;<br \/>\n  Eddy Mart\u00ednez dijo que se reuni\u00f3 con  varios de los empresarios al t\u00e9rmino de la visita que el Presidente Leonel  Fern\u00e1ndez realiz\u00f3 a la sede del Servicio Federal de Procesamiento de Datos  (SEPRO), en Brasilia, donde inform\u00f3 en detalles de los planes e incentivos que  est\u00e1 otorgando el gobierno dominicano para las empresas que incursionan en la  tecnolog\u00eda.<br \/>&#13;<br \/>\n  <br \/>&#13;<br \/>\n  El mandatario inform\u00f3 de la existencia  del Parque Tecnol\u00f3gico de Santo Domingo, as\u00ed como de los planes para instalar  otro similar en la ciudad de Santiago, en el norte del pa\u00eds. Tambi\u00e9n inform\u00f3 de  las alianzas que el gobierno est\u00e1 promoviendo con universidades de los Estados  Unidos para la formaci\u00f3n de ingenieros de sistemas y de otros profesionales  calificados con maestr\u00edas y PHD en diferentes \u00e1reas tecnol\u00f3gicas.<br \/>&#13;<br \/>\n  <br \/>&#13;<br \/>\n  Habl\u00f3 del programa de formaci\u00f3n de  j\u00f3venes en el idioma ingl\u00e9s, especialmente preparados para trabajar en los call  center, as\u00ed como del proceso de instalaci\u00f3n en el pa\u00eds de un corredor ecol\u00f3gico  que ha sido bautizado como el Nap del Caribe.<br \/>&#13;<br \/>\n  <br \/>&#13;<br \/>\n  Mart\u00ednez, de su lado, dijo que explic\u00f3 a  los empresarios brasile\u00f1os que Rep\u00fablica Dominicana ofrece grandes ventajas  para empresas interesadas en desarrollar programas en materia de software y  soluciones de tecnolog\u00eda de la informaci\u00f3n.<br \/>&#13;<br \/>\n  <br \/>&#13;<br \/>\n\u201cEllos mostraron muchos inter\u00e9s en  invertir en la   Rep\u00fablica Dominicana, especialmente porque podr\u00e1n exportar  estos productos tecnol\u00f3gicos libre de impuestos al mercado de los Estados Unidos,  cosa que no pueden hacer desde Brasil que no tiene acuerdos de libre comercio  con los Estados Unidos\u201d, destac\u00f3 Mart\u00ednez.<br \/>&#13;<br \/>\n<br \/>&#13;<br \/>\nMart\u00ednez estuvo acompa\u00f1ando al  presidente Fern\u00e1ndez durante su visita al SEPRO, una instituci\u00f3n comercial  p\u00fablica que cuenta con un programa de soluciones basado en tecnolog\u00eda de c\u00f3digo  abierto. Expres\u00f3 que algunos de los empresarios con los que se reuni\u00f3  anunciaron que est\u00e1n&#13;<br \/>\n  programando visitar Rep\u00fablica Dominicana\u00a0 a partir  del mes entrante para evaluar las posibilidades concretas de inversi\u00f3n.<br \/>&#13;<br \/>\n  <br \/>&#13;<br \/>\n  Estas inversiones, en los casos de que  se trate de iniciativas individuales de empresarios brasile\u00f1os o de Joine  Venture con empresas dominicanas, podr\u00edan ser financiadas por el Banco Nacional  de Desarrollo Econ\u00f3mico y Social (BNDES), de Brasil, destac\u00f3 Mart\u00ednez.<br \/>&#13;<br \/>\n  <br \/>&#13;<br \/>\n  El director del CEI-RD indic\u00f3 que en el  encuentro celebrado en Brasilia con estos potenciales inversionistas, el  presidente Fern\u00e1ndez plante\u00f3 que el Estado dominicano tiene que jugar el rol de  cliente de estas empresas en el \u00e1rea de tecnolog\u00eda de la informaci\u00f3n. En este  orden, se\u00f1al\u00f3 que el presidente Fern\u00e1ndez ha planteado que estas empresas  brasile\u00f1as deber\u00e1n asociarse a sus similares dominicanas cuando decidan  instalarse en el pa\u00eds.<br \/>&#13;<br \/>\n  <br \/>&#13;<br \/>\n  <strong>\u00a0REGRESA HOY<\/strong> <br \/>&#13;<br \/>\n  <br \/>&#13;<br \/>\n  El Presidente Leonel Fern\u00e1ndez retornar\u00e1  hoy s\u00e1bado a su pa\u00eds tras una intensa gira de ocho d\u00edas en la que visit\u00f3 siete  ciudades brasile\u00f1as y en la cual llam\u00f3 a los empresarios brasile\u00f1os para que  aprovechen las ventajas que ofrece Rep\u00fablica Dominicana en t\u00e9rminos de  exportaciones a Estados Unidos.<br \/>&#13;<br \/>\n  <br \/>&#13;<br \/>\n  Fern\u00e1ndez inici\u00f3 el s\u00e1bado pasado su  visita a Brasil por la costera ciudad de Salvador Bah\u00eda, desde donde sigui\u00f3  hacia Sao Paulo, San Jos\u00e9 Dos Campos, la capital Brasilia, R\u00edo de Janeiro, Belo  Horizonte y finalmente Manaus, desde donde iniciar\u00e1 esta tarde su regreso a la Rep\u00fablica Dominicana  tras cumplir algunos compromisos de agenda.<br \/>&#13;<br \/>\n  <br \/>&#13;<br \/>\n  <span class=\"textopq0\">Hoy<\/span><\/p>\n<h6> 2007-06-23 15:17:49 <\/h6>\n<p><!--\n<link rel=\"stylesheet\" href=\"css\/bootstrap.min.css\">\n\n\n<ul class=\"pagination\">\n\t    \n\t\n\n<li >\n\t<a href='?page_no=28988'>Previous<\/a>\n\t<\/li>\n\n\n       \n    \n\n<li><a href='?page_no=1'>1<\/a><\/li>\n\n\n\n<li><a href='?page_no=2'>2<\/a><\/li>\n\n\n\n<li><a>...<\/a><\/li>\n\n\n\n<li><a href='?page_no=28987'>28987<\/a><\/li>\n\n\n\n<li><a href='?page_no=28988'>28988<\/a><\/li>\n\n\n\n<li class='active'><a>28989<\/a><\/li>\n\n\n\n<li><a href='?page_no=28990'>28990<\/a><\/li>\n\n\n\n<li><a href='?page_no=28991'>28991<\/a><\/li>\n\n\n\n<li><a>...<\/a><\/li>\n\n\n\n<li><a href='?page_no=30472'>30472<\/a><\/li>\n\n\n\n<li><a href='?page_no=30473'>30473<\/a><\/li>\n\n    \n\t\n\n<li >\n\t<a href='?page_no=28990'>Next<\/a>\n\t<\/li>\n\n\n    \n\n<li><a href='?page_no=30473'>Last &rsaquo;&rsaquo;<\/a><\/li>\n\n<\/ul>\n\n\n--><br \/>\n<\/body><\/p>\n","protected":false},"excerpt":{"rendered":"<p>Manifiestan inter\u00e9s en invertir en RD&#13; &#13; RIO DE JANEIRO, Brasil.- Representantes de por lo\u00a0 menos 15 empresas brasile\u00f1as del \u00e1rea de la tecnolog\u00eda decidieron explorar las posibilidades de invertir en la Rep\u00fablica Dominicana, ya sea a trav\u00e9s de iniciativas individuales o mediante acuerdos de Joine Venture con empresas locales, se anunci\u00f3 oficialmente ayer en [&hellip;]<\/p>\n","protected":false},"author":3,"featured_media":0,"comment_status":"open","ping_status":"open","sticky":false,"template":"","format":"standard","meta":{"footnotes":""},"categories":[18],"tags":[],"class_list":["post-123109","post","type-post","status-publish","format-standard","hentry","category-economia"],"_links":{"self":[{"href":"https:\/\/diariodominicano.com\/index.php?rest_route=\/wp\/v2\/posts\/123109","targetHints":{"allow":["GET"]}}],"collection":[{"href":"https:\/\/diariodominicano.com\/index.php?rest_route=\/wp\/v2\/posts"}],"about":[{"href":"https:\/\/diariodominicano.com\/index.php?rest_route=\/wp\/v2\/types\/post"}],"author":[{"embeddable":true,"href":"https:\/\/diariodominicano.com\/index.php?rest_route=\/wp\/v2\/users\/3"}],"replies":[{"embeddable":true,"href":"https:\/\/diariodominicano.com\/index.php?rest_route=%2Fwp%2Fv2%2Fcomments&post=123109"}],"version-history":[{"count":0,"href":"https:\/\/diariodominicano.com\/index.php?rest_route=\/wp\/v2\/posts\/123109\/revisions"}],"wp:attachment":[{"href":"https:\/\/diariodominicano.com\/index.php?rest_route=%2Fwp%2Fv2%2Fmedia&parent=123109"}],"wp:term":[{"taxonomy":"category","embeddable":true,"href":"https:\/\/diariodominicano.com\/index.php?rest_route=%2Fwp%2Fv2%2Fcategories&post=123109"},{"taxonomy":"post_tag","embeddable":true,"href":"https:\/\/diariodominicano.com\/index.php?rest_route=%2Fwp%2Fv2%2Ftags&post=123109"}],"curies":[{"name":"wp","href":"https:\/\/api.w.org\/{rel}","templated":true}]}}